{"id":139445,"date":"2025-05-25T21:05:13","date_gmt":"2025-05-25T21:05:13","guid":{"rendered":"https:\/\/www.europesays.com\/de\/139445\/"},"modified":"2025-05-25T21:05:13","modified_gmt":"2025-05-25T21:05:13","slug":"berlin-verkehrsunfall-auf-der-oberbaumbruecke-verletzt-polizisten-regional","status":"publish","type":"post","link":"https:\/\/www.europesays.com\/de\/139445\/","title":{"rendered":"Berlin: Verkehrsunfall auf der Oberbaumbr\u00fccke verletzt Polizisten | Regional"},"content":{"rendered":"<p>Berlin \u2013 <b>Ein Autofahrer hat in der Nacht einen Polizisten auf der Oberbaumbr\u00fccke angefahren.<\/b><\/p>\n<p>Der Vorfall ereignete sich, als der 53-J\u00e4hrige gegen 0:35 Uhr die Br\u00fccke in Richtung Friedrichshain befuhr. <\/p>\n<p>Auch interessant<\/p>\n<p>Anzeige<\/p>\n<p>Auch interessant<\/p>\n<p>Anzeige<\/p>\n<p>Mehrere Polizisten \u00fcberquerten im Laufschritt die Stra\u00dfe, um bei einer Festnahme zu helfen. Trotz einer Gefahrenbremsung erfasste der Fahrer einen Beamten.<\/p>\n<p>Ein zuf\u00e4llig anwesender Arzt leistete sofort Erste Hilfe. Rettungskr\u00e4fte brachten den Polizisten mit einer Kopfverletzung ins Krankenhaus. Die Insassen des Pkw blieben unverletzt.<\/p>\n<p>F\u00fcr die Rettungsma\u00dfnahmen und die Unfallaufnahme blieb die Oberbaumbr\u00fccke etwa 30 Minuten gesperrt. <\/p>\n<p>Die Ermittlungen f\u00fchrt das Fachkommissariat f\u00fcr Verkehrsdelikte der Polizeidirektion 5 (City).<\/p>\n<p>Dieser Text basiert auf einer offiziellen Beh\u00f6rden-Information und wurde mit Hilfe von KI erstellt.<\/p>\n","protected":false},"excerpt":{"rendered":"Berlin \u2013 Ein Autofahrer hat in der Nacht einen Polizisten auf der Oberbaumbr\u00fccke angefahren. Der Vorfall ereignete sich,&hellip;\n","protected":false},"author":2,"featured_media":76198,"comment_status":"","ping_status":"","sticky":false,"template":"","format":"standard","meta":{"footnotes":""},"categories":[1825],"tags":[296,29,30,2509,121,45,2624],"class_list":{"0":"post-139445","1":"post","2":"type-post","3":"status-publish","4":"format-standard","5":"has-post-thumbnail","7":"category-berlin","8":"tag-berlin","9":"tag-deutschland","10":"tag-germany","11":"tag-ki-ots","12":"tag-polizei","13":"tag-texttospeech","14":"tag-unfaelle"},"share_on_mastodon":{"url":"https:\/\/pubeurope.com\/@de\/114570508555889582","error":""},"_links":{"self":[{"href":"https:\/\/www.europesays.com\/de\/wp-json\/wp\/v2\/posts\/139445","targetHints":{"allow":["GET"]}}],"collection":[{"href":"https:\/\/www.europesays.com\/de\/wp-json\/wp\/v2\/posts"}],"about":[{"href":"https:\/\/www.europesays.com\/de\/wp-json\/wp\/v2\/types\/post"}],"author":[{"embeddable":true,"href":"https:\/\/www.europesays.com\/de\/wp-json\/wp\/v2\/users\/2"}],"replies":[{"embeddable":true,"href":"https:\/\/www.europesays.com\/de\/wp-json\/wp\/v2\/comments?post=139445"}],"version-history":[{"count":0,"href":"https:\/\/www.europesays.com\/de\/wp-json\/wp\/v2\/posts\/139445\/revisions"}],"wp:featuredmedia":[{"embeddable":true,"href":"https:\/\/www.europesays.com\/de\/wp-json\/wp\/v2\/media\/76198"}],"wp:attachment":[{"href":"https:\/\/www.europesays.com\/de\/wp-json\/wp\/v2\/media?parent=139445"}],"wp:term":[{"taxonomy":"category","embeddable":true,"href":"https:\/\/www.europesays.com\/de\/wp-json\/wp\/v2\/categories?post=139445"},{"taxonomy":"post_tag","embeddable":true,"href":"https:\/\/www.europesays.com\/de\/wp-json\/wp\/v2\/tags?post=139445"}],"curies":[{"name":"wp","href":"https:\/\/api.w.org\/{rel}","templated":true}]}}