{"id":139492,"date":"2025-05-25T21:32:28","date_gmt":"2025-05-25T21:32:28","guid":{"rendered":"https:\/\/www.europesays.com\/de\/139492\/"},"modified":"2025-05-25T21:32:28","modified_gmt":"2025-05-25T21:32:28","slug":"startet-kelian-nsona-beim-letzten-anlauf-durch","status":"publish","type":"post","link":"https:\/\/www.europesays.com\/de\/139492\/","title":{"rendered":"Startet Kelian Nsona beim letzten Anlauf durch?"},"content":{"rendered":"<p>                <img fetchpriority=\"high\" decoding=\"async\" aria-describedby=\"caption-attachment-337143\" class=\"wp-image-337143 size-full\" src=\"https:\/\/www.europesays.com\/de\/wp-content\/uploads\/2025\/05\/imago1062213554.jpg\" alt=\"\u00a9 IMAGO \/ Contrast\" width=\"1600\" height=\"1004\"\/><\/p>\n<p id=\"caption-attachment-337143\" class=\"wp-caption-text\">Stefan Leitl will sich im Sommer selbst ein Bild von Kelian Nsona machen. \u00a9 IMAGO \/ Contrast<\/p>\n<p>Hertha BSC hat in den vergangenen Wochen bereits in vielfacher Hinsicht die Weichen f\u00fcr die kommende Saison gestellt, an deren Ende nach M\u00f6glichkeit die R\u00fcckkehr in die Bundesliga stehen soll. Mit Niklas Kolbe (SSV Ulm), Leon Jensen (Karlsruher SC) und Sebastian Gr\u00f6nning (FC Ingolstadt) hat die Alte Dame bereits drei Neuzug\u00e4nge pr\u00e4sentiert sowie mit Toni Leistner, Michael Cuisance und Fabian Reese wichtige Schl\u00fcsselspieler an sich binden k\u00f6nnen.<\/p>\n<p>Abgeschlossen sind die Kaderplanungen damit aber noch lange nicht, zumal mit Jonjoe Kenny (Ziel offen), Ibrahim Maza (Bayer Leverkusen) und Derry Scherhant (SC Freiburg) drei Stammkr\u00e4fte k\u00fcnftig nicht mehr dabei sind und erst noch ersetzt werden m\u00fcssen. Spekulationen um weitere Neuzug\u00e4nge wie Tommy St. Jago (Willem II Tilburg), Jonas Sterner (war von <a href=\"https:\/\/www.liga-zwei.de\/vereine\/holstein-kiel\/\" rel=\"nofollow noopener\" target=\"_blank\">Holstein Kiel<\/a> an Dynamo Dresden verliehen) oder <a href=\"https:\/\/www.liga-zwei.de\/hertha-bsc-mehrkampf-mit-duesseldorf-und-dem-ksc-um-fatih-kaya\/\" target=\"_blank\" rel=\"noopener nofollow\">Fatih Kaya (SV Wehen Wiesbaden)<\/a> kursieren.<\/p>\n<p>18 Scorer-Punkte f\u00fcr den FC Emmen<\/p>\n<p>Zum Start der Vorbereitung wird unterdessen aller Voraussicht nach auch ein bekanntes Gesicht wieder neu dabei sein. Wie der <a href=\"https:\/\/www.berliner-kurier.de\/berlin-sport\/hertha-bsc-traumsaison-in-holland-kelian-nsona-darf-zum-leitl-tuev-li.2327794\" target=\"_blank\" rel=\"noopener nofollow\">Berliner Kurier<\/a> berichtet, will sich Trainer Stefan Leitl im Sommer selbst ein Bild von Kelian Nsona machen, der Anfang 2022 von SM Caen nach Berlin geholt wurde, aber bislang kein einziges Pflichtspiel f\u00fcr die Hertha-Profis absolviert hat.<\/p>\n<p>Der 23 Jahre alte Franzose, der von mehreren Verletzungen zur\u00fcckgeworfen wurde, hat nun aber auf Leihbasis f\u00fcr den FC Emmen eine gute Saison gespielt, in 38 Eins\u00e4tzen der zweiten niederl\u00e4ndischen Liga nicht nur k\u00f6rperliche Stabilit\u00e4t erlangt, sondern auch 13 Tore erzielt und f\u00fcnf weitere vorbereitet.<\/p>\n<p>Ein Jahr vor seinem Vertragsende darf sich Nsona, der bevorzugt auf dem linken Fl\u00fcgel agiert, aber auch rechts und als zweite Spitze eingesetzt werden kann, deshalb noch einmal in Berlin beweisen. Reicht es f\u00fcr den schnellen und dribbelstarken Offensivmann auch unter Leitl nicht, d\u00fcrften sich die Wege aber noch in der Sommer-Transferperiode endg\u00fcltig trennen, denn eine erneute Leihe w\u00e4re wegen des auslaufenden Vertrages dann nicht mehr m\u00f6glich.<\/p>\n<p><img loading=\"lazy\" decoding=\"async\" src=\"https:\/\/www.europesays.com\/de\/wp-content\/uploads\/2025\/05\/cef8ea6dddec429a8c0577081bedb5f3.gif\" alt=\"&quot;\" width=\"1\" height=\"1\"\/><\/p>\n<p>Mehr News zum Club? Dann folge gerne auch unserer <a href=\"https:\/\/www.facebook.com\/profile.php?id=61554789571958\" target=\"_blank\" rel=\"noopener nofollow\">FCN-Seite auf Facebook<\/a>.<\/p>\n<p>                <img loading=\"lazy\" width=\"160\" height=\"170\" src=\"https:\/\/www.europesays.com\/de\/wp-content\/uploads\/2025\/05\/avatar_johannes_ketterl-283x300.png\" class=\"db grow\" alt=\"avatar johannes ketterl\" style=\"object-fit:contain; max-width: 80px;\" decoding=\"async\"  \/>            <\/p>\n","protected":false},"excerpt":{"rendered":"Stefan Leitl will sich im Sommer selbst ein Bild von Kelian Nsona machen. \u00a9 IMAGO \/ Contrast Hertha&hellip;\n","protected":false},"author":2,"featured_media":139493,"comment_status":"","ping_status":"","sticky":false,"template":"","format":"standard","meta":{"footnotes":""},"categories":[1844],"tags":[1634,3364,29,50741,30,1088,8903,50740],"class_list":{"0":"post-139492","1":"post","2":"type-post","3":"status-publish","4":"format-standard","5":"has-post-thumbnail","7":"category-karlsruhe","8":"tag-baden-wuerttemberg","9":"tag-de","10":"tag-deutschland","11":"tag-fc-emmen","12":"tag-germany","13":"tag-hertha-bsc","14":"tag-karlsruhe","15":"tag-kelian-nsona"},"share_on_mastodon":{"url":"https:\/\/pubeurope.com\/@de\/114570614967858970","error":""},"_links":{"self":[{"href":"https:\/\/www.europesays.com\/de\/wp-json\/wp\/v2\/posts\/139492","targetHints":{"allow":["GET"]}}],"collection":[{"href":"https:\/\/www.europesays.com\/de\/wp-json\/wp\/v2\/posts"}],"about":[{"href":"https:\/\/www.europesays.com\/de\/wp-json\/wp\/v2\/types\/post"}],"author":[{"embeddable":true,"href":"https:\/\/www.europesays.com\/de\/wp-json\/wp\/v2\/users\/2"}],"replies":[{"embeddable":true,"href":"https:\/\/www.europesays.com\/de\/wp-json\/wp\/v2\/comments?post=139492"}],"version-history":[{"count":0,"href":"https:\/\/www.europesays.com\/de\/wp-json\/wp\/v2\/posts\/139492\/revisions"}],"wp:featuredmedia":[{"embeddable":true,"href":"https:\/\/www.europesays.com\/de\/wp-json\/wp\/v2\/media\/139493"}],"wp:attachment":[{"href":"https:\/\/www.europesays.com\/de\/wp-json\/wp\/v2\/media?parent=139492"}],"wp:term":[{"taxonomy":"category","embeddable":true,"href":"https:\/\/www.europesays.com\/de\/wp-json\/wp\/v2\/categories?post=139492"},{"taxonomy":"post_tag","embeddable":true,"href":"https:\/\/www.europesays.com\/de\/wp-json\/wp\/v2\/tags?post=139492"}],"curies":[{"name":"wp","href":"https:\/\/api.w.org\/{rel}","templated":true}]}}