{"id":139578,"date":"2025-05-25T22:18:11","date_gmt":"2025-05-25T22:18:11","guid":{"rendered":"https:\/\/www.europesays.com\/de\/139578\/"},"modified":"2025-05-25T22:18:11","modified_gmt":"2025-05-25T22:18:11","slug":"empowerment-trifft-zukunftstrends-female-future-festival-muenchen-2025-zwischen-inspiration-debatte-und-dem-mut-zur-veraenderung-leadersnet","status":"publish","type":"post","link":"https:\/\/www.europesays.com\/de\/139578\/","title":{"rendered":"Empowerment trifft Zukunftstrends &#8211; Female Future Festival M\u00fcnchen 2025: Zwischen Inspiration, Debatte und dem Mut zur Ver\u00e4nderung \u00bb Leadersnet"},"content":{"rendered":"<p>\n\t\t\t|\u00a0Redaktion\u00a0\n\t\t<\/p>\n<p>\n\t\t|<br \/>\n\t\t\t\t\t25.05.2025\t\t\t<\/p>\n<p>&#8222;Unleash your potential&#8220; \u2013 das Motto war Programm: Am 22. Mai 2025 wurde das M\u00fcnchner Werksviertel-Mitte zur B\u00fchne f\u00fcr Female Empowerment, neue F\u00fchrungsans\u00e4tze, echte Begegnung und gesellschaftlichen Dialog. Das Female Future Festival, gegr\u00fcndet von Verena Eugster und Patricia Zupan-Eugster, z\u00e4hlt l\u00e4ngst zu den Leuchtturmveranstaltungen f\u00fcr berufliche und pers\u00f6nliche Transformation im deutschsprachigen Raum \u2013 und bewies auch 2025 eindrucksvoll, wie Ver\u00e4nderung beginnt.<\/p>\n<p><strong>Vielfalt, Tiefe und klare Haltungen<\/strong><\/p>\n<p>Die Besucher:innen erwartete ein Programm, das sich sehen lassen konnte: Mehr als 50 Speaker:innen, drei B\u00fchnen, interaktive Masterclasses, eine Expo-Area mit Markenpartnern wie EDEKA, ING Deutschland, KPMG, Lanc\u00f4me, Westwing oder Amex \u2013 sowie eine abschlie\u00dfende Afterparty mit der Band TANZCAFE. Neben Unternehmerinnen, Medienprofis und F\u00fchrungskr\u00e4ften standen prominente Stimmen wie Tijen Onaran, Frauke Ludowig oder Anastasia Barner auf der B\u00fchne. Ihre Botschaften: Klarheit zeigen, Profil entwickeln, f\u00fcr die eigenen Werte einstehen. Die Festivalgr\u00fcnderinnen Verena Eugster und Patricia Zupan-Eugster machten deutlich, dass es ihnen um weit mehr als ein Event geht \u2013 sie verstehen das Festival als Bewegung f\u00fcr gelebte Diversit\u00e4t, mutige Karrieren und faire Chancen.<\/p>\n<p>Zentraler Dreh- und Angelpunkt war die Mainstage in der TonHalle, wo Vordenker:innen \u00fcber Themen wie Diversit\u00e4t, Generationenwandel, K\u00fcnstliche Intelligenz und Female Leadership sprachen. Die &#8222;I love my job&#8220;-Stage in der Kranhalle bot emotionale Einblicke in Karrierewege \u2013 moderiert von der <strong>renommierten Journalistin Dagmar Zimmermann<\/strong> \u2013 w\u00e4hrend im 16. Stock des Adina Hotels Masterclasses mit Tiefgang stattfanden, etwa zu zyklussensiblem Arbeiten, Verkaufspsychologie oder skandinavischer F\u00fchrungskultur.<\/p>\n<p><strong>Highlights auf der B\u00fchne: Sichtbarkeit trifft auf Substanz<\/strong><\/p>\n<p>Einige der herausragenden Programmpunkte im \u00dcberblick:<\/p>\n<p><strong>Tijen Onaran<\/strong> mit ihrer Keynote \u201eZeig Profil\u201c: Wie Personal Branding, Networking und Rhetorik Frauen ins Rampenlicht bringen \u2013 souver\u00e4n und authentisch.<br \/><strong>Frauke Ludowig<\/strong> mit pers\u00f6nlichen Geschichten jenseits von Google: Von &#8222;Frikadellen-Frauke&#8220; in der Kindheit bis zur Medienikone \u2013 ein ehrlicher Blick hinter die Kulissen.<br \/><strong>Anastasia Barner<\/strong> lieferte mit \u201eGenZ(ukunft)\u201c einen Realit\u00e4tscheck zur Generation Z \u2013 inklusive Chancen f\u00fcr Arbeitgeber:innen.<br \/><strong>Verena Eugster &amp; Patricia Zupan-Eugster<\/strong> riefen zu aktiver Selbsterm\u00e4chtigung auf: \u201eUnleash Your Potential \u2013 Deine Zeit ist jetzt!\u201c<\/p>\n<p><strong>Politisches Schlaglicht: Zeitenwende, Handykritik und ein Appell<\/strong><\/p>\n<p>Ein stark diskutierter Programmpunkt war das Panel \u201eZeitenwende Deutschland \u2013 Wie gestalten wir den Wandel?\u201c mit Nena Brockhaus, Ricarda Lang und Julia Franziska Berghofer. <strong>Nena Brockhaus<\/strong> \u00e4u\u00dferte dabei deutliche<a href=\"https:\/\/www.linkedin.com\/posts\/nena-brockhaus-67a788a8_%F0%9D%90%83%F0%9D%90%9E%F0%9D%90%AB-%F0%9D%90%85%F0%9D%90%A2%F0%9D%90%AC%F0%9D%90%9C%F0%9D%90%A1-%F0%9D%90%AC%F0%9D%90%AD%F0%9D%90%A2%F0%9D%90%A7%F0%9D%90%A4%F0%9D%90%AD-%F0%9D%90%AF%F0%9D%90%A8%F0%9D%90%A6-%F0%9D%90%8A%F0%9D%90%A8%F0%9D%90%A9%F0%9D%90%9F-activity-7331632242739314688-i_u0?utm_source=share&amp;utm_medium=member_desktop&amp;rcm=ACoAACGQBrgB07YPgHQuP9R8C7QxEgwpSdwSOVw\" target=\"_blank\" rel=\"noopener\"> Kritik an der aktuellen Debattenkultur im Bundestag<\/a>:<\/p>\n<p>&#8222;Wie wollen wir die gro\u00dfen Herausforderungen unserer Zeit meistern, wenn schon im Parlament die Aufmerksamkeit fehlt? Zu oft sehe ich Abgeordnete, die w\u00e4hrend wichtiger Reden auf ihre Handys schauen.&#8220;<\/p>\n<p>Ihr Vorschlag: ein Handyverbot im Plenarsaal \u2013 f\u00fcr mehr Fokus, echte Auseinandersetzung und Vorbildfunktion.<\/p>\n<p><strong>Ricarda Lang<\/strong> pflichtete ihr bei und forderte mehr Ernsthaftigkeit in politischen Diskursen \u2013 nicht nur im Parlament, sondern auch im gesellschaftlichen Miteinander.<\/p>\n<p>Masterclasses mit Tiefgang: Vom Hamsterrad zur High Performance<br \/>In der Gold Lounge im Adina Hotel boten exklusive Masterclasses vertiefende Impulse. Highlights u.a.:<\/p>\n<ul>\n<li><strong>Anne-Katrin Petsch<\/strong>: &#8222;Happiness statt Hamsterrad&#8220; \u2013 Wie High Performerinnen zufrieden bleiben.<\/li>\n<li><strong>Ilse Munnikhof<\/strong> &amp; <strong>Melanie Spors<\/strong>: &#8222;Female Leadership in a Corporate Giant&#8220; \u2013 Zwei Wege, ein Ziel.<\/li>\n<li><strong>Jill Reinhardt<\/strong>: &#8222;Zyklussensibles Arbeiten \u2013 mehr Energie, weniger Stress.&#8220;<\/li>\n<li><strong>Eva Christensen<\/strong> gab zudem direkte Einblicke am Stand von Implement \u2013 inklusive Meet &amp; Greet.<\/li>\n<\/ul>\n<p><strong>Expo-Area &amp; Community: Marken, Mitmachformate &amp; Good Vibes<\/strong><\/p>\n<p>Zwischen Talks und Panels lud die Expo im Technikum-Foyer zum Austausch ein. Ob Selfie mit L\u00f6wen am ING-Stand, Beauty-Erlebnis bei Lanc\u00f4me, Erinnerungsfoto bei Westwing oder Goodies bei EDEKA \u2013 die Expo zeigte, dass wirtschaftliche Markenbotschaft und gesellschaftliches Engagement sich nicht ausschlie\u00dfen.<\/p>\n<p>Am EU-Parlamentsstand wurde Demokratie erlebbar gemacht: mit einer \u201eVideo-Demokratie-Bar\u201c und Gespr\u00e4chen \u00fcber Frauenrechte als Menschenrechte.<\/p>\n<p>Und danach? Drinks, Musik und ein Gef\u00fchl von Aufbruch<br \/>Ab 17.15 Uhr hie\u00df es: Tanzen, Netzwerken, Feiern. Mit Live-Musik der Band TANZCAFE, Cocktails und leuchtenden Gesichtern endete das Festival nicht, es ging nahtlos in den Community-Modus \u00fcber \u2013 ganz im Sinne der Gastgeberinnen: &#8222;Ein Tag f\u00fcr dich \u2013 deine Ziele, deine Stimme, dein Weg.&#8220;<\/p>\n<p><strong>Save the Date: Female Future Festival M\u00fcnchen 2026<\/strong><br \/>Die Erfolgsgeschichte geht weiter: Am 7. Mai 2026 kehrt das Female Future Festival ins Werksviertel-Mitte zur\u00fcck \u2013 mit noch mehr Power, Perspektiven und Potenzial.<\/p>\n<p>Weitere Impressionen vom <strong>Female Future Festival M\u00fcnchen 2025<\/strong> finden Sie in unserer <a href=\"https:\/\/www.leadersnet.de\/foto-galerie\/29138,female-future-festival-in-muenchen-2025.html\" target=\"_blank\" rel=\"noopener\">Fotogalerie.<\/a><\/p>\n","protected":false},"excerpt":{"rendered":"|\u00a0Redaktion\u00a0 | 25.05.2025 &#8222;Unleash your potential&#8220; \u2013 das Motto war Programm: Am 22. Mai 2025 wurde das M\u00fcnchner&hellip;\n","protected":false},"author":2,"featured_media":139579,"comment_status":"","ping_status":"","sticky":false,"template":"","format":"standard","meta":{"footnotes":""},"categories":[1827],"tags":[50801,772,29,50795,50800,30,1268,50797,50802,50799,50796,50798],"class_list":{"0":"post-139578","1":"post","2":"type-post","3":"status-publish","4":"format-standard","5":"has-post-thumbnail","7":"category-muenchen","8":"tag-anastasia-barner","9":"tag-bayern","10":"tag-deutschland","11":"tag-female-future-festival-muenchen-2025","12":"tag-frauke-ludowig","13":"tag-germany","14":"tag-muenchen","15":"tag-muenchner-werksviertel-mitte","16":"tag-nena-brockhaus","17":"tag-tijen-onaran","18":"tag-unleash-your-potential","19":"tag-verena-eugster-und-patricia-zupan-eugster"},"share_on_mastodon":{"url":"https:\/\/pubeurope.com\/@de\/114570795922219284","error":""},"_links":{"self":[{"href":"https:\/\/www.europesays.com\/de\/wp-json\/wp\/v2\/posts\/139578","targetHints":{"allow":["GET"]}}],"collection":[{"href":"https:\/\/www.europesays.com\/de\/wp-json\/wp\/v2\/posts"}],"about":[{"href":"https:\/\/www.europesays.com\/de\/wp-json\/wp\/v2\/types\/post"}],"author":[{"embeddable":true,"href":"https:\/\/www.europesays.com\/de\/wp-json\/wp\/v2\/users\/2"}],"replies":[{"embeddable":true,"href":"https:\/\/www.europesays.com\/de\/wp-json\/wp\/v2\/comments?post=139578"}],"version-history":[{"count":0,"href":"https:\/\/www.europesays.com\/de\/wp-json\/wp\/v2\/posts\/139578\/revisions"}],"wp:featuredmedia":[{"embeddable":true,"href":"https:\/\/www.europesays.com\/de\/wp-json\/wp\/v2\/media\/139579"}],"wp:attachment":[{"href":"https:\/\/www.europesays.com\/de\/wp-json\/wp\/v2\/media?parent=139578"}],"wp:term":[{"taxonomy":"category","embeddable":true,"href":"https:\/\/www.europesays.com\/de\/wp-json\/wp\/v2\/categories?post=139578"},{"taxonomy":"post_tag","embeddable":true,"href":"https:\/\/www.europesays.com\/de\/wp-json\/wp\/v2\/tags?post=139578"}],"curies":[{"name":"wp","href":"https:\/\/api.w.org\/{rel}","templated":true}]}}