{"id":139603,"date":"2025-05-25T22:31:12","date_gmt":"2025-05-25T22:31:12","guid":{"rendered":"https:\/\/www.europesays.com\/de\/139603\/"},"modified":"2025-05-25T22:31:12","modified_gmt":"2025-05-25T22:31:12","slug":"br-pop-radar-wettbewerb-wer-eroeffnet-das-heimatsound-festival-2025-bayern-2-radio","status":"publish","type":"post","link":"https:\/\/www.europesays.com\/de\/139603\/","title":{"rendered":"BR Pop Radar Wettbewerb: Wer er\u00f6ffnet das Heimatsound-Festival 2025? | Bayern 2 | Radio"},"content":{"rendered":"<p><img decoding=\"async\" alt=\"Auftritte von Isabella Streifeneder, die S\u00e4ngerin von &quot;Mola&quot;, und der Band &quot;Falschgeld&quot;, Publikum beim Heimatsound-Festival | Bild: BR\" title=\"Auftritte von Isabella Streifeneder, die S\u00e4ngerin von &quot;Mola&quot;, und der Band &quot;Falschgeld&quot;, Publikum beim Heimatsound-Festival | Bild: BR\" src=\"https:\/\/www.europesays.com\/de\/wp-content\/uploads\/2025\/05\/br-pop-radar-heimatsound-festival-100~_v-img__16__9__l_-1dc0e8f74459dd04c91a0d45af4972b9069f1135.jpg\"\/><\/p>\n<p class=\"copytext\">Auch dieses Jahr haben sich viele Bands sowie Solo-K\u00fcnstlerinnen und -K\u00fcnstler aus ganz Bayern beworben. In der Jury, die die f\u00fcnf Finalisten ausgew\u00e4hlt hat, waren die S\u00e4ngerin und Songwriterin Claudia Koreck, Eva Mair-Holmes vom Trikont-Musiklabel, Alexander Heger vom Musikhaus Kirstein aus Schongau sowie Mitarbeitende des BR.<\/p>\n<p>\nDie f\u00fcnf Finalistinnen und Finalisten\n<\/p>\n<p class=\"copytext\">Wer gewinnt, entscheiden jetzt Sie! Diese f\u00fcnf Finalistinnen und Finalisten stehen zur Wahl. Wer soll das Heimatsound-Festival er\u00f6ffnen, das am 8. und 9. August 2025 in Oberammergau stattfinden wird? Und wer abstimmt, hat die Chance, zwei Tickets f\u00fcr das Heimatsound Festival zu gewinnen!<\/p>\n<p>\nSarah Bugar aus Ebersberg mit \u201eI Have A Dream\u201c\n<\/p>\n<p class=\"copytext\">Mit ihrer mal zarten und mal kraftvollen Stimme will Sarah Bugar Br\u00fccken bauen: zwischen Stadt und Land, Alt und Jung und zwischen Tradition und Aufbruch. Daf\u00fcr hat sie ihre Folk-, Pop- und Rock-Songs in verschiedensten L\u00e4ndern Europas gespielt, aber auch daheim im Garten ein Mini-Festival organisiert \u2013 in Gsprait bei Ebersberg.<\/p>\n<p>[Indie Pop] Sarah Bugar &#8211; I Have a Dream Official Musik Video<\/p>\n<p>\nFraenko aus Neufraunhofen mit \u201eEgo\u201c\n<\/p>\n<p class=\"copytext\">Franzi Koller nutzt Soul, R\u2019n\u2019B und vor allem avantgardistischen HipHop, um ihre Emotionen auszudr\u00fccken, und um die Menschen mit ihren poetischen Texten genau dort zu erreichen, wo sie grade stehen. Mit ihren Produzenten und Weggef\u00e4hrten \u2013 darunter der renommierte Rapper Maniac \u2013 geh\u00f6rt sie zum Kern einer innovativen und zukunftsgewandten Musikszene in der Oberpfalz.<strong> <\/strong><\/p>\n<p>Fraenko &#8211; Ego feat. Maniac (Official Video)<\/p>\n<p class=\"copytext\"><strong>Gundalee aus Augsburg mit \u201eLast Days Of Summer\u201c<\/strong><\/p>\n<p class=\"copytext\">Mehrstimmiger Gesang, viel Dynamik und eine musikalische Sprache, die Genregrenzen \u00fcberschreitet: Gundalee aus Augsburg legen Wert darauf, dass ihr mal gef\u00fchlvoller, mal treibender Folk-Pop handgemacht ist. Sie suchen bei ihren Konzerten nach einer echten Verbindung zum Publikum \u2013 durch Energie, N\u00e4he und Interaktion.<\/p>\n<p>GUNDALEE &#8211; Last days of summer (Official Video)<\/p>\n<p>\nSchr\u00f6dingers Taube aus N\u00fcrnberg mit \u201eCiao Ciao\u201c\n<\/p>\n<p class=\"copytext\">Mit ihrem energetischen Mix aus Punk und Indie vermitteln die N\u00fcrnberger Gedanken und Gef\u00fchle zum ganz normalen Wahnsinn unserer Zeit. Die Songs \u00fcber Dystopie, Liebeskummer, Wut und Abschied d\u00fcrfen dabei durchaus tanzbar sein, denn der grunds\u00e4tzliche Spa\u00df am Leben ist intakt.<\/p>\n<p>Schr\u00f6dingers Taube \u2013 Ciao Ciao (Offizielles Musikvideo)<\/p>\n<p>\nTeils Teils aus Rosenheim mit \u201eSch\u00f6ner als Schlafen\u201c\n<\/p>\n<p class=\"copytext\">Eine vielversprechende Neuentdeckung aus dem Raum Rosenheim: Vier Freunde, die Texte zum Nachdenken und L\u00e4cheln schreiben und diese mit Melodien vertonen, die im Ged\u00e4chtnis bleiben. Gerade nehmen sie ihr Deb\u00fctalbum auf. Bei ihren Konzerten zeigen sie, dass Heimat da ist, wo das Herz im Takt schl\u00e4gt.<\/p>\n<p>Sch\u00f6ner als schlafen &#8211; Musikvideo<\/p>\n<p class=\"copytext\"><strong>\u00dcber den BR Pop Radar Wettbewerb:<\/strong><\/p>\n<p class=\"copytext\">Bayern 2 organisiert seit 2014 einen Wettbewerb f\u00fcr Musikerinnen und Musiker aus Bayern. Bis 2024 fand dieser unter dem Namen Heimatsound Wettbewerb statt, dieses Jahr tr\u00e4gt er den neuen Namen BR Pop Radar Wettbewerb. Unter der \u00dcberschrift \u201eBR Pop Radar \u2013 die beste neue Musik aus Bayern\u201c hat der Bayerische Rundfunk eine neue wellen\u00fcbergreifende Talentf\u00f6rderung f\u00fcr Popularmusik gestartet. T\u00e4glich werden in den Programmen die interessantesten neuen K\u00fcnstlerinnen, K\u00fcnstler und Bands aus Bayern vorgestellt \u2013 auch die Finalisten des diesj\u00e4hrigen BR Pop Radar Wettbewerbs. <\/p>\n<p class=\"copytext\">In der Vergangenheit haben an dem Wettbewerb Acts wie Dicht &amp; Ergreifend, Oimara, Die Nowak, Pam Pam Ida und Bruckner teilgenommen. Zu den Gewinnern geh\u00f6rten Falschgeld (2024), Widersacher aller Liedermacher (2021) und Buck Roger &amp; The Sidetrackers (2018). Unter bayern2.de konnten sie ihre Songs hochladen, um mit ihrer Musik, ihren Texten und ihren Biografien die Jury davon zu \u00fcberzeugen, dass sie zum Hier und Heute der bayerischen Pop-Musikszene geh\u00f6ren.<\/p>\n<p class=\"copytext\"><strong>Die Gewinnerinnen und Gewinner der vergangenen Jahre<\/strong><\/p>\n<p class=\"copytext\">2024: Falschgeld <br \/>2021: Widersacher aller Liedermacher<br \/>2019: Had\u00e9<br \/>2018: Buck Roger &amp; The Sidetrackers<br \/>2017: Liann<br \/>2016: Gamskampler<br \/>2015: Hundling und Paul Istance &amp; The Magic Mumble Jumble<br \/>2014: Dexico<\/p>\n","protected":false},"excerpt":{"rendered":"Auch dieses Jahr haben sich viele Bands sowie Solo-K\u00fcnstlerinnen und -K\u00fcnstler aus ganz Bayern beworben. In der Jury,&hellip;\n","protected":false},"author":2,"featured_media":139604,"comment_status":"","ping_status":"","sticky":false,"template":"","format":"standard","meta":{"footnotes":""},"categories":[1772],"tags":[29,214,30,1779,810,215],"class_list":{"0":"post-139603","1":"post","2":"type-post","3":"status-publish","4":"format-standard","5":"has-post-thumbnail","7":"category-musik","8":"tag-deutschland","9":"tag-entertainment","10":"tag-germany","11":"tag-music","12":"tag-musik","13":"tag-unterhaltung"},"share_on_mastodon":{"url":"https:\/\/pubeurope.com\/@de\/114570847440315783","error":""},"_links":{"self":[{"href":"https:\/\/www.europesays.com\/de\/wp-json\/wp\/v2\/posts\/139603","targetHints":{"allow":["GET"]}}],"collection":[{"href":"https:\/\/www.europesays.com\/de\/wp-json\/wp\/v2\/posts"}],"about":[{"href":"https:\/\/www.europesays.com\/de\/wp-json\/wp\/v2\/types\/post"}],"author":[{"embeddable":true,"href":"https:\/\/www.europesays.com\/de\/wp-json\/wp\/v2\/users\/2"}],"replies":[{"embeddable":true,"href":"https:\/\/www.europesays.com\/de\/wp-json\/wp\/v2\/comments?post=139603"}],"version-history":[{"count":0,"href":"https:\/\/www.europesays.com\/de\/wp-json\/wp\/v2\/posts\/139603\/revisions"}],"wp:featuredmedia":[{"embeddable":true,"href":"https:\/\/www.europesays.com\/de\/wp-json\/wp\/v2\/media\/139604"}],"wp:attachment":[{"href":"https:\/\/www.europesays.com\/de\/wp-json\/wp\/v2\/media?parent=139603"}],"wp:term":[{"taxonomy":"category","embeddable":true,"href":"https:\/\/www.europesays.com\/de\/wp-json\/wp\/v2\/categories?post=139603"},{"taxonomy":"post_tag","embeddable":true,"href":"https:\/\/www.europesays.com\/de\/wp-json\/wp\/v2\/tags?post=139603"}],"curies":[{"name":"wp","href":"https:\/\/api.w.org\/{rel}","templated":true}]}}