{"id":139793,"date":"2025-05-26T00:49:12","date_gmt":"2025-05-26T00:49:12","guid":{"rendered":"https:\/\/www.europesays.com\/de\/139793\/"},"modified":"2025-05-26T00:49:12","modified_gmt":"2025-05-26T00:49:12","slug":"sportfreunde-siegen-bietet-1-fc-gievenbeck-paroli-2","status":"publish","type":"post","link":"https:\/\/www.europesays.com\/de\/139793\/","title":{"rendered":"Sportfreunde Siegen bietet 1. FC Gievenbeck Paroli"},"content":{"rendered":"<p>                                Spielinfos:<br \/>\nDatum &amp; Uhrzeit: 25.05.2025 14.30 Uhr<br \/>Austragungsort: M\u00fcnster<br \/>Wettbewerb: Oberliga Westfalen<br \/>Spieltag: 37<\/p>\n<p>Spielbericht: 1. FC Gievenbeck gegen Sportfreunde Siegen 0:3 (0:2)<\/p>\n<p id=\"absatz2\" class=\"em_text\">M\u00fcnster. Dieses Duell d\u00fcrfte Gievenbeck-Trainer Steffen B\u00fcchter nicht begeistern: Im Spiel gegen Siegen muss sein Team sich vor 200 Zuschauern im eigenen Stadion 0:3 geschlagen geben.<\/p>\n<p id=\"absatz4\" class=\"em_text\">Das Match kommt nur schleppend in Schwung. Endlich, nach 29 Minuten erzielt Andre Dej den ersten Treffer und setzt die Gastgeber unter Druck. Das zweite Tor l\u00e4sst nicht lange auf sich warten: Diesmal setzt Arif G\u00fccl\u00fc das Leder ins Netz.<\/p>\n<p id=\"absatz5\" class=\"em_text\">Beide Teams wechseln in der zweiten Halbzeit nochmal aus. Kerolos Makkar wird eingesetzt f\u00fcr Daniel Geisler und David Isaak f\u00fcr Nils Heubrock. Auf der Gastseite verlassen Arif G\u00fccl\u00fc f\u00fcr Maurice Danielle Werlein und Hassan El Chaabi f\u00fcr Georfios Mavroudis den Platz.<\/p>\n<p id=\"absatz6\" class=\"em_text\">Das letzte Tor der Partie f\u00e4llt 30 Minuten nach Wiederanpfiff: Ohne Weiteres bef\u00f6rdert Shaibou Oubeyapwa den Ball mit Erfolg ins gegnerische Tor und kann den Abstand zum 0:3 festigen. Damit ist der Sieg der Siegener gesichert (75).<\/p>\n<p>Die Aufstellungen: 1. FC Gievenbeck &#8211; Sportfreunde Siegen<br \/>\nFC Gievenbeck: Marvin Holtmann (26), Nico Eschhaus (1), Nils Heubrock (10), Louis Elias Martin (7), Jonas Tepper (2), Julian Conze (27), Leo Scheipers (3), Daniel Geisler (17), Niklas Beil (12), Philip R\u00f6he (4), Gentrit Muja (34)<\/p>\n<p id=\"absatz7\" class=\"em_text\">Sportfreunde Siegen: Hassan El Chaabi (28), Jubes Mba Tibah Ticha (29), Arif G\u00fccl\u00fc (18), Rikuhei Nabesaka (30), Jannik Kr\u00e4mer (17), Leon Klu\u00dfmann (21), Derrick Kyere (11), Leon Pursian (6), Andre Dej (20), Malik Hodroj (23), Florian Mayer (42)<br \/>Schiedsrichter: Anna-Lena Weiss<\/p>\n<p id=\"absatz8\" class=\"em_text\">Assistent: Adrian Mazurkiewicz<\/p>\n<p id=\"absatz9\" class=\"em_text\">Assistent: Tim Schmidt<\/p>\n<p id=\"absatz10\" class=\"em_text\" style=\"font-size: .8em;\">Die Inhalte dieses Berichts wurden automatisch auf der Basis von DFB-Daten zusammengestellt.<\/p>\n","protected":false},"excerpt":{"rendered":"Spielinfos: Datum &amp; Uhrzeit: 25.05.2025 14.30 UhrAustragungsort: M\u00fcnsterWettbewerb: Oberliga WestfalenSpieltag: 37 Spielbericht: 1. FC Gievenbeck gegen Sportfreunde Siegen&hellip;\n","protected":false},"author":2,"featured_media":139218,"comment_status":"","ping_status":"","sticky":false,"template":"","format":"standard","meta":{"footnotes":""},"categories":[1843],"tags":[17783,50651,7763,50650,3364,29,5282,30,17786,50649,8405,734,7774,1613,8970,1209,12006,17965,17712,7773,7765,22973,25092,7764,8404],"class_list":{"0":"post-139793","1":"post","2":"type-post","3":"status-publish","4":"format-standard","5":"has-post-thumbnail","7":"category-muenster","8":"tag-1-fc-gievenbeck","9":"tag-andre-dej","10":"tag-austragungsort","11":"tag-daniel-geisler","12":"tag-de","13":"tag-deutschland","14":"tag-fuball","15":"tag-germany","16":"tag-gievenbeck","17":"tag-hassan-el-chaabi","18":"tag-mnster","19":"tag-meta_artikelklasse_nachricht","20":"tag-meta_themen_sport","21":"tag-meta_userneeds_informieremich","22":"tag-muenster","23":"tag-nordrhein-westfalen","24":"tag-oberliga","25":"tag-paroli","26":"tag-serie_ligaid_210198","27":"tag-serie_ligaid_all","28":"tag-spielinfo","29":"tag-sportfreunde-siegen","30":"tag-steffen-bchter","31":"tag-uhrzeit","32":"tag-westfalen"},"share_on_mastodon":{"url":"https:\/\/pubeurope.com\/@de\/114571389691425286","error":""},"_links":{"self":[{"href":"https:\/\/www.europesays.com\/de\/wp-json\/wp\/v2\/posts\/139793","targetHints":{"allow":["GET"]}}],"collection":[{"href":"https:\/\/www.europesays.com\/de\/wp-json\/wp\/v2\/posts"}],"about":[{"href":"https:\/\/www.europesays.com\/de\/wp-json\/wp\/v2\/types\/post"}],"author":[{"embeddable":true,"href":"https:\/\/www.europesays.com\/de\/wp-json\/wp\/v2\/users\/2"}],"replies":[{"embeddable":true,"href":"https:\/\/www.europesays.com\/de\/wp-json\/wp\/v2\/comments?post=139793"}],"version-history":[{"count":0,"href":"https:\/\/www.europesays.com\/de\/wp-json\/wp\/v2\/posts\/139793\/revisions"}],"wp:featuredmedia":[{"embeddable":true,"href":"https:\/\/www.europesays.com\/de\/wp-json\/wp\/v2\/media\/139218"}],"wp:attachment":[{"href":"https:\/\/www.europesays.com\/de\/wp-json\/wp\/v2\/media?parent=139793"}],"wp:term":[{"taxonomy":"category","embeddable":true,"href":"https:\/\/www.europesays.com\/de\/wp-json\/wp\/v2\/categories?post=139793"},{"taxonomy":"post_tag","embeddable":true,"href":"https:\/\/www.europesays.com\/de\/wp-json\/wp\/v2\/tags?post=139793"}],"curies":[{"name":"wp","href":"https:\/\/api.w.org\/{rel}","templated":true}]}}