{"id":139881,"date":"2025-05-26T01:45:08","date_gmt":"2025-05-26T01:45:08","guid":{"rendered":"https:\/\/www.europesays.com\/de\/139881\/"},"modified":"2025-05-26T01:45:08","modified_gmt":"2025-05-26T01:45:08","slug":"bares-fuer-rares-haendler-kauft-vor-20-jahren-raritaet-es-gibt-gewissheit","status":"publish","type":"post","link":"https:\/\/www.europesays.com\/de\/139881\/","title":{"rendered":"Bares f\u00fcr Rares: H\u00e4ndler kauft vor 20 Jahren Rarit\u00e4t \u2013 es gibt Gewissheit"},"content":{"rendered":"<p>In der ZDF-Sendung \u201eBares f\u00fcr Rares\u201c hat Kunsth\u00e4ndler Markus Wildhagen schon des \u00d6fteren bewiesen, dass er Ahnung von seinem Metier hat. Kein Wunder, schlie\u00dflich betreibt der D\u00fcsseldorfer bereits seit 1993 einen Antiquit\u00e4ten- und Kunsthandel inklusive Requisitenverleih in der Rheinmetropole.<\/p>\n<p>Jetzt stellt er seinen Fans etwas ganz Besonderes aus seinem Handel vor. Der \u201eBares f\u00fcr Rares\u201c-Star hat es schon seit 20 Jahren!<\/p>\n<p>\u201eBares f\u00fcr Rares\u201c: H\u00e4ndler kauft Rarit\u00e4t vor 20 Jahren<\/p>\n<p>Auf seinem Instagram-Account macht es Markus Wildhagen \u00f6ffentlich. Der 58-J\u00e4hrige zeigt seine alte Errungenschaft, die er vor zwei Jahrzehnten gekauft hat \u2013 eine Glasdecke, die aus Einzelteilen besteht. Jetzt herrscht Gewissheit, dass der ZDF-H\u00e4ndler immer noch im Besitz dieser Rarit\u00e4t ist und endlich bereit ist, sie zu verkaufen.<\/p>\n<p>\t\t\t\t\t\t\t\tInhalt von Instagram anzeigen\t\t\t\t\t\t\t\t\t\t\t\t\t\t\t<\/p>\n<p class=\"fd-embed-privacy-content-line1\">An dieser Stelle befindet sich ein externer Inhalt von Instagram der von unserer Redaktion empfohlen wird. Er erg\u00e4nzt den Artikel und kann mit einem Klick angezeigt und wieder ausgeblendet werden.<\/p>\n<p class=\"fd-embed-privacy-content-line2\">Ich bin damit einverstanden, dass mir dieser externe Inhalt angezeigt wird. Es k\u00f6nnen dabei personenbezogene Daten an den Anbieter des Inhalts und Drittdienste \u00fcbermittelt werden.<\/p>\n<p>\u201eDas ist eine wunderbare Glasdecke aus einer alten Metzgerei\u201c, verr\u00e4t Markus Wildhagen auf Social Media. \u201eDie ist leider nicht mehr komplett erhalten. Man kann sich das an die Wand oder Decke machen, dazu gibt es noch eine Leuchte.\u201c<\/p>\n<p>Und der Antiquit\u00e4tenliebhaber kl\u00e4rt seine Fans noch weiter auf: \u201eDas ist ein traumhaftes St\u00fcck, das ist alles hinter Glasmalerei. Das Ganze ist von 1924.\u201c Seine Follower springen auf den Zug auf und sind begeistert von dem Gl\u00fccksgriff, den Wildhagen vor 20 Jahren machte. Sie kommentieren bei Instagram:<\/p>\n<ul>\n<li>\u201eWow\u201c<\/li>\n<li>\u201eOh wie sch\u00f6n, vor allem die Blumenbilder\u201c<\/li>\n<li>\u201eTop, immer tolle Sachen\u201c<\/li>\n<li>\u201eWirklich sch\u00f6n\u201c<\/li>\n<li>\u201eGefallen mir sehr gut, sehr sch\u00f6ne St\u00fccke\u201c<\/li>\n<\/ul>\n<p>Jetzt hofft der \u201eBares f\u00fcr Rares\u201c-H\u00e4ndler, dass sich m\u00f6glichst viele Kunstinteressierte in seinem Verkaufsraum blicken lassen, immerhin gibt es dort noch viele weitere Fundst\u00fccke zu bestaunten. \u201eEin absolutes Highlight hier in D\u00fcsseldorf\u201c, beteuert Wildhagen, der nicht untertreibt. Sein Business-Modell gilt europaweit als eines der gr\u00f6\u00dften dieser Art.<\/p>\n<p>Und wer Markus Wildhagen nicht pers\u00f6nlich in D\u00fcsseldorf sehen kann, der kann montags bis freitags um 15 Uhr das ZDF einschalten. Dort l\u00e4uft immer \u201eBares f\u00fcr Rares\u201c mit dem H\u00e4ndler im TV.<\/p>\n","protected":false},"excerpt":{"rendered":"In der ZDF-Sendung \u201eBares f\u00fcr Rares\u201c hat Kunsth\u00e4ndler Markus Wildhagen schon des \u00d6fteren bewiesen, dass er Ahnung von&hellip;\n","protected":false},"author":2,"featured_media":139882,"comment_status":"","ping_status":"","sticky":false,"template":"","format":"standard","meta":{"footnotes":""},"categories":[1773],"tags":[2078,29,214,30,471,1780,215],"class_list":{"0":"post-139881","1":"post","2":"type-post","3":"status-publish","4":"format-standard","5":"has-post-thumbnail","7":"category-serien","8":"tag-bares-fuer-rares","9":"tag-deutschland","10":"tag-entertainment","11":"tag-germany","12":"tag-serien","13":"tag-series","14":"tag-unterhaltung"},"share_on_mastodon":{"url":"https:\/\/pubeurope.com\/@de\/114571609790883074","error":""},"_links":{"self":[{"href":"https:\/\/www.europesays.com\/de\/wp-json\/wp\/v2\/posts\/139881","targetHints":{"allow":["GET"]}}],"collection":[{"href":"https:\/\/www.europesays.com\/de\/wp-json\/wp\/v2\/posts"}],"about":[{"href":"https:\/\/www.europesays.com\/de\/wp-json\/wp\/v2\/types\/post"}],"author":[{"embeddable":true,"href":"https:\/\/www.europesays.com\/de\/wp-json\/wp\/v2\/users\/2"}],"replies":[{"embeddable":true,"href":"https:\/\/www.europesays.com\/de\/wp-json\/wp\/v2\/comments?post=139881"}],"version-history":[{"count":0,"href":"https:\/\/www.europesays.com\/de\/wp-json\/wp\/v2\/posts\/139881\/revisions"}],"wp:featuredmedia":[{"embeddable":true,"href":"https:\/\/www.europesays.com\/de\/wp-json\/wp\/v2\/media\/139882"}],"wp:attachment":[{"href":"https:\/\/www.europesays.com\/de\/wp-json\/wp\/v2\/media?parent=139881"}],"wp:term":[{"taxonomy":"category","embeddable":true,"href":"https:\/\/www.europesays.com\/de\/wp-json\/wp\/v2\/categories?post=139881"},{"taxonomy":"post_tag","embeddable":true,"href":"https:\/\/www.europesays.com\/de\/wp-json\/wp\/v2\/tags?post=139881"}],"curies":[{"name":"wp","href":"https:\/\/api.w.org\/{rel}","templated":true}]}}