{"id":140151,"date":"2025-05-26T04:24:14","date_gmt":"2025-05-26T04:24:14","guid":{"rendered":"https:\/\/www.europesays.com\/de\/140151\/"},"modified":"2025-05-26T04:24:14","modified_gmt":"2025-05-26T04:24:14","slug":"150-jahre-thomas-mann-auf-spurensuche-in-luebeck-ndr-de-kultur","status":"publish","type":"post","link":"https:\/\/www.europesays.com\/de\/140151\/","title":{"rendered":"150 Jahre Thomas Mann: Auf Spurensuche in L\u00fcbeck | NDR.de &#8211; Kultur"},"content":{"rendered":"<p>\nStand: 26.05.2025 06:00 Uhr\n<\/p>\n<p class=\"preface\">Thomas Mann w\u00e4re am 6. Juni 150 Jahre alt geworden. Geboren ist er in L\u00fcbeck und neben den &#8222;Buddenbrooks&#8220; hat er unter anderem auch den 1.000-seitigen Roman &#8222;<a href=\"https:\/\/www.ndr.de\/kultur\/buch\/100-Jahre-Der-Zauberberg-Wer-liest-Klassiker-heute-noch,werliestzauberberg100.html\" title=\"Zum Artikel: 100 Jahre &quot;Der Zauberberg&quot;: Wer liest den Klassiker heute noch?\" target=\"_blank\" rel=\"noopener\">Der Zauberberg<\/a>&#8220; geschrieben. Auch heute ist er noch sichtbar in L\u00fcbeck.<\/p>\n<p class=\"textauthor\">von <a href=\"https:\/\/www.ndr.de\/wellenord\/wir_ueber_uns\/ebener106.html\" target=\"_blank\" rel=\"noopener\">Linda Ebener<\/a><\/p>\n<p>Bei einem Spaziergang durch die L\u00fcbecker Innenstadt fallen nicht nur die kleinen Gassen und sch\u00f6nen hanseatischen Backsteinh\u00e4user auf, sondern beim genauen Hinsehen gibt es auch immer wieder Anspielungen auf Thomas Mann. Auch die L\u00fcbeckerinnen und L\u00fcbecker k\u00f6nnen mit dem Schriftsteller und Literaturnobelpreistr\u00e4ger etwas anfangen, der nicht nur ein bedeutender deutscher Autor war, sondern in der Hansestadt auch zur Schule gegangen, im Katharineum.<\/p>\n<p>Weitere Informationen<\/p>\n<p><img decoding=\"async\" src=\"https:\/\/www.europesays.com\/de\/wp-content\/uploads\/2025\/05\/thomasmann214_v-contentgross.jpg\" alt=\"Ein Mann mittleren Alters steht, die H\u00e4nde in die Hosentaschen, vor einer Flusslandschaft. Es ist der Autor Thomas Mann (Schwarz-Wei\u00df-Bild) 1953 bei einem Besuch Hamburgs. \u00a9 picture alliance \/ ASSOCIATED PRESS | BRUEGGEMAN Foto: BRUEGGEMAN\" title=\"Ein Mann mittleren Alters steht, die H\u00e4nde in die Hosentaschen, vor einer Flusslandschaft. Es ist der Autor Thomas Mann (Schwarz-Wei\u00df-Bild) 1953 bei einem Besuch Hamburgs.\" class=\"responsive\"\/><\/p>\n<p>\nVor 150 Jahren wurde der Autor der &#8222;Buddenbrooks&#8220; in L\u00fcbeck geboren. Der NDR feiert das Jubil\u00e4um in Radio, Fernsehen und online.<br \/>\n<a title=\"Zum Artikel: Thomas Mann: Vom skandal\u00f6sen Roman zum Nobelpreis\" href=\"https:\/\/www.ndr.de\/kultur\/buch\/150-Geburtstag-von-Thomas-Mann,thomasmann206.html\" class=\"cta \" target=\"_blank\" rel=\"noopener\">mehr<\/a>\n<\/p>\n<p>Buddenbrookhaus in L\u00fcbeck bis 2029 geschlossen<\/p>\n<p>In der Mengstra\u00dfe, mitten auf der Altstadtinsel, steht das Buddenbrookhaus. Eines der bekanntesten Museen in der Hansestadt. Davon schw\u00e4rmt auch eine Touristin, die extra deswegen nach L\u00fcbeck gereist ist. &#8222;Es ist schade, dass ich da nicht reindarf.&#8220; Caren Heuer, Leiterin des Buddenbrookhauses merkt die Entt\u00e4uschung der G\u00e4ste. Sie bekomme h\u00e4ufig Mails, in denen die Leute danach fragen, wann das Buddenbrookhaus wieder \u00f6ffnet. Das ist allerdings erst 2029. &#8222;Bei den G\u00e4sten, die nach L\u00fcbeck kommen und die jetzt h\u00e4ufig vor unserem geschlossenen Haus stehen, merkt man, was Thomas Mann f\u00fcr eine Bedeutung f\u00fcr L\u00fcbeck hat.&#8220; Alleine er sei schon ein Anlass, nach L\u00fcbeck zu reisen.<\/p>\n<p>Weitere Informationen<\/p>\n<p><img decoding=\"async\" src=\"https:\/\/www.europesays.com\/de\/wp-content\/uploads\/2025\/05\/museumstag274_v-contentgross.jpg\" alt=\"Screenshot \u00a9 NDR \" title=\"Screenshot\" class=\"responsive\"\/><\/p>\n<p>\nSanierungsstau, Digitalisierung, Kostenexplosion &#8211; die Museen im Land stehen vor gro\u00dfen Herausforderungen.<br \/>\n<a title=\"Zum Artikel: Museen in SH zwischen Besucherrekord und Sanierungsstau\" href=\"https:\/\/www.ndr.de\/kultur\/kunst\/schleswig-holstein\/Museen-in-SH-zwischen-Besucherrekord-und-Sanierungsstau,museumstag264.html\" class=\"cta \" target=\"_blank\" rel=\"noopener\">mehr<\/a>\n<\/p>\n<p>Literarischer Spaziergang zu Thomas Mann<\/p>\n<p><a href=\"https:\/\/www.europesays.com\/de\/wp-content\/uploads\/2025\/05\/buddenbrookhaus246_v-contentgross.jpg\" class=\"zoomimage\" title=\"Das Buddenbrookhaus in L\u00fcbeck soll voraussichtlich 2029 wieder \u00f6ffnen. \u00a9 Linda Ebener \/ NDR Foto: Linda Ebener \/ NDR\"><\/p>\n<p><img decoding=\"async\" src=\"https:\/\/www.europesays.com\/de\/wp-content\/uploads\/2025\/05\/buddenbrookhaus246_v-contentgross.jpg\" alt=\"Ein wei\u00dfes historisches Geb\u00e4ude vor dem ein Bauzaun steht. In den Fenstern ist ein Comic abgebildet. \u00a9 Linda Ebener \/ NDR Foto: Linda Ebener \/ NDR\" title=\"Ein wei\u00dfes historisches Geb\u00e4ude vor dem ein Bauzaun steht. In den Fenstern ist ein Comic abgebildet.\" class=\"responsive\"\/><\/p>\n<p><\/a><br \/>\nDas Buddenbrookhaus in L\u00fcbeck soll voraussichtlich 2029 wieder \u00f6ffnen.<\/p>\n<p>Wer genau hinsieht, entdeckt in L\u00fcbeck viele Verbindungen zu Thomas Mann. Der Spaziergang durch die Stadt kann zum Beispiel mit der App &#8222;Auf den Spuren der Buddenbrooks&#8220; fortgef\u00fchrt werden. Dar\u00fcber hinaus gibt es auch einen literarischen Spaziergang zum Schriftsteller. Da geht es unter anderem zum L\u00fcbecker Rathaus, in dem der Vater von Thomas Mann Finanzsenator gewesen war &#8211; der zweitm\u00e4chtigste Mann der Stadt.<\/p>\n<p>Gegen\u00fcber vom Rathaus befindet sich das Gesch\u00e4ft Niederegger. Auch dort wird an Thomas Mann erinnert, sagt Museumsleiterin Caren Heuer schmunzelnd. &#8222;Man kann Thomas Mann in Marzipan-Gestalt bewundern. Es gibt auch die Volksausgabe der Buddenbrooks und die Buddenbrookhaus-Fassade aus Marzipan.&#8220; Thomas Mann wird an vielen \u00fcberraschenden Orten sichtbar. &#8222;Es gibt zum Beispiel auch eine Buddenbrooks-Apotheke. Auch da sieht man Thomas Mann,&#8220; erz\u00e4hlt Heuer.<\/p>\n<p>Katharineum und Theater L\u00fcbeck erinnern an Thomas Mann<\/p>\n<p>Ein weiterer Thomas-Mann-Ort ist Heuers Lieblingsplatz. &#8222;Das Katharineum, also das altehrw\u00fcrdige Gymnasium, auf das Heinrich und Thomas Mann gegangen sind. Es ist kein Geheimnis, dass Thomas Mann die Schule gehasst hat. Er war ein unglaublich schlechter Sch\u00fcler, ist dreimal sitzen geblieben und hat die Schule ohne Abitur verlassen.&#8220; Heuer pl\u00e4diert daf\u00fcr, sich diese Schule anzuschauen. Vom Katharineum geht es weiter durch eine Seitenstra\u00dfe hinunter Richtung Trave. Auf dem Weg dorthin liegt das Theater: Ein wichtiger Ort im Leben Thomas Manns. Hier sei er das erste Mal mit Richard Wagner und Lohengrin konfrontiert worden, sagt Heuer.<\/p>\n<p>Weitere Informationen<\/p>\n<p><img decoding=\"async\" src=\"https:\/\/www.europesays.com\/de\/wp-content\/uploads\/2025\/05\/carenheuer100_v-contentgross.jpg\" alt=\"Caren Heuer, Leiterin des L\u00fcbecker Buddenbrookhauses \u00a9 Margret Witzke Foto: Margret Witzke\" title=\"Caren Heuer, Leiterin des L\u00fcbecker Buddenbrookhauses\" class=\"responsive\"\/><\/p>\n<p>\nCaren Heuer, die Leiterin des Buddenbrookhauses in L\u00fcbeck, erkl\u00e4rt im Interview, welche Bedeutung der Roman f\u00fcr Thomas Manns Karriere hatte.<br \/>\n<a title=\"Zum Artikel: &quot;&#039;Der Zauberberg&#039; hat Thomas Mann politisch rehabilitiert&quot;\" href=\"https:\/\/www.ndr.de\/kultur\/Der-Zauberberg-hat-Thomas-Mann-politisch-rehabilitiert,heuer208.html\" class=\"cta \" target=\"_blank\" rel=\"noopener\">mehr<\/a>\n<\/p>\n<p>L\u00fcbecker Herkunft pr\u00e4gt Thomas Mann<\/p>\n<p>Seine L\u00fcbecker Herkunft hat Thomas Mann entscheidend gepr\u00e4gt, vor allem literarisch. Das reicht vom gro\u00dfen Deb\u00fctroman &#8222;<a href=\"https:\/\/www.ndr.de\/fernsehen\/sendungen\/hamburg_journal\/Die-Buddenbrooks-Eine-Familiensaga-im-Ohnsorg-Theater,hamj157944.html\" title=\"Zum Video: Die &quot;Buddenbrooks \u2013 Eine Familiensaga&quot; im Ohnsorg Theater\" target=\"_blank\" rel=\"noopener\">Die Buddenbrooks<\/a>&#8220; bis hin zum Sp\u00e4twerk &#8222;Doktor Faustus&#8220;. Kurz vor seinem Tod bekam der Literaturnobelpreistr\u00e4ger au\u00dferdem die L\u00fcbecker Ehrenw\u00fcrde. Thomas Mann ist aus L\u00fcbeck einfach nicht wegzudenken.<\/p>\n<p>Bis das Buddenbrookhaus wieder er\u00f6ffnet, brauchen L\u00fcbecks Besucherinnen und Besucher noch Geduld. So lange kann Thomas Mann am Markt im Museumsshop bewundert werden oder ab dem 6. Juni im St. Annen-Museum. Dort wird, anl\u00e4sslich zu seinem 150. Geburtstag, die neue Ausstellung: &#8222;Meine Zeit. Thomas Mann und die Demokratie&#8220; gezeigt.<\/p>\n<p>Weitere Informationen<\/p>\n<p><img decoding=\"async\" src=\"https:\/\/www.europesays.com\/de\/wp-content\/uploads\/2025\/05\/thomasmann210_v-contentgross.jpg\" alt=\"Ein Mann ist \u00fcber ein Heft gebeugt in dem er schreibt \u00a9 picture alliance \/ Everett Collection \" title=\"Ein Mann ist \u00fcber ein Heft gebeugt in dem er schreibt\" class=\"responsive\"\/><\/p>\n<p>\nZum 150. Geburtstag von Thomas Mann gibt es viele neue B\u00fccher, vom Sachbuch \u00fcber eine Graphic Novel bis hin zum Krimi.<br \/>\n<a title=\"Zum Artikel: Sogar ein Fall f\u00fcr &quot;Die drei ???&quot;: Neue Literatur zum Mann-Geburtstag\" href=\"https:\/\/www.ndr.de\/kultur\/buch\/tipps\/Sogar-ein-Fall-fuer-Die-drei-Neue-Literatur-zum-Mann-Geburtstag,thomasmann208.html\" class=\"cta \" target=\"_blank\" rel=\"noopener\">mehr<\/a>\n<\/p>\n<p><img decoding=\"async\" src=\"https:\/\/www.europesays.com\/de\/wp-content\/uploads\/2025\/05\/buddenbrooks243_v-contentgross.jpg\" alt=\"Der Bucheinband der einb\u00e4ndigen Ausgabe von Thomas Manns &quot;Buddenbrooks&quot; 1903 \u00a9 Keystone\/ Th.- Mann-Archiv \" title=\"Der Bucheinband der einb\u00e4ndigen Ausgabe von Thomas Manns &quot;Buddenbrooks&quot; 1903\" class=\"responsive\"\/><\/p>\n<p>\nThomas Manns Roman erscheint 1901 und sorgt in L\u00fcbeck zun\u00e4chst f\u00fcr Unmut. Am 10. Dezember 1929 bekommt der Autor daf\u00fcr den Literaturnobelpreis.<br \/>\n<a title=\"Zum Artikel: Die &quot;Buddenbrooks&quot; - vom \u00c4rgernis zum Nobelpreis-Werk\" href=\"https:\/\/www.ndr.de\/geschichte\/chronologie\/Die-Buddenbrooks-vom-Aergernis-zum-Nobelpreis-Werk,buddenbrooks247.html\" class=\"cta \" target=\"_blank\" rel=\"noopener\">mehr<\/a>\n<\/p>\n<p><img decoding=\"async\" src=\"https:\/\/www.europesays.com\/de\/wp-content\/uploads\/2025\/05\/covermann116_v-contentgross.jpg\" alt=\"Buch-Cover: Das Thomas Mann House \u00a9 Wallstein Verlag \" title=\"Buch-Cover: Das Thomas Mann House\" class=\"responsive\"\/><\/p>\n<p>\nDer Bildband taucht tief hinein in das Leben der Manns im kalifornischen Exil. Hier wurde in h\u00f6chster Sorge um Deutschland und den Weltfrieden diskutiert.<br \/>\n<a title=\"Zum Artikel: &quot;Das Thomas Mann House&quot;: Rundgang durch den Exilwohnsitz der Familie Mann\" href=\"https:\/\/www.ndr.de\/kultur\/buch\/tipps\/Das-Thomas-Mann-House-Rundgang-durch-Exilwohnsitz-der-Familie-Mann,thomasmann180.html\" class=\"cta \" target=\"_blank\" rel=\"noopener\">mehr<\/a>\n<\/p>\n<p><img decoding=\"async\" src=\"https:\/\/www.europesays.com\/de\/wp-content\/uploads\/2025\/05\/coverholzer104_v-contentgross.jpg\" alt=\"Cover Ralf Kerstin Holzer, &quot;Thomas Mann macht Ferien\u201c \u00a9 Kiepenheuer &amp; Witsch \" title=\"Cover Ralf Kerstin Holzer, &quot;Thomas Mann macht Ferien\u201c\" class=\"responsive\"\/><\/p>\n<p>\nKerstin Holzer beschreibt in ihrem Buch einen ganz besonderen Familienurlaub der Familie Mann am Tegernsee im Jahr 1918.<br \/>\n<a title=\"Zum Artikel: Von Kinderlachen und Manuskripten: &quot;Thomas Mann macht Ferien&quot;\" href=\"https:\/\/www.ndr.de\/kultur\/buch\/tipps\/Von-Kinderlachen-und-Manuskripten-Thomas-Mann-macht-Ferien,holzer136.html\" class=\"cta \" target=\"_blank\" rel=\"noopener\">mehr<\/a>\n<\/p>\n<p><img decoding=\"async\" src=\"https:\/\/www.europesays.com\/de\/wp-content\/uploads\/2025\/05\/coverholzer100_v-contentgross.jpg\" alt=\"Buch-Cover: Kerstin Holzer - Monascella. Monika Mann und ihr Leben auf Capri \u00a9 dtv \" title=\"Buch-Cover: Kerstin Holzer - Monascella. Monika Mann und ihr Leben auf Capri\" class=\"responsive\"\/><\/p>\n<p>\nKerstin Holzer hat \u00fcber die weiblichste Vertreterin der gesamten Mann-Familie ein einf\u00fchlsames Portr\u00e4t geschrieben.<br \/>\n<a title=\"Zum Artikel: &quot;Monascella&quot;: Portr\u00e4t der ungeliebten Tochter von Katia und Thomas Mann\" href=\"https:\/\/www.ndr.de\/kultur\/buch\/tipps\/Monascella-Portraet-der-ungeliebten-Tochter-von-Katia-und-Thomas-Mann,holzer130.html\" class=\"cta \" target=\"_blank\" rel=\"noopener\">mehr<\/a>\n<\/p>\n<p>Dieses Thema im Programm:<\/p>\n<p>NDR Kultur |<br \/>\nDer Sonnabend |<br \/>\n24.05.2025 | 14:20 Uhr<\/p>\n<p><img decoding=\"async\" src=\"https:\/\/www.europesays.com\/de\/wp-content\/uploads\/2025\/03\/ndr_printlogo.gif\" alt=\"NDR Logo\" title=\"NDR Logo\"\/><\/p>\n","protected":false},"excerpt":{"rendered":"Stand: 26.05.2025 06:00 Uhr Thomas Mann w\u00e4re am 6. Juni 150 Jahre alt geworden. Geboren ist er in&hellip;\n","protected":false},"author":2,"featured_media":140152,"comment_status":"","ping_status":"","sticky":false,"template":"","format":"standard","meta":{"footnotes":""},"categories":[1774],"tags":[16899,1784,1785,50925,50927,50926,40927,29,214,30,50928,2858,2218,94,38194,215],"class_list":{"0":"post-140151","1":"post","2":"type-post","3":"status-publish","4":"format-standard","5":"has-post-thumbnail","7":"category-buecher","8":"tag-bedeutung","9":"tag-books","10":"tag-buecher","11":"tag-buddenbrookhaus","12":"tag-buddenbrooks","13":"tag-caren-heuer","14":"tag-der-zauberberg","15":"tag-deutschland","16":"tag-entertainment","17":"tag-germany","18":"tag-katharineum","19":"tag-luebeck","20":"tag-rathaus","21":"tag-theater","22":"tag-thomas-mann","23":"tag-unterhaltung"},"share_on_mastodon":{"url":"https:\/\/pubeurope.com\/@de\/114572235048572656","error":""},"_links":{"self":[{"href":"https:\/\/www.europesays.com\/de\/wp-json\/wp\/v2\/posts\/140151","targetHints":{"allow":["GET"]}}],"collection":[{"href":"https:\/\/www.europesays.com\/de\/wp-json\/wp\/v2\/posts"}],"about":[{"href":"https:\/\/www.europesays.com\/de\/wp-json\/wp\/v2\/types\/post"}],"author":[{"embeddable":true,"href":"https:\/\/www.europesays.com\/de\/wp-json\/wp\/v2\/users\/2"}],"replies":[{"embeddable":true,"href":"https:\/\/www.europesays.com\/de\/wp-json\/wp\/v2\/comments?post=140151"}],"version-history":[{"count":0,"href":"https:\/\/www.europesays.com\/de\/wp-json\/wp\/v2\/posts\/140151\/revisions"}],"wp:featuredmedia":[{"embeddable":true,"href":"https:\/\/www.europesays.com\/de\/wp-json\/wp\/v2\/media\/140152"}],"wp:attachment":[{"href":"https:\/\/www.europesays.com\/de\/wp-json\/wp\/v2\/media?parent=140151"}],"wp:term":[{"taxonomy":"category","embeddable":true,"href":"https:\/\/www.europesays.com\/de\/wp-json\/wp\/v2\/categories?post=140151"},{"taxonomy":"post_tag","embeddable":true,"href":"https:\/\/www.europesays.com\/de\/wp-json\/wp\/v2\/tags?post=140151"}],"curies":[{"name":"wp","href":"https:\/\/api.w.org\/{rel}","templated":true}]}}