{"id":140851,"date":"2025-05-26T10:58:12","date_gmt":"2025-05-26T10:58:12","guid":{"rendered":"https:\/\/www.europesays.com\/de\/140851\/"},"modified":"2025-05-26T10:58:12","modified_gmt":"2025-05-26T10:58:12","slug":"hamburg-wird-zum-schauplatz-fuer-militaeruebung-red-storm-bravo","status":"publish","type":"post","link":"https:\/\/www.europesays.com\/de\/140851\/","title":{"rendered":"Hamburg wird zum Schauplatz f\u00fcr Milit\u00e4r\u00fcbung &#8222;Red Storm Bravo&#8220;"},"content":{"rendered":"<p>&#8222;Red Storm Bravo&#8220; <\/p>\n<p>Bundeswehr-Gro\u00dfman\u00f6ver mitten in der Stadt \u2013 das ist geplant<\/p>\n<p>Aktualisiert am 26.05.2025 &#8211; 14:35 UhrLesedauer: 2 Min.<\/p>\n<p><a href=\"#focus-0\" class=\"transition-colors duration-200 focus-within:text-magenta block text-current relative\" data-sctrack=\"FocusGalleryImage.Reference\"><img fetchpriority=\"high\" data-testid=\"Opener.Image\" style=\"--lqipURL:url('https:\/\/images.t-online.de\/2025\/05\/spX1y8Uu5u7O\/53x172:3455x1944\/fit-in\/150x0\/filters:blur(25)\/red-storm-alpha-dritter-und-letzter-tag-der-bundeswehruebung-am-3-tag-28-092024-in-hamburg-der-bundeswehruebung-manoever-wurden-heute-nochmals-personen-und-fahrzeugkontrollen-von-den-soldaten-geuebt-hh-deutschland-red-storm-alpha-third-party-and-last-day-the-bundeswehr-exercise-on-3-day-28-09-2024-in-hamburg-the-bundeswehr-exercise-manoeuvres-were-today-again-people-and-vehicle-inspections-from-the-soldiers-practiced-hh-germany.jpg')\"   loading=\"eager\" src=\"https:\/\/www.europesays.com\/de\/wp-content\/uploads\/2025\/05\/red-storm-alpha-dritter-und-letzter-tag-der-bundeswehruebung-am-3-tag-28-092024-in-hamburg-der-bunde.jpeg\" alt=\"imago images 0804009258\" title=\"imago images 0804009258\" width=\"3455\" height=\"1944\" class=\"bg-[url:var(--lqipURL)] bg-cover bg-center flex w-full max-w-full h-full\" decoding=\"async\"\/><img style=\"--width:32;--height:32\" loading=\"lazy\" src=\"https:\/\/www.europesays.com\/de\/wp-content\/uploads\/2025\/04\/1743617728_477_zoom-in.f7dae02f.svg.svg+xml\" alt=\"Vergr\u00f6\u00dfern des Bildes\" title=\"Vergr\u00f6\u00dfern des Bildes\" class=\"&#10;        block&#10;        h-[calc(var(--height)_\/_16_*_1rem)]&#10;        w-[calc(var(--width)_\/_16_*_1rem)]&#10;        max-w-none&#10;        absolute bottom-8 right-8 rounded-4 bg-snow p-8\" decoding=\"async\"\/><\/a><\/p>\n<p>Ein gepanzertes Bundeswehrfahrzeug bei &#8222;Red Storm Alpha&#8220; im Hamburger Hafen 2024 (Archivbild): Die Folge\u00fcbung &#8222;Red Storm Bravo&#8220; ist f\u00fcr Ende September 2025 geplant. (Quelle: IMAGO\/imago)<\/p>\n<p>Vorlesen<a rel=\"nofollow noopener\" target=\"_blank\" class=\"transition-colors duration-200 cursor-pointer text-inherit no-underline text-black bg-whitelilac rounded-8 grid items-center group py-[6px] px-8 text-12 hover:bg-magenta hover:text-whitelilac gap-8 grid-cols-[min-content_34px] hover:dark:text-salemsfur\" href=\"https:\/\/news.google.com\/publications\/CAAqBwgKMKv5nQswvIO2Aw\" aria-label=\"Auf Google News folgen\">News folgen<\/a><img style=\"--width:16;--height:16\" loading=\"lazy\" src=\"https:\/\/www.europesays.com\/de\/wp-content\/uploads\/2025\/04\/1744181492_728_sharing-menu-icon.1eb71368.svg.svg+xml\" alt=\"Teilen Menu auf machen\" title=\"Teilen Menu auf machen\" class=\"&#10;        block&#10;        h-[calc(var(--height)_\/_16_*_1rem)]&#10;        w-[calc(var(--width)_\/_16_*_1rem)]&#10;        max-w-none&#10;        group-hover:invert group-hover:grayscale group-hover:contrast-200 dark:group-hover:invert dark:contrast-200 dark:grayscale dark:invert\" decoding=\"async\"\/>Artikel teilen<\/p>\n<p class=\"font-bold text-18 leading-17\">Hamburg wird erneut zum Schauplatz einer gro\u00dfangelegten Milit\u00e4r\u00fcbung. Was hinter &#8222;Red Storm Bravo&#8220; steckt \u2013 und warum der Ernstfall im Hafen und der City geprobt wird.<\/p>\n<p class=\"text-18 leading-17\">Hamburg wird Ende September 2025 zur Kulisse f\u00fcr das Bundeswehr-Man\u00f6ver &#8222;Red Storm Bravo&#8220;: rund 500 Soldaten, zivile Einsatzkr\u00e4fte und Unternehmen proben gemeinsam den Verteidigungsfall in der Hansestadt.<\/p>\n<p class=\"text-18 leading-17\">Bei der Verteidigungs\u00fcbung &#8222;Red Storm Bravo&#8220; trainiert das Landeskommando Hamburg im Hafen und in Teilen der Innenstadt mit Polizei, Feuerwehr, THW, Airbus und der Hamburg Port Authority. Geprobt wird, wie Truppen- und Materialbewegungen im Ernstfall durch die Stadt koordiniert werden k\u00f6nnen.<\/p>\n<p>Nato-Ernstfall: Krisenszenario im Baltikum<\/p>\n<p class=\"text-18 leading-17\">Die \u00dcbung basiert auf einem Nato-Szenario, bei dem Deutschland zur logistischen Drehscheibe Richtung Osteuropa werden k\u00f6nnte. Hamburg und vor allem der Hafen als zentraler Umschlagplatz f\u00fcr Truppen und Ger\u00e4t spielen dabei eine Schl\u00fcsselrolle.<\/p>\n<p class=\"text-18 leading-17\">Hintergrund der \u00dcbung ist ein m\u00f6gliches Krisenszenario im Baltikum. Sollte es an der Nato-Ostgrenze ernst und ein Nato-Partner angegriffen werden, m\u00fcsste Deutschland schnell reagieren \u2013 und auch in Hamburg m\u00fcssten die Griffe sitzen.<\/p>\n<p class=\"text-18 leading-17\">Ziel ist es, die Abl\u00e4ufe bei der Zusammenarbeit von Bundeswehr, Beh\u00f6rden und Unternehmen zu testen und abzustimmen, inklusive realistisch simulierten Zwischenf\u00e4llen wie zahlreichen Verletzten oder einer St\u00f6rung der Kommunikationsnetze.<\/p>\n<p>Soldaten, Fahrzeuge und Hubschrauber<\/p>\n<p class=\"text-18 leading-17\">Rund 400 Soldatinnen und Soldaten werden beteiligt sein, dazu kommen zivile Einsatzkr\u00e4fte von Feuerwehr, THW, Polizei und verschiedenen Hamburger Unternehmen. Auch gepanzerte Fahrzeuge, Lkw und Hubschrauber sind f\u00fcr die \u00dcbung eingeplant.<\/p>\n<p class=\"text-18 leading-17\">Tags\u00fcber kann es w\u00e4hrend der \u00dcbung zu Flugl\u00e4rm durch Hubschrauber kommen, w\u00e4hrend in den N\u00e4chten Milit\u00e4rkolonnen durch die Stadt rollen. Eine Einsatzzentrale soll im Hamburger Westen in der Reichspr\u00e4sident-Ebert-Kaserne in Iserbrook eingerichtet werden.<\/p>\n<p>Beteiligte zivile Institutionen<\/p>\n<p class=\"pt-8 text-14 md:pt-8 leading-17\">Neben Einheiten der Bundeswehr werden auch zivile Unternehmen und Beh\u00f6rden an der \u00dcbung beteiligt sein, darunter: Airbus, Blohm &amp; Voss, HHLA, HPA, Beh\u00f6rde f\u00fcr Inneres und Sport, THW, Polizei, Feuerwehr, Agentur f\u00fcr Arbeit<\/p>\n<p>Szenario mit geopolitischem Hintergrund<\/p>\n<p class=\"text-18 leading-17\">&#8222;Sollte Russland beabsichtigen, die NATO zu testen, wird Deutschland zur zentralen europ\u00e4ischen Drehscheibe f\u00fcr die Verlegung von Truppen und Material an die Ostflanke des B\u00fcndnisgebietes. Der milit\u00e4rische &#8218;Operationsplan Deutschland&#8216; regelt, was dann zu tun ist,&#8220; sagte Kapit\u00e4n zur See Kurt Leonards vom Landeskommando Hamburg.<\/p>\n<p class=\"text-18 leading-17\">Er betont auch, dass Verteidigung und Resilienz gesamtgesellschaftliche Aufgaben seien. Deshalb nehmen neben milit\u00e4rischen Einheiten auch Institutionen wie die Agentur f\u00fcr Arbeit und Unternehmen wie Airbus teil.<\/p>\n<p class=\"text-18 leading-17\">&#8222;Red Storm Bravo&#8220; ist die <a class=\"transition-colors duration-200 cursor-pointer text-inherit no-underline text-salemsfur md:hover:text-magenta md:hover:border-magenta md:focus:text-magenta border-current border-b border-solid break-words\" href=\"https:\/\/hamburg.t-online.de\/region\/hamburg\/id_100496478\/hamburg-hafen-bundeswehr-uebt-krisenfall-militaeruebung-red-storm-alpha-.html\" data-sctrack=\"BodyAnchor\" rel=\"nofollow noopener\" target=\"_blank\">Fortsetzung der \u00dcbung &#8222;Red Storm Alpha&#8220;, die 2024 im Hamburger Hafen stattfand<\/a>.<\/p>\n<p>Information f\u00fcr die Anwohner<\/p>\n<p class=\"text-18 leading-17\">Um die Hamburger Bev\u00f6lkerung fr\u00fchzeitig vorzubereiten, wird die \u00dcbung von einer breiten Informationskampagne begleitet. Schon ab Juni informieren Internetseiten, soziale Medien und Hinweise entlang der geplanten Fahrtrouten \u00fcber m\u00f6gliche Beeintr\u00e4chtigungen.<\/p>\n<p class=\"text-18 leading-17\">Neben dem konkreten Ablauf der \u00dcbung sollen die Ma\u00dfnahmen auch das Bewusstsein f\u00fcr zivile Krisenvorsorge und milit\u00e4rische Verteidigungsf\u00e4higkeit st\u00e4rken. Ein Stadtbild mit Milit\u00e4rfahrzeugen, n\u00e4chtlichen Kolonnen und Hubschraubern mag ungewohnt wirken \u2013 doch genau das ist Teil des Plans: den Ernstfall zu proben, bevor er Realit\u00e4t wird.<\/p>\n","protected":false},"excerpt":{"rendered":"&#8222;Red Storm Bravo&#8220; Bundeswehr-Gro\u00dfman\u00f6ver mitten in der Stadt \u2013 das ist geplant Aktualisiert am 26.05.2025 &#8211; 14:35 UhrLesedauer:&hellip;\n","protected":false},"author":2,"featured_media":140852,"comment_status":"","ping_status":"","sticky":false,"template":"","format":"standard","meta":{"footnotes":""},"categories":[1826],"tags":[722,33287,10235,685,51097,29,11391,985,30,692,21476,1989,2954,51098,51096,121,51095,7540],"class_list":{"0":"post-140851","1":"post","2":"type-post","3":"status-publish","4":"format-standard","5":"has-post-thumbnail","7":"category-hamburg","8":"tag-722","9":"tag-airbus-s-a-s","10":"tag-bundesagentur-fuer-arbeit","11":"tag-bundeswehr","12":"tag-bundeswehrfahrzeug","13":"tag-deutschland","14":"tag-ernstfall","15":"tag-feuerwehr","16":"tag-germany","17":"tag-hamburg","18":"tag-hamburg-port-authority","19":"tag-hamburger-hafen","20":"tag-hubschrauber","21":"tag-landeskommando","22":"tag-militaeruebung","23":"tag-polizei","24":"tag-storm-bravo","25":"tag-thw"},"share_on_mastodon":{"url":"https:\/\/pubeurope.com\/@de\/114573784121374340","error":""},"_links":{"self":[{"href":"https:\/\/www.europesays.com\/de\/wp-json\/wp\/v2\/posts\/140851","targetHints":{"allow":["GET"]}}],"collection":[{"href":"https:\/\/www.europesays.com\/de\/wp-json\/wp\/v2\/posts"}],"about":[{"href":"https:\/\/www.europesays.com\/de\/wp-json\/wp\/v2\/types\/post"}],"author":[{"embeddable":true,"href":"https:\/\/www.europesays.com\/de\/wp-json\/wp\/v2\/users\/2"}],"replies":[{"embeddable":true,"href":"https:\/\/www.europesays.com\/de\/wp-json\/wp\/v2\/comments?post=140851"}],"version-history":[{"count":0,"href":"https:\/\/www.europesays.com\/de\/wp-json\/wp\/v2\/posts\/140851\/revisions"}],"wp:featuredmedia":[{"embeddable":true,"href":"https:\/\/www.europesays.com\/de\/wp-json\/wp\/v2\/media\/140852"}],"wp:attachment":[{"href":"https:\/\/www.europesays.com\/de\/wp-json\/wp\/v2\/media?parent=140851"}],"wp:term":[{"taxonomy":"category","embeddable":true,"href":"https:\/\/www.europesays.com\/de\/wp-json\/wp\/v2\/categories?post=140851"},{"taxonomy":"post_tag","embeddable":true,"href":"https:\/\/www.europesays.com\/de\/wp-json\/wp\/v2\/tags?post=140851"}],"curies":[{"name":"wp","href":"https:\/\/api.w.org\/{rel}","templated":true}]}}