{"id":141030,"date":"2025-05-26T12:37:08","date_gmt":"2025-05-26T12:37:08","guid":{"rendered":"https:\/\/www.europesays.com\/de\/141030\/"},"modified":"2025-05-26T12:37:08","modified_gmt":"2025-05-26T12:37:08","slug":"virologe-streeck-wird-neuer-drogenbeauftragter-der-bundesregierung","status":"publish","type":"post","link":"https:\/\/www.europesays.com\/de\/141030\/","title":{"rendered":"Virologe Streeck wird neuer Drogenbeauftragter der Bundesregierung"},"content":{"rendered":"<p class=\"metatextline\">Stand: 26.05.2025 13:43 Uhr<\/p>\n<p class=\"textabsatz columns twelve  m-ten  m-offset-one l-eight l-offset-two\">\n        <strong>Bekannt wurde der Bonner Virologe Streeck w\u00e4hrend der Corona-Pandemie: Damals setzte er sich eher f\u00fcr Gebote als Verbote ein. Nach ARD-Informationen soll er neuer Drogenbeauftragter der Bundesregierung werden.<\/strong>\n    <\/p>\n<p class=\"textabsatz m-ten m-offset-one l-eight l-offset-two columns twelve\">\nDer Virologe und CDU-Bundestagsabgeordnete Hendrik Streeck soll neuer Drogenbeauftragter der Bundesregierung werden. Das erfuhr das ARD-Hauptstadtstudio aus Regierungskreisen. Zuvor hatte das <a href=\"https:\/\/www.rnd.de\/politik\/hendrik-streeck-soll-neuer-drogenbeauftragter-werden-7JEC6SWEERAEZDFUWNWO2SMV3U.html\" title=\"RND-Bericht zu Streeck\" class=\"textlink--extern js-link-dialog\" rel=\"noopener noreferrer\" target=\"_blank\" data-type=\"external\">Redaktionsnetzwerk Deutschland<\/a> dar\u00fcber berichtet.<\/p>\n<p class=\"textabsatz m-ten m-offset-one l-eight l-offset-two columns twelve\">\nStreeck solle am Mittwoch auf Vorschlag von Bundesgesundheitsministerin Nina Warken (CDU) vom Kabinett ernannt werden, hie\u00df es dazu weiter. Er folgt auf den SPD-Politiker Burkhard Blienert, der seit Januar 2022 Drogenbeauftragter der Regierung ist. Blienert wurde von dem damaligen Gesundheitsminister Karl Lauterbach (SPD) berufen.<\/p>\n<p>    Bekannt geworden w\u00e4hrend Corona-Pandemie<\/p>\n<p class=\"textabsatz m-ten m-offset-one l-eight l-offset-two columns twelve\">\nStreeck ist Leiter des Institut f\u00fcr Virologie am Universit\u00e4tsklinikum Bonn. Er geh\u00f6rt seit der Wahl im Februar dem Bundestag an.<\/p>\n<p class=\"textabsatz m-ten m-offset-one l-eight l-offset-two columns twelve\">\nDer heute 47-J\u00e4hrige war w\u00e4hrend der Corona-Pandemie in der breiteren \u00d6ffentlichkeit bekannt geworden. Dabei vertrat er in Bezug auf Schutzma\u00dfnahmen oft <a href=\"https:\/\/www.tagesschau.de\/inland\/corona-streeck-interview-101.html\" title=\"Virologe Streeck: &quot;\u00dcber Gebote reden, nicht \u00fcber Verbote&quot;\" target=\"_blank\" rel=\"noopener\">weniger restriktive Ansichten<\/a> als etwa sein Kollege von der Berliner Charit\u00e9, Christian Drosten. Nach der Bundestagswahl vom Februar war Streeck zeitweise auch als m\u00f6glicher neuer Bundesgesundheitsminister im Gespr\u00e4ch gewesen.<\/p>\n<p>    Cannabis-Legalisierung weiterhin Thema<\/p>\n<p class=\"textabsatz m-ten m-offset-one l-eight l-offset-two columns twelve\">\nEin wichtiges Thema der Drogenpolitik in dieser Legislaturperiode d\u00fcrfte der Umgang mit der umstrittenen Legalisierung von Cannabis sein, den die Ampel-Koalition aus SPD, Gr\u00fcnen und FDP beschlossen hatte. Union und SPD haben <a href=\"https:\/\/www.tagesschau.de\/koalitionsvertrag-170.pdf\" title=\"Koalitionsvertrag zwischen CDU, CSU und SPD\" target=\"_blank\" rel=\"noopener\">in ihrem Koalitionsvertrag<\/a> eine &#8222;ergebnisoffene Evaluierung&#8220; in diesem Herbst vereinbart.<\/p>\n<p class=\"textabsatz m-ten m-offset-one l-eight l-offset-two columns twelve\">\nEine erste Evaluierung sah das Legalisierungsgesetz bereits vor. Es l\u00e4sst seit 1. April 2024 das Kiffen f\u00fcr Vollj\u00e4hrige mit vielen Beschr\u00e4nkungen zu.<\/p>\n","protected":false},"excerpt":{"rendered":"Stand: 26.05.2025 13:43 Uhr Bekannt wurde der Bonner Virologe Streeck w\u00e4hrend der Corona-Pandemie: Damals setzte er sich eher&hellip;\n","protected":false},"author":2,"featured_media":141031,"comment_status":"","ping_status":"","sticky":false,"template":"","format":"standard","meta":{"footnotes":""},"categories":[2],"tags":[652,29,51140,30,13,14,15,12,51141,10,8,9,11],"class_list":{"0":"post-141030","1":"post","2":"type-post","3":"status-publish","4":"format-standard","5":"has-post-thumbnail","7":"category-deutschland","8":"tag-cannabis","9":"tag-deutschland","10":"tag-drogenbeauftragter","11":"tag-germany","12":"tag-headlines","13":"tag-nachrichten","14":"tag-news","15":"tag-schlagzeilen","16":"tag-streeck","17":"tag-top-news","18":"tag-top-meldungen","19":"tag-topmeldungen","20":"tag-topnews"},"share_on_mastodon":{"url":"https:\/\/pubeurope.com\/@de\/114574173614119340","error":""},"_links":{"self":[{"href":"https:\/\/www.europesays.com\/de\/wp-json\/wp\/v2\/posts\/141030","targetHints":{"allow":["GET"]}}],"collection":[{"href":"https:\/\/www.europesays.com\/de\/wp-json\/wp\/v2\/posts"}],"about":[{"href":"https:\/\/www.europesays.com\/de\/wp-json\/wp\/v2\/types\/post"}],"author":[{"embeddable":true,"href":"https:\/\/www.europesays.com\/de\/wp-json\/wp\/v2\/users\/2"}],"replies":[{"embeddable":true,"href":"https:\/\/www.europesays.com\/de\/wp-json\/wp\/v2\/comments?post=141030"}],"version-history":[{"count":0,"href":"https:\/\/www.europesays.com\/de\/wp-json\/wp\/v2\/posts\/141030\/revisions"}],"wp:featuredmedia":[{"embeddable":true,"href":"https:\/\/www.europesays.com\/de\/wp-json\/wp\/v2\/media\/141031"}],"wp:attachment":[{"href":"https:\/\/www.europesays.com\/de\/wp-json\/wp\/v2\/media?parent=141030"}],"wp:term":[{"taxonomy":"category","embeddable":true,"href":"https:\/\/www.europesays.com\/de\/wp-json\/wp\/v2\/categories?post=141030"},{"taxonomy":"post_tag","embeddable":true,"href":"https:\/\/www.europesays.com\/de\/wp-json\/wp\/v2\/tags?post=141030"}],"curies":[{"name":"wp","href":"https:\/\/api.w.org\/{rel}","templated":true}]}}