{"id":141146,"date":"2025-05-26T13:39:14","date_gmt":"2025-05-26T13:39:14","guid":{"rendered":"https:\/\/www.europesays.com\/de\/141146\/"},"modified":"2025-05-26T13:39:14","modified_gmt":"2025-05-26T13:39:14","slug":"messerattacke-am-hauptbahnhof-hamburg-verdaechtige-war-polizeibekannt-ndr-de-nachrichten","status":"publish","type":"post","link":"https:\/\/www.europesays.com\/de\/141146\/","title":{"rendered":"Messerattacke am Hauptbahnhof Hamburg: Verd\u00e4chtige war polizeibekannt | NDR.de &#8211; Nachrichten"},"content":{"rendered":"<p>\nStand: 26.05.2025 15:34 Uhr\n<\/p>\n<p class=\"preface\">Nach der Messerattacke am Hamburger Hauptbahnhof hat die Tatverd\u00e4chtige die Tat einger\u00e4umt. Sie soll schon mehrfach polizeilich aufgefallen sein. Das Sicherheitskonzept am Hauptbahnhof steht nun in der Kritik.<\/p>\n<p>Die mutma\u00dfliche T\u00e4terin des Messerangriffs am Hamburger Hauptbahnhof hat die Tathandlung vor dem Haftrichter einger\u00e4umt. Das teilte eine Sprecherin der Generalstaatsanwaltschaft Hamburg auf Anfrage am Sonntag mit. Die Frau ist laut Polizei 39 Jahre alt, besitzt die deutsche Staatsangeh\u00f6rigkeit und ist ohne festen Wohnsitz.<\/p>\n<p>Unterbringung in psychiatrischer Klinik<\/p>\n<p>Bereits am Sonnabendnachmittag teilte die Polizei mit, dass ein Haftrichter die Unterbringung der Verd\u00e4chtigen in einer Klinik angeordnet hat. Der Unterbringungsbefehl laute auf versuchten Totschlag in Tateinheit mit gef\u00e4hrlicher K\u00f6rperverletzung in 15 F\u00e4llen. 15 Menschen waren laut Polizei unmittelbar durch das Messer verletzt worden, drei weitere erlitten andere Verletzungen &#8222;beispielsweise durch einen Sturz oder Schock&#8220;.Vier der Verletzten schwebten vier zeitweise in Lebensgefahr. Die Verletzten sind im Alter von 19 bis 85 Jahren. Bei drei von ihnen ist bislang bekannt, dass sie aus Niedersachsen stammen, vier weitere sollen aus Bremen kommen.<\/p>\n<p>Nach Angaben von Hamburgs B\u00fcrgermeister Peter Tschentscher (SPD) konnten einige der Verletzten die Krankenh\u00e4user inzwischen wieder verlassen. Die vier lebensgef\u00e4hrlich verletzten Opfer befinden sich seit Sonnabend in einem stabilen Zustand.<\/p>\n<p>Frau am Vortag aus geschlossener Einrichtung entlassen<\/p>\n<p>Nach NDR Informationen war die Frau erst einen Tag vor dem Messerangriff am Hauptbahnhof <a href=\"https:\/\/www.ndr.de\/nachrichten\/niedersachsen\/braunschweig_harz_goettingen\/Messerattacke-in-Hamburg-Frau-soll-aus-Niedersachsen-stammen-Messerangriff-Hauptbahnhof,messerattacke534.html\" title=\"Zum Artikel: Messerattacke: Verd\u00e4chtige aus Niedersachsen war polizeibekannt\" rel=\"nofollow noopener\" target=\"_blank\">aus der geschlossenen Psychiatrie der Geestland-Klinik<\/a> bei Bremerhaven entlassen worden. Zum Zeitpunkt der Entlassung habe es keinen medizinischen Befund gegeben, der eine weitere Unterbringung gerechtfertigt h\u00e4tte, teilte die Klinik mit.<\/p>\n<p>Anfang Mai war die Frau hilflos aufgefunden worden, wie das nieders\u00e4chsische Gesundheitsministerium mitteilte. Sie sei daraufhin eingewiesen und f\u00fcr drei Wochen in der Geestland-Klinik behandelt worden. \u00dcber ihre Krankheit gibt es keine offiziellen Angaben. Laut &#8222;Bild&#8220; leidet sie unter paranoider Schizophrenie.<\/p>\n<p>Seit 2021 immer wieder auff\u00e4llig<\/p>\n<p>Die 39-J\u00e4hrige soll aus Braunschweig stammen. Das nieders\u00e4chsische Innenministerium gab am Sonntag bekannt, dass die Frau seit 2021 immer wieder polizeilich aufgefallen sei. &#8222;Unter anderem erschien sie mehrfach auf Polizeidienststellen und zeigte dabei deutliche Anzeichen einer psychischen Erkrankung&#8220;, so das Ministerium. Im vergangenen Jahr habe die Polizei mehrere Strafverfahren gegen die Verd\u00e4chtige eingeleitet.<\/p>\n<p>So soll die Frau im Februar auf einem Spielplatz am Hamburger Flughafen gegen\u00fcber einem sechsj\u00e4hrigen M\u00e4dchen gewaltt\u00e4tig geworden sein, teilte die Staatsanwaltschaft Hamburg mit. Ein von der Polizei hinzugezogener Amtsarzt habe daraufhin ihre Unterbringung in einer psychiatrischen Klinik angeordnet. Das Verfahren wegen des Verdachts auf K\u00f6rperverletzung laufe noch.<\/p>\n<p>Polizeikontrolle am Vortag der Tat<\/p>\n<p>In der Klinik sei es dann sp\u00e4ter zu einem weiteren Vorfall gekommen: So habe Anfang M\u00e4rz eine Mitpatientin die 39-J\u00e4hrige angezeigt, weil diese ihr einen Tritt gegen den Oberschenkel versetzt haben soll. Einen Tag vor der Tat am Hauptbahnhof habe sich die Beschuldigte erneut am Flughafen aufgehalten. Dort sei sie einem Rettungsdienstmitarbeiter aufgrund von Verletzungsspuren im Gesicht aufgefallen. Dieser habe dann die Polizei informiert. Gegen\u00fcber den Beamtinnen und Beamten habe die Frau angegeben, w\u00e4hrend eines Klinikaufenthalts von einem Pfleger verletzt worden zu sein. Da sie keine Strafanzeige stellen wollte und angab, noch am selben Tag nach Paris zu fliegen, habe man sie gehen lassen, sagte die Sprecherin.<\/p>\n<p>Am Tattag selbst sei sie dann erneut am Flughafen aufgetaucht, wiederum mit der erkl\u00e4rten Absicht, nach Paris fliegen zu wollen. &#8222;Zu einer entsprechenden Reise kam es jedoch schon deshalb nicht, da sie sich nicht ausweisen konnte&#8220;, sagte die Sprecherin der Staatsanwaltschaft. &#8222;Dar\u00fcber hinaus kam es im Juni 2023 sowie im M\u00e4rz 2024 zu zwei Vorkommnissen im Stra\u00dfenverkehr, an denen die 39-J\u00e4hrige als Fahrradfahrerin beziehungsweise als Fu\u00dfg\u00e4ngerin in strafrechtlich nicht relevanter Weise beteiligt gewesen sein soll.&#8220;<\/p>\n<p>Passanten konnten Angriff stoppen<\/p>\n<p><a href=\"https:\/\/www.europesays.com\/de\/wp-content\/uploads\/2025\/05\/messerattacke526_v-contentgross.jpg\" class=\"zoomimage\" title=\"Kurz nach 18 Uhr r\u00fcckte am Freitagabend ein Gro\u00dfaufgebot der Feuerwehr zum Hamburger Hauptbahnhof aus. \u00a9 picture alliance\/dpa\/tv7news | Foto: tv7news\"><\/p>\n<p><img decoding=\"async\" src=\"https:\/\/www.europesays.com\/de\/wp-content\/uploads\/2025\/05\/messerattacke526_v-contentgross.jpg\" alt=\"Einsatzkr\u00e4fte der Feuerwehr nahe des Tatorts am Hamburger Hauptbahnhof. \u00a9 picture alliance\/dpa\/tv7news | Foto: tv7news\" title=\"Einsatzkr\u00e4fte der Feuerwehr nahe des Tatorts am Hamburger Hauptbahnhof.\" class=\"responsive\"\/><\/p>\n<p><\/a><br \/>\nKurz nach 18 Uhr r\u00fcckte am Freitagabend ein Gro\u00dfaufgebot der Feuerwehr zum Hamburger Hauptbahnhof aus.<\/p>\n<p>Die Frau war am Freitagabend festgenommen worden, nachdem sie am Bahnsteig wahllos um sich gestochen haben soll. Beim Eintreffen der Polizei hatte sie sich widerstandslos festnehmen lassen. Zwei Passanten konnten nach Polizei-Angaben durch ihr schnelles Eingreifen den Angriff der Frau stoppen. Laut <a href=\"https:\/\/www.ndr.de\/fernsehen\/sendungen\/hamburg_journal\/Nach-dem-Messer-Angriff-Wie-sicher-ist-der-Hauptbahnhof,hamj159242.html\" title=\"Zum Video: Nach dem Messer-Angriff - Wie sicher ist der Hauptbahnhof?\" rel=\"nofollow noopener\" target=\"_blank\">Hamburg Journal<\/a> handelt es sich bei den Passanten um einen Mann aus Tschetschenien und einen jungen Syrer.<\/p>\n<p>Tat ereignete sich vor wartendem ICE<\/p>\n<p><a href=\"https:\/\/www.europesays.com\/de\/wp-content\/uploads\/2025\/05\/messerattacke520_v-contentgross.jpg\" class=\"zoomimage\" title=\"Polizei und Spurensicherung sind in der Nacht im Einsatz nahe des Tatorts im Hamburger Hauptbahnhof. \u00a9 picture alliance\/dpa | Georg Wendt Foto: Georg Wendt\"><\/p>\n<p><img decoding=\"async\" src=\"https:\/\/www.europesays.com\/de\/wp-content\/uploads\/2025\/05\/messerattacke520_v-contentgross.jpg\" alt=\"Polizisten in wei\u00dfen Overalls sichern Spuren auf einem Bahnsteig am Hamburger Hauptbahnhof. \u00a9 picture alliance\/dpa | Georg Wendt Foto: Georg Wendt\" title=\"Polizisten in wei\u00dfen Overalls sichern Spuren auf einem Bahnsteig am Hamburger Hauptbahnhof.\" class=\"responsive\"\/><\/p>\n<p><\/a><br \/>\nPolizei und Spurensicherung sind in der Nacht im Einsatz nahe des Tatorts im Hamburger Hauptbahnhof.<\/p>\n<p>Die Tat ereignete sich auf einem Bahnsteig zwischen Gleis 13 und 14 au\u00dferhalb der Bahnhofshalle vor einem wartenden ICE. Dort soll die Frau wahllos auf Reisende eingestochen haben. Die Polizei schlie\u00dft ein politisches Motiv aus.<\/p>\n<p>Insgesamt war die Polizei Hamburg mit 350 und die Bundespolizei mit rund 60 Beamtinnen und Beamten im Einsatz. Feuerwehr und Rettungsdienst waren mit 50 Kr\u00e4ften vor Ort, um die Verletzen zu betreuen.<\/p>\n<p>Gladiator: Waffenverbotszone ist wichtig<\/p>\n<p>Der Hamburger Hauptbahnhof wird t\u00e4glich von mehr als 500.000 Menschen frequentiert. Im Bahnhof und im \u00f6ffentlichen Personennahverkehr der Hansestadt ist das Mitf\u00fchren von Waffen, auch Messern, verboten. Nach der Tat stellt sich nun die Frage, was die Waffenverbotszone bringt.<\/p>\n<p>Dazu sagte der innenpolitische Sprecher der CDU-Fraktion in der Hamburger B\u00fcrgerschaft, Dennis Gladiator, am Sonntag im Hamburg Journal: &#8222;Die Waffenverbotszonen sind wichtig, weil sie f\u00fcr die Polizei erweiterte Kontrollm\u00f6glichkeiten bedeuten. Aber diese Kontrollen m\u00fcssen auch erfolgen k\u00f6nnen, das hei\u00dft, die Polizei muss entsprechend aufgestellt sein&#8220;, so Gladiator.<\/p>\n<p><img loading=\"lazy\" decoding=\"async\" width=\"184\" height=\"104\" src=\"https:\/\/www.europesays.com\/de\/wp-content\/uploads\/2025\/05\/gladiator124_v-einspaltig.jpg\" alt=\"Der CDU-Politiker Dennis Gladiator spricht in der Hamburger B\u00fcrgerschaft. \u00a9 picture alliance\/dpa | Markus Scholz \" title=\"Der CDU-Politiker Dennis Gladiator spricht in der Hamburger B\u00fcrgerschaft.\" style=\"display:none\"\/><\/p>\n<p><b>AUDIO:<\/b> Gladiator zum Messerangriff in Hamburg: Keine hundertprozentige Sicherheit (5 Min)<\/p>\n<p>Kommt KI-basierte Video\u00fcberwachung?<\/p>\n<p>Der Sprecher der Innenbeh\u00f6rde, Daniel Schaefer, sagte, nach so einer Tat komme das ganze Sicherheitskonzept noch einmal auf den Tisch. Man wolle sich genau ansehen, wo man nachsch\u00e4rfen k\u00f6nne. Hundertprozentige Sicherheit gebe es zwar nicht, aber: &#8222;Vide\u00fcberwachung ist ein Teil des Konzepts. Wir erproben bereits am Hansaplatz eine KI-basierte Video\u00fcberwachung, die auff\u00e4llige Bewegungsmuster erkennt.&#8220;<\/p>\n<p>Auch Andreas Ro\u00dfkopf, Vorsitzender der Gewerkschaft der Polizei f\u00fcr die Bundespolizei, forderte bessere Kontrollm\u00f6glichkeiten f\u00fcr die Bundespolizei auf Bahnh\u00f6fen und den verst\u00e4rkten Einsatz von k\u00fcnstlicher Intelligenz bei der Kameratechnik, die auch Verhaltenserkennung beinhalte, damit man Verhaltensauff\u00e4lligkeiten fr\u00fchzeitig erkennen k\u00f6nne.<\/p>\n<p>Landkreistag: Trotz Verunsicherung normales Leben f\u00fchren<\/p>\n<p>Der Pr\u00e4sident des Deutschen Landkreistages rief am Sonntag zu mehr Achtsamkeit im \u00f6ffentlichen Raum auf. &#8222;Leider m\u00fcssen wir lernen, in s\u00e4mtlichen Lebenssituationen noch achtsamer zu sein &#8211; zum Schutz von uns selbst, aber auch zum Schutz anderer&#8220;, sagte Achim Br\u00f6tel. Taten wie die von Hamburg verunsicherten zwar, aber sie d\u00fcrften nicht dazu f\u00fchren, dass man deshalb auf das normale Leben verzichtete. Man werde es nie mit letzter Sicherheit vermeiden k\u00f6nnen, &#8222;dass bei irgendjemand die Sicherung durchbrennt und unschuldige Menschen dann zur falschen Zeit am falschen Ort sind&#8220;.<\/p>\n<p>Polizei sammelt Hinweise<\/p>\n<p>Die Polizei schaltete ein <a href=\"https:\/\/www.ndr.de\/nachrichten\/hamburg\/polizei7544-splash.html\" title=\"Link: Polizei Hamburg Hinweisportal\" rel=\"noopener nofollow\" class=\"showSplashPage\" target=\"_blank\">Hinweisportal<\/a> frei, in dem Zeuginnen und Zeugen Informationen, Fotos und Videos im Zusammenhang mit der Tat zur Verf\u00fcgung stellen k\u00f6nnen.<\/p>\n<p>Weitere Informationen<\/p>\n<p><img decoding=\"async\" src=\"https:\/\/www.europesays.com\/de\/wp-content\/uploads\/2025\/05\/syrerheldhbf100_v-contentgross.jpg\" alt=\"Ein Mann steht auf einem Bahngleis am Hamburger Hauptbahnhof. \u00a9 NDR \" title=\"Ein Mann steht auf einem Bahngleis am Hamburger Hauptbahnhof.\" class=\"responsive\"\/><\/p>\n<p>\nAm Freitag wurde Muhammad al-Muhammad Zeuge, als am Hamburger Hauptbahnhof eine Frau um sich stach. Gemeinsam mit einem Tschetschenen stoppte er die Angreiferin.<br \/>\n<a title=\"Zum Artikel: &quot;Wollte besch\u00fctzen&quot;: Syrer stoppt Angreiferin am Hamburger Hauptbahnhof\" href=\"https:\/\/www.ndr.de\/nachrichten\/hamburg\/Wollte-beschuetzen-Syrer-stoppt-Angreiferin-am-Hamburger-Hauptbahnhof,messerattacke538.html\" class=\"cta \" rel=\"nofollow noopener\" target=\"_blank\">mehr<\/a>\n<\/p>\n<p><img decoding=\"async\" src=\"https:\/\/www.europesays.com\/de\/wp-content\/uploads\/2025\/05\/messerattacke532_v-contentgross.jpg\" alt=\"Bei einem Messerangriff im Hamburger Hauptbahnhof sind mehrere Menschen schwer verletzt worden. \u00a9 picture alliance\/dpa | Steven Hutchings Foto: Steven Hutchings\" title=\"Bei einem Messerangriff im Hamburger Hauptbahnhof sind mehrere Menschen schwer verletzt worden.\" class=\"responsive\"\/><\/p>\n<p>\nGro\u00dfeinsatz von Polizei und Rettungskr\u00e4ften im Hauptbahnhof: Mehrere Menschen schweben nach einem Messerangriff in Lebensgefahr, eine 39-J\u00e4hrige wurde festgenommen.<br \/>\n<a title=\"Zum Artikel: Messerattacke am Hamburger Hauptbahnhof: Frau verletzt 18 Menschen\" href=\"https:\/\/www.ndr.de\/nachrichten\/hamburg\/Messerattacke-am-Hamburger-Hauptbahnhof-Frau-verletzt-18-Menschen,hauptbahnhof758.html\" class=\"cta \" rel=\"nofollow noopener\" target=\"_blank\">mehr<\/a>\n<\/p>\n<p><img decoding=\"async\" src=\"https:\/\/www.europesays.com\/de\/wp-content\/uploads\/2025\/05\/waffenverbot160_v-contentgross.jpg\" alt=\"Ein gelbes Schild, das auf das geltende Waffenverbot hinweist, h\u00e4ngt unter dem Eingangsschild am Hamburger Hauptbahnhof neben den Logos von S-Bahn und U-Bahn. \u00a9 picture alliance\/dpa | Daniel Reinhardt Foto: Daniel Reinhardt\" title=\"Ein gelbes Schild, das auf das geltende Waffenverbot hinweist, h\u00e4ngt unter dem Eingangsschild am Hamburger Hauptbahnhof neben den Logos von S-Bahn und U-Bahn.\" class=\"responsive\"\/><\/p>\n<p>\nIn Hamburg gilt seit 15. Dezember 2024 ein generelles Waffenverbot in allen Bahnh\u00f6fen des Nahverkehrs und des Fernverkehrs.<br \/>\n<a title=\"Zum Artikel: Waffenverbot Hamburg: Das gilt an Bahnh\u00f6fen und im \u00d6PNV\" href=\"https:\/\/www.ndr.de\/nachrichten\/hamburg\/Waffenverbot-Hamburg-Das-gilt-an-Bahnhoefen-und-im-OePNV,waffenverbot162.html\" class=\"cta \" rel=\"nofollow noopener\" target=\"_blank\">mehr<\/a>\n<\/p>\n<p>Dieses Thema im Programm:<\/p>\n<p>Hamburg Journal |<br \/>\n25.05.2025 | 19:30 Uhr<\/p>\n<p><img decoding=\"async\" src=\"https:\/\/www.europesays.com\/de\/wp-content\/uploads\/2025\/03\/ndr_printlogo.gif\" alt=\"NDR Logo\" title=\"NDR Logo\"\/><\/p>\n","protected":false},"excerpt":{"rendered":"Stand: 26.05.2025 15:34 Uhr Nach der Messerattacke am Hamburger Hauptbahnhof hat die Tatverd\u00e4chtige die Tat einger\u00e4umt. Sie soll&hellip;\n","protected":false},"author":2,"featured_media":141147,"comment_status":"","ping_status":"","sticky":false,"template":"","format":"standard","meta":{"footnotes":""},"categories":[1826],"tags":[1739,29,985,30,692,3601,1981,49970,438,121,21884,3258],"class_list":{"0":"post-141146","1":"post","2":"type-post","3":"status-publish","4":"format-standard","5":"has-post-thumbnail","7":"category-hamburg","8":"tag-bahn","9":"tag-deutschland","10":"tag-feuerwehr","11":"tag-germany","12":"tag-hamburg","13":"tag-hauptbahnhof","14":"tag-messer","15":"tag-messeratacke","16":"tag-ndr","17":"tag-polizei","18":"tag-rettungskraefte","19":"tag-verletzte"},"share_on_mastodon":{"url":"https:\/\/pubeurope.com\/@de\/114574417318808896","error":""},"_links":{"self":[{"href":"https:\/\/www.europesays.com\/de\/wp-json\/wp\/v2\/posts\/141146","targetHints":{"allow":["GET"]}}],"collection":[{"href":"https:\/\/www.europesays.com\/de\/wp-json\/wp\/v2\/posts"}],"about":[{"href":"https:\/\/www.europesays.com\/de\/wp-json\/wp\/v2\/types\/post"}],"author":[{"embeddable":true,"href":"https:\/\/www.europesays.com\/de\/wp-json\/wp\/v2\/users\/2"}],"replies":[{"embeddable":true,"href":"https:\/\/www.europesays.com\/de\/wp-json\/wp\/v2\/comments?post=141146"}],"version-history":[{"count":0,"href":"https:\/\/www.europesays.com\/de\/wp-json\/wp\/v2\/posts\/141146\/revisions"}],"wp:featuredmedia":[{"embeddable":true,"href":"https:\/\/www.europesays.com\/de\/wp-json\/wp\/v2\/media\/141147"}],"wp:attachment":[{"href":"https:\/\/www.europesays.com\/de\/wp-json\/wp\/v2\/media?parent=141146"}],"wp:term":[{"taxonomy":"category","embeddable":true,"href":"https:\/\/www.europesays.com\/de\/wp-json\/wp\/v2\/categories?post=141146"},{"taxonomy":"post_tag","embeddable":true,"href":"https:\/\/www.europesays.com\/de\/wp-json\/wp\/v2\/tags?post=141146"}],"curies":[{"name":"wp","href":"https:\/\/api.w.org\/{rel}","templated":true}]}}