{"id":141148,"date":"2025-05-26T13:40:11","date_gmt":"2025-05-26T13:40:11","guid":{"rendered":"https:\/\/www.europesays.com\/de\/141148\/"},"modified":"2025-05-26T13:40:11","modified_gmt":"2025-05-26T13:40:11","slug":"schulen-in-berlin-und-brandenburg-erhalten-mails-mit-bombendrohungen","status":"publish","type":"post","link":"https:\/\/www.europesays.com\/de\/141148\/","title":{"rendered":"Schulen in Berlin und Brandenburg erhalten Mails mit Bombendrohungen"},"content":{"rendered":"<p class=\"tspB0lt tspB0lu\">Zahlreiche Schulen in Berlin und Brandenburg sowie Schulen in anderen Gegenden Deutschlands haben Mails mit Bombendrohungen erhalten.<\/p>\n<p class=\"tspB0lt\">Die Polizei ging aber nicht von konkreten Gefahren aus, sondern sieht eher einen Zusammenhang zwischen den Drohungen und aktuell stattfindenden Abiturpr\u00fcfungen.\u00a0<\/p>\n<p><a href=\"https:\/\/abo.tagesspiegel.de\/tagesspiegel-app?icid=single-topic_13758544___\" data-gtm-class=\"article-mzt-link\" class=\"tspB7mh\" target=\"_blank\" rel=\"noopener\">Die Tagesspiegel-App Aktuelle Nachrichten, Hintergr\u00fcnde und Analysen direkt auf Ihr Smartphone. Dazu die digitale Zeitung. Hier gratis herunterladen.  <\/a><\/p>\n<p class=\"tspB0lt\">In Berlin seien bislang 13 Schulen betroffen, sagte eine Polizeisprecherin. Die Mails seien gepr\u00fcft und bewertet worden. Man sehe nach aktuellem Stand keine Ernsthaftigkeit.\u00a0<\/p>\n<p class=\"tspB0lt\">Im Westen Brandenburgs gingen laut Polizei im Laufe des Montagvormittags an 22 verschiedenen Schulen E-Mails mit dem gleichen bedrohlichen Inhalt ein. In den weiteren Landkreisen\u00a0Uckermark, Barnim und M\u00e4rkisch-Oderland waren zudem jeweils eine Schule betroffen.\u00a0<\/p>\n<p class=\"tspTel\">Empfohlener redaktioneller Inhalt<\/p>\n<p> An dieser Stelle finden Sie einen von unseren Redakteuren ausgew\u00e4hlten, externen Inhalt, der den Artikel f\u00fcr Sie mit zus\u00e4tzlichen Informationen anreichert. Sie k\u00f6nnen sich hier den externen Inhalt mit einem Klick anzeigen lassen oder wieder ausblenden. <\/p>\n<p> Externen Inhalt anzeigen <\/p>\n<p class=\"tspTer\"> Ich bin damit einverstanden, dass mir der externe Inhalt angezeigt wird. Damit k\u00f6nnen personenbezogene Daten an Drittplattformen \u00fcbermittelt werden.  Mehr Informationen dazu erhalten Sie in den Datenschutz-Einstellungen. Diese finden Sie ganz unten auf unserer Seite im Footer, sodass Sie Ihre Einstellungen jederzeit verwalten oder widerrufen k\u00f6nnen. <\/p>\n<p> Lesen Sie mehr zum Thema \u201eSchule &amp; Bildung\u201c <a href=\"https:\/\/www.tagesspiegel.de\/berlin\/homophobie-an-berliner-schulen-die-jungs-bei-uns-in-der-klasse-finden-schwulsein-eklig-13734796.html?icid=topic-list_13758544___\" data-gtm-class=\"article-mzt-link\" class=\"tspB7mh\" target=\"_blank\" rel=\"noopener\">Homofeindlichket an Berliner Schulen \u201eDie Jungs bei uns in der Klasse finden Schwulsein eklig\u201c <\/a><a href=\"https:\/\/www.tagesspiegel.de\/berlin\/schule\/sollen-gewalttatige-schuler-die-schule-wechseln-das-kann-im-schlimmsten-fall-die-kriminelle-karriere-beschleunigen-13750630.html?icid=topic-list_13758544___\" data-gtm-class=\"article-mzt-link\" class=\"tspB7mh\" target=\"_blank\" rel=\"noopener\">Sollen gewaltt\u00e4tige Sch\u00fcler die Schule wechseln? \u201eDas kann im schlimmsten Fall die kriminelle Karriere beschleunigen\u201c <\/a><a href=\"https:\/\/www.tagesspiegel.de\/berlin\/bezirke\/berliner-bezirk-bestatigt-aus-fur-schwimmbus-wenn-die-tram-nicht-kommt-fallt-der-unterricht-in-pankow-aus-13756780.html?icid=topic-list_13758544___\" data-gtm-class=\"article-mzt-link\" class=\"tspB7mh\" target=\"_blank\" rel=\"noopener\">Berliner Bezirk best\u00e4tigt Aus f\u00fcr Schwimmbus Wenn die Tram nicht kommt, f\u00e4llt der Unterricht in Pankow ins Wasser <\/a><\/p>\n<p class=\"tspB0lt\">\u201eNach eingehender Pr\u00fcfung wird gegenw\u00e4rtig nicht von einer Ernsthaftigkeit ausgegangen\u201c, hie\u00df es. Die Mails werden \u201eim Kontext mit bundesweit an Schulen eingegangenen Drohmails gesehen\u201c. Trotzdem ermittele die Polizei. (dpa)<\/p>\n","protected":false},"excerpt":{"rendered":"Zahlreiche Schulen in Berlin und Brandenburg sowie Schulen in anderen Gegenden Deutschlands haben Mails mit Bombendrohungen erhalten. Die&hellip;\n","protected":false},"author":2,"featured_media":141149,"comment_status":"","ping_status":"","sticky":false,"template":"","format":"standard","meta":{"footnotes":""},"categories":[1816],"tags":[1960,1958,1959,1957,1956,1890,29,30,121,1978],"class_list":{"0":"post-141148","1":"post","2":"type-post","3":"status-publish","4":"format-standard","5":"has-post-thumbnail","7":"category-brandenburg","8":"tag-aktuelle-nachrichten-aus-berlin-und-brandenburg","9":"tag-aktuelle-nachrichten-aus-brandenburg","10":"tag-aktuelle-news-aus-berlin-und-brandenburg","11":"tag-aktuelle-news-aus-brandenburg","12":"tag-berlin-und-brandenburg","13":"tag-brandenburg","14":"tag-deutschland","15":"tag-germany","16":"tag-polizei","17":"tag-schueler"},"share_on_mastodon":{"url":"https:\/\/pubeurope.com\/@de\/114574421527822370","error":""},"_links":{"self":[{"href":"https:\/\/www.europesays.com\/de\/wp-json\/wp\/v2\/posts\/141148","targetHints":{"allow":["GET"]}}],"collection":[{"href":"https:\/\/www.europesays.com\/de\/wp-json\/wp\/v2\/posts"}],"about":[{"href":"https:\/\/www.europesays.com\/de\/wp-json\/wp\/v2\/types\/post"}],"author":[{"embeddable":true,"href":"https:\/\/www.europesays.com\/de\/wp-json\/wp\/v2\/users\/2"}],"replies":[{"embeddable":true,"href":"https:\/\/www.europesays.com\/de\/wp-json\/wp\/v2\/comments?post=141148"}],"version-history":[{"count":0,"href":"https:\/\/www.europesays.com\/de\/wp-json\/wp\/v2\/posts\/141148\/revisions"}],"wp:featuredmedia":[{"embeddable":true,"href":"https:\/\/www.europesays.com\/de\/wp-json\/wp\/v2\/media\/141149"}],"wp:attachment":[{"href":"https:\/\/www.europesays.com\/de\/wp-json\/wp\/v2\/media?parent=141148"}],"wp:term":[{"taxonomy":"category","embeddable":true,"href":"https:\/\/www.europesays.com\/de\/wp-json\/wp\/v2\/categories?post=141148"},{"taxonomy":"post_tag","embeddable":true,"href":"https:\/\/www.europesays.com\/de\/wp-json\/wp\/v2\/tags?post=141148"}],"curies":[{"name":"wp","href":"https:\/\/api.w.org\/{rel}","templated":true}]}}