{"id":141161,"date":"2025-05-26T13:48:10","date_gmt":"2025-05-26T13:48:10","guid":{"rendered":"https:\/\/www.europesays.com\/de\/141161\/"},"modified":"2025-05-26T13:48:10","modified_gmt":"2025-05-26T13:48:10","slug":"liebesromane-und-tonie-figuren-bei-buecherei-hoch-im-kurs","status":"publish","type":"post","link":"https:\/\/www.europesays.com\/de\/141161\/","title":{"rendered":"Liebesromane und Tonie-Figuren bei B\u00fccherei hoch im Kurs"},"content":{"rendered":"<ol class=\"id-DonaldBreadcrumb lp_west_breadcrumb id-DonaldBreadcrumb--default\" data-k5a-pos=\"west_breadcrumb\">\n<li class=\"id-Breadcrumb-item\"><a href=\"https:\/\/www.merkur.de\/\" class=\"id-Breadcrumb-link\" data-id-ec=\"{\" shn=\"\" textlink=\"\" data-k5a-pos=\"1_startseite\" rel=\"nofollow noopener\" target=\"_blank\">Startseite<\/a><\/li>\n<li class=\"id-Breadcrumb-item\"><a href=\"https:\/\/www.merkur.de\/lokales\/\" class=\"id-Breadcrumb-link\" data-id-ec=\"{\" shn=\"\" textlink=\"\" data-k5a-pos=\"2_lokales\" rel=\"nofollow noopener\" target=\"_blank\">Lokales<\/a><\/li>\n<li class=\"id-Breadcrumb-item\"><a href=\"https:\/\/www.merkur.de\/lokales\/weilheim\/\" class=\"id-Breadcrumb-link\" data-id-ec=\"{\" shn=\"\" textlink=\"\" data-k5a-pos=\"3_weilheim\" rel=\"nofollow noopener\" target=\"_blank\">Weilheim<\/a><\/li>\n<li class=\"id-Breadcrumb-item\"><a href=\"https:\/\/www.merkur.de\/lokales\/weilheim\/peissenberg-ort29264\/\" class=\"id-Breadcrumb-link\" data-id-ec=\"{\" shn=\"\" textlink=\"\" data-k5a-pos=\"4_peissenberg\" rel=\"nofollow noopener\" target=\"_blank\">Pei\u00dfenberg<\/a><\/li>\n<\/ol>\n<p class=\"id-Story-timestamp id-Story-timestamp--default\">Stand: 26.05.2025, 15:07 Uhr<\/p>\n<p class=\"id-Story-authors id-Story-authors--default\">Von: <a class=\"id-Story-authors-link lp_west_author\" href=\"https:\/\/www.merkur.de\/autor\/stephanie-uehlein-tnfvyf6uh.html\" title=\"Zur Autorenseite von Stephanie Uehlein\" data-id-ec=\"{\" shn=\"\" author-link=\"\" uehlein=\"\" data-k5a-pos=\"west_author\" rel=\"nofollow noopener\" target=\"_blank\">Stephanie Uehlein<\/a><\/p>\n<p class=\"id-Story-interactionBar id-Story-interactionBar--default\">DruckenTeilen<\/p>\n<p><img decoding=\"async\" class=\"id-RatioPlaceholder-element wv_story_el_image\" src=\"https:\/\/www.europesays.com\/de\/wp-content\/uploads\/2025\/05\/38352739-die-bilderbuchecke-im-eingangsbereich-wurde-anfang-des-jahres-neugestaltet-im-bild-buergerm.jpeg\" loading=\"eager\" fetchpriority=\"high\"   height=\"619\" width=\"1100\" alt=\"Die Bilderbuchecke im Eingangsbereich wurde Anfang des Jahres neugestaltet. Im Bild B&#xFC;rgermeister Frank Zellner (links) und Bernd W&#xF6;stmann (rechts).      \"\/>Die Bilderbuchecke im Eingangsbereich wurde Anfang des Jahres neugestaltet. Im Bild B\u00fcrgermeister Frank Zellner (links) und Bernd W\u00f6stmann (rechts). \u00a0\u00a0\u00a0\u00a0\u00a0 \u00a9\u00a0Jepsen\/Archiv<\/p>\n<p class=\"id-StoryElement-leadText\">Steigende Ausleih- und konstant hohe Leserzahlen: Pei\u00dfenbergs Gemeindeb\u00fccherei befindet sich weiter im Aufw\u00e4rtstrend \u2013 wobei als \u201eabsoluter Renner\u201c bei den Ausleihungen kein Buch, sondern ein Audiosystem rangiert, wie B\u00fcchereileiter Bernd W\u00f6stmann bei seinem Sachstandsbericht im Hauptausschuss erkl\u00e4rte.<\/p>\n<p class=\"id-StoryElement-paragraph\">Da scheint jemand seinen Traumjob gefunden zu haben: Mit viel Leidenschaft und Herzblut referierte <a href=\"https:\/\/www.merkur.de\/lokales\/weilheim\/peissenberg-ort29264\/bernd-woestmann-ist-neuer-buechereileiter-in-peissenberg-92274639.html\" class=\"id-import-Link\" data-id-ec=\"{&quot;sht&quot;:&quot;Container&quot;,&quot;shn&quot;:&quot;Story&quot;,&quot;p&quot;:{&quot;containerType&quot;:&quot;Paragraph&quot;,&quot;displayType&quot;:&quot;Paragraph InlineLink&quot;,&quot;type&quot;:&quot;INLINE_LINK&quot;,&quot;value&quot;:&quot;Bernd W&#xF6;stmann&quot;,&quot;variant&quot;:&quot;standardLink&quot;,&quot;sponsored&quot;:false,&quot;linkHref&quot;:&quot;https:\/\/www.merkur.de\/lokales\/weilheim\/peissenberg-ort29264\/bernd-woestmann-ist-neuer-buechereileiter-in-peissenberg-92274639.html&quot;,&quot;storyElementPosition&quot;:8,&quot;storyElementCount&quot;:19}}\" rel=\"nofollow noopener\" target=\"_blank\">Bernd W\u00f6stmann<\/a> im Hauptausschuss des Marktrats \u00fcber die Gemeindeb\u00fccherei. Das machte bei den Gremiumsmitgliedern Eindruck. Sie lobten W\u00f6stmann \u2013 und zwar nicht nur f\u00fcr die Art des Vortrags, sondern auch f\u00fcr den Inhalt.<\/p>\n<p>\u00dcber 1100 Leser registriert<\/p>\n<p class=\"id-StoryElement-paragraph\">Das Erfreuliche: Nach den Einbr\u00fcchen in den Jahren 2022 und 2023 sind die Ausleihzahlen 2024 wieder um 20 Prozent auf etwas mehr als 3900 gestiegen. Und der positive Trend scheint sich auch im Jahr 2025 fortzusetzen: \u201eHeute war einer der st\u00e4rksten Tage \u00fcberhaupt. Heute haben sie uns die B\u00fccherei f\u00f6rmlich eingerannt\u201c, berichtete W\u00f6stmann in der Ausschusssitzung. Auch bei den Leserzahlen sieht es gut aus. Aktuell sind es 1118, womit das konstant hohe Niveau des Vorjahres fortgesetzt wird. \u201eUnd das Sch\u00f6nste ist: Wir gewinnen wesentlich mehr zahlende Leser hinzu\u201c, so W\u00f6stmann. 2024 konnte der Zahlbereich von 660 auf 729 Leser gesteigert werden. Auch dieser Trend verfestigt sich im laufenden Jahr: \u201eIm Februar hatten wir den st\u00e4rksten Neuanmeldetag. Das war unfassbar\u201c, so W\u00f6stmann.<\/p>\n<p class=\"id-StoryElement-paragraph\">Der ehemalige Buchh\u00e4ndler berichtete im Ausschuss von \u201evielen Ver\u00e4nderungen und Neuerungen\u201c, die das Jahr 2024 in der B\u00fccherei mit sich gebracht habe. Dabei verwies der 37-J\u00e4hrige unter anderem auf die inzwischen einheitlich und modern gestaltete Rubriken-Beschilderung, auf die neue Spiel- und Bilderbuchecke im Eingangsbereich und die Bestandsreduzierung. Die Anzahl an B\u00fcchern und Medien hatte 2022 mit 26\u2009213 ihren H\u00f6chststand erreicht. Das sorgte f\u00fcr Platzprobleme. Manche B\u00fccher mussten in drei Metern H\u00f6he in den Regalen und damit f\u00fcr die Leserschaft unzug\u00e4nglich gelagert werden. \u201eWir haben im gro\u00dfen Stil aussortiert. Irgendwann ist ein altes Buch auch einmal durch\u201c, erkl\u00e4rte W\u00f6stmann. Der Bestand wurde auf 23\u2009474 B\u00fccher und Medien verringert. W\u00f6stmann sprach im Ausschuss von \u201eGesundschrumpfen\u201c: \u201eDie Pr\u00e4sentationsm\u00f6glichkeiten sind nun einfach besser. Tolle B\u00fccher sollen von den Lesern gleich gefunden werden.\u201c<\/p>\n<p>\u201eDen Nachwuchs in die B\u00fccherei bringen\u201c<\/p>\n<p class=\"id-StoryElement-paragraph\">Gro\u00dfes Augenmerk legt das B\u00fccherei-Team (W\u00f6stmann: \u201eWir arbeiten toll zusammen und ziehen alle an einem Strang\u201c) auf die Neulesergewinnung vor allem bei den j\u00fcngeren Generationen. \u201eWir wollen den Nachwuchs in die B\u00fccherei bringen \u2013 und das schaffen wir momentan ganz gut. Lesef\u00f6rderung ist ganz wichtig. Wer fr\u00fch liest, tut sich in der Schule leichter\u201c, konstatierte W\u00f6stmann. Die M\u00e4rchennachmittage seien \u201eimmer voll\u201c und auch die B\u00fcchereif\u00fchrungen mit Schulklassen seien erfolgreich. Die F\u00fchrungen bauten Hemmschwellen ab und steigerten den Bekanntheitsgrad der B\u00fccherei. \u201eZwei bis drei Kinder sehen wir in der Folgewoche nach den F\u00fchrungen wieder\u201c, so W\u00f6stmann, der auch Schulen zu Vorlesestunden besucht. <\/p>\n<p class=\"id-StoryElement-paragraph\">F\u00fcr 2025 hat die B\u00fcchereileitung bereits staatliche F\u00f6rdermittel in H\u00f6he von 1300 Euro beantragt. Auf der Agenda steht unter anderem eine komplette Neugestaltung des Lesercaf\u00e9s. Dadurch soll die Aufenthaltsqualit\u00e4t in der B\u00fccherei gesteigert werden. Auch soll es wieder eine Autorenlesung geben. <\/p>\n<p>Knapp 170 Tonie-Figuren im Angebot<\/p>\n<p class=\"id-StoryElement-paragraph\">Und was wird in der B\u00fccherei am meisten nachgefragt? Liebesgeschichten mit Phantasie und Erotik sind laut W\u00f6stmann hoch im Kurs \u2013 \u201eauch wenn das nicht so meine Baustelle ist\u201c, wie er schmunzelnd erkl\u00e4rte. Doch f\u00fcr die h\u00f6chsten Ausleizahlen sorgen die Tonie-Figuren. Das H\u00f6rspielaudiosystem f\u00fcr Kinder ist laut W\u00f6stmann der \u201eabsolute Renner\u201c. Inzwischen verf\u00fcgt die Gemeindeb\u00fccherei \u00fcber knapp 170 Tonie-Figuren.<\/p>\n","protected":false},"excerpt":{"rendered":"Startseite Lokales Weilheim Pei\u00dfenberg Stand: 26.05.2025, 15:07 Uhr Von: Stephanie Uehlein DruckenTeilen Die Bilderbuchecke im Eingangsbereich wurde Anfang&hellip;\n","protected":false},"author":2,"featured_media":141162,"comment_status":"","ping_status":"","sticky":false,"template":"","format":"standard","meta":{"footnotes":""},"categories":[1774],"tags":[1784,1785,29,214,30,215],"class_list":{"0":"post-141161","1":"post","2":"type-post","3":"status-publish","4":"format-standard","5":"has-post-thumbnail","7":"category-buecher","8":"tag-books","9":"tag-buecher","10":"tag-deutschland","11":"tag-entertainment","12":"tag-germany","13":"tag-unterhaltung"},"share_on_mastodon":{"url":"https:\/\/pubeurope.com\/@de\/114574452676413033","error":""},"_links":{"self":[{"href":"https:\/\/www.europesays.com\/de\/wp-json\/wp\/v2\/posts\/141161","targetHints":{"allow":["GET"]}}],"collection":[{"href":"https:\/\/www.europesays.com\/de\/wp-json\/wp\/v2\/posts"}],"about":[{"href":"https:\/\/www.europesays.com\/de\/wp-json\/wp\/v2\/types\/post"}],"author":[{"embeddable":true,"href":"https:\/\/www.europesays.com\/de\/wp-json\/wp\/v2\/users\/2"}],"replies":[{"embeddable":true,"href":"https:\/\/www.europesays.com\/de\/wp-json\/wp\/v2\/comments?post=141161"}],"version-history":[{"count":0,"href":"https:\/\/www.europesays.com\/de\/wp-json\/wp\/v2\/posts\/141161\/revisions"}],"wp:featuredmedia":[{"embeddable":true,"href":"https:\/\/www.europesays.com\/de\/wp-json\/wp\/v2\/media\/141162"}],"wp:attachment":[{"href":"https:\/\/www.europesays.com\/de\/wp-json\/wp\/v2\/media?parent=141161"}],"wp:term":[{"taxonomy":"category","embeddable":true,"href":"https:\/\/www.europesays.com\/de\/wp-json\/wp\/v2\/categories?post=141161"},{"taxonomy":"post_tag","embeddable":true,"href":"https:\/\/www.europesays.com\/de\/wp-json\/wp\/v2\/tags?post=141161"}],"curies":[{"name":"wp","href":"https:\/\/api.w.org\/{rel}","templated":true}]}}