{"id":141210,"date":"2025-05-26T14:15:13","date_gmt":"2025-05-26T14:15:13","guid":{"rendered":"https:\/\/www.europesays.com\/de\/141210\/"},"modified":"2025-05-26T14:15:13","modified_gmt":"2025-05-26T14:15:13","slug":"nachbar-verhindert-einbruch-radio-bielefeld","status":"publish","type":"post","link":"https:\/\/www.europesays.com\/de\/141210\/","title":{"rendered":"Nachbar verhindert Einbruch | Radio Bielefeld"},"content":{"rendered":"<p class=\"bodytext\">FR \/ Bielefeld \/ Altenhagen &#8211; Ein Bielefelder verhinderte am Freitagabend, 23.05.2025, einen Einbruch in ein Nachbarhaus. Die T\u00e4ter ergriffen die Flucht.<\/p>\n<p>Gegen 20:30 Uhr bemerkte der Bielefelder zwei unbekannte M\u00e4nner auf dem Grundst\u00fcck seines Nachbarn, an der Altenhagener Stra\u00dfe, im Bereich Ostring. Als die T\u00e4ter den Nachbarn erblickten, ergriffen sie die Flucht in Richtung Hungerbach. Die Einbrecher konnten im Zuge der Fahndung nicht mehr angetroffen werden.<\/p>\n<p>Die alarmierten Polizisten stellten an einem Fenster Besch\u00e4digungen fest, die auf einen vergeblichen Einbruchsversuch hindeuten.<\/p>\n<p>Die T\u00e4ter wurden wie folgt beschrieben: m\u00e4nnlich, 20 bis 30 Jahre alt, etwa 190 cm gro\u00df und sehr schlank. Ein Mann soll einen schwarzen Hoodie getragen haben. Die Kapuze hatte er tief in das Gesicht gezogen.<\/p>\n<p>Zeugen melden sich bitte mit Hinweisen beim Kriminalkommissariat 13 unter der 0521\/545-0.<\/p>\n<p>R\u00fcckfragen von Journalisten bitte an:<\/p>\n<p>Polizeipr\u00e4sidium Bielefeld Leitungsstab\/ Presse- und \u00d6ffentlichkeitsarbeit Kurt-Schumacher-Stra\u00dfe 46 33615 Bielefeld<\/p>\n<p>Sonja Rehmert (SR), Tel. 0521\/545-3020 Katja K\u00fcster (KK), Tel. 0521\/545-3195 Sarah Siedschlag (SI), Tel. 0521\/545-3021 Michael K\u00f6tter (MK), Tel. 0521\/545-3022 Hella Christoph (HC), Tel. 0521\/545-3023 Fabian Rickel (FR), Tel. 0521\/545-3024 Caroline Steffen (CS), Tel. 0521\/545-3026 Lukas Reker (LR), Tel. 0521\/545-3222 Jan Grote (JG), Tel. 0521\/545-3235<\/p>\n<p>E-Mail: pressestelle.bielefeld@polizei.nrw.de <a href=\"https:\/\/bielefeld.polizei.nrw\/\" target=\"_blank\" rel=\"nofollow noopener\">bielefeld.polizei.nrw<\/a><\/p>\n<p>Au\u00dferhalb der B\u00fcrodienstzeit: Leitstelle, Tel. 0521\/545-0<\/p>\n<p> Original-Content von: Polizei Bielefeld, \u00fcbermittelt durch news aktuell<\/p>\n","protected":false},"excerpt":{"rendered":"FR \/ Bielefeld \/ Altenhagen &#8211; Ein Bielefelder verhinderte am Freitagabend, 23.05.2025, einen Einbruch in ein Nachbarhaus. Die&hellip;\n","protected":false},"author":2,"featured_media":29613,"comment_status":"","ping_status":"","sticky":false,"template":"","format":"standard","meta":{"footnotes":""},"categories":[1841],"tags":[1605,3364,29,30,1209,12925],"class_list":{"0":"post-141210","1":"post","2":"type-post","3":"status-publish","4":"format-standard","5":"has-post-thumbnail","7":"category-bielefeld","8":"tag-bielefeld","9":"tag-de","10":"tag-deutschland","11":"tag-germany","12":"tag-nordrhein-westfalen","13":"tag-polizeimeldungen"},"share_on_mastodon":{"url":"https:\/\/pubeurope.com\/@de\/114574558697856611","error":""},"_links":{"self":[{"href":"https:\/\/www.europesays.com\/de\/wp-json\/wp\/v2\/posts\/141210","targetHints":{"allow":["GET"]}}],"collection":[{"href":"https:\/\/www.europesays.com\/de\/wp-json\/wp\/v2\/posts"}],"about":[{"href":"https:\/\/www.europesays.com\/de\/wp-json\/wp\/v2\/types\/post"}],"author":[{"embeddable":true,"href":"https:\/\/www.europesays.com\/de\/wp-json\/wp\/v2\/users\/2"}],"replies":[{"embeddable":true,"href":"https:\/\/www.europesays.com\/de\/wp-json\/wp\/v2\/comments?post=141210"}],"version-history":[{"count":0,"href":"https:\/\/www.europesays.com\/de\/wp-json\/wp\/v2\/posts\/141210\/revisions"}],"wp:featuredmedia":[{"embeddable":true,"href":"https:\/\/www.europesays.com\/de\/wp-json\/wp\/v2\/media\/29613"}],"wp:attachment":[{"href":"https:\/\/www.europesays.com\/de\/wp-json\/wp\/v2\/media?parent=141210"}],"wp:term":[{"taxonomy":"category","embeddable":true,"href":"https:\/\/www.europesays.com\/de\/wp-json\/wp\/v2\/categories?post=141210"},{"taxonomy":"post_tag","embeddable":true,"href":"https:\/\/www.europesays.com\/de\/wp-json\/wp\/v2\/tags?post=141210"}],"curies":[{"name":"wp","href":"https:\/\/api.w.org\/{rel}","templated":true}]}}