{"id":141260,"date":"2025-05-26T14:41:11","date_gmt":"2025-05-26T14:41:11","guid":{"rendered":"https:\/\/www.europesays.com\/de\/141260\/"},"modified":"2025-05-26T14:41:11","modified_gmt":"2025-05-26T14:41:11","slug":"wirbel-in-bremen-trainer-werner-verlaengert-vertrag-nicht-fussball","status":"publish","type":"post","link":"https:\/\/www.europesays.com\/de\/141260\/","title":{"rendered":"Wirbel in Bremen: Trainer Werner verl\u00e4ngert Vertrag nicht | Fussball"},"content":{"rendered":"<p>Schritt f\u00fcr Schritt ging es f\u00fcr Werder Bremen unter ihm bergauf. Trotzdem verl\u00e4ngert Trainer Ole Werner seinen 2026 auslaufenden Vertrag nicht.<\/p>\n<p id=\"absatz1\" class=\"em_text\">Trainer Ole Werner wird seinen Vertrag beim Fu\u00dfball-Bundesligisten Werder Bremen nicht verl\u00e4ngern. Der 37-J\u00e4hrige habe die Verantwortlichen dar\u00fcber informiert, seinen im Juni 2026 auslaufenden Kontrakt nicht ausdehnen zu wollen, teilten die Norddeutschen mit. Zuletzt hatte sich angedeutet, dass der Club und der Aufstiegstrainer getrennte Wege gehen k\u00f6nnten.<\/p>\n<p id=\"absatz2\" class=\"em_text\">\u00abWir bedauern diese Entscheidung sehr, weil wir uns eine langfristige Zusammenarbeit mit Ole weiterhin sehr gut vorstellen konnten. Wir m\u00fcssen die Entscheidung jetzt annehmen und werden die aktuelle Situation analysieren und entscheiden, was f\u00fcr Werder die beste L\u00f6sung ist\u00bb, sagte Fu\u00dfball-Gesch\u00e4ftsf\u00fchrer Clemens Fritz. F\u00fcr diesen Prozess wolle sich der Club \u00abdie notwendige Zeit\u00bb nehmen und anschlie\u00dfend das Ergebnis kommunizieren.<\/p>\n<p id=\"absatz4\" class=\"em_text\">Der Coach hatte laut Informationen der \u00abBild\u00bb Fritz und Profi-Chef Peter Niemeyer schon am Wochenende dar\u00fcber informiert, kein neues Arbeitspapier unterschreiben zu wollen. Trennt sich der Club zeitnah von Werner? Nach Einsch\u00e4tzung der \u00abBild\u00bb scheint eine weitere Saison mit dem scheidenden Trainer nur \u00abschwer vorstellbar\u00bb. Mit einem anderen Verein soll Werner demnach noch nicht gesprochen haben.<\/p>\n<p>Erfolglose Verhandlungen beider Seiten<\/p>\n<p id=\"absatz5\" class=\"em_text\">Vorausgegangen waren erfolglose Verhandlungen \u00fcber eine Verl\u00e4ngerung seines noch bis 2026 laufenden Vertrags. Wegen unterschiedlicher Auffassungen \u00fcber die Kaderplanung und die k\u00fcnftigen sportlichen Ambitionen soll es zwischen dem Club und Werner geknirscht haben.<\/p>\n<p id=\"absatz6\" class=\"em_text\">Der langj\u00e4hrige Spieler und Trainer von Holstein Kiel war im November 2021 nach Bremen gewechselt. In seiner ersten Saison f\u00fchrte er den viermaligen deutschen Meister zur\u00fcck in die erste Liga. Und auch dort machte Werder unter Werner Jahr f\u00fcr Jahr einen Schritt nach vorn. Dem souver\u00e4nen Klassenerhalt in der Saison 2022\/23 folgten die Pl\u00e4tze neun und acht in den vergangenen beiden Spielzeiten. Beide Male spielte Werder auch wieder um einen Europacup-Platz mit.<\/p>\n<p>Werner wollte Kader ver\u00e4ndern<\/p>\n<p id=\"absatz7\" class=\"em_text\">Die R\u00fcckkehr in einen internationalen Wettbewerb ist die gro\u00dfe Sehnsucht aller Fans und Club-Verantwortlichen bei dem fr\u00fcheren Champions-League-Teilnehmer. \u00dcber den Weg dorthin gibt es aber unterschiedliche Auffassungen. Wiederholt sprach sich Werner in den vergangenen Wochen f\u00fcr gr\u00f6\u00dfere Ver\u00e4nderungen des Kaders aus.<\/p>\n<p id=\"absatz8\" class=\"em_text\">\u00abIch wei\u00df nat\u00fcrlich, dass gewisse Dinge hier nicht funktionieren, weil sie finanziell nicht umsetzbar sind\u00bb, sagte Werner nach dem Saisonende in einem \u00abDeichstube\u00bb-Interview. Aber: \u00abF\u00fcr Profifu\u00dfball-Verh\u00e4ltnisse bin ich schon eine lange Zeit hier. Im n\u00e4chsten Sommer w\u00e4ren es viereinhalb Jahre. Wenn man da immer wieder neue Energie schaffen m\u00f6chte, gibt es nur zwei M\u00f6glichkeiten: Entweder es m\u00fcssen sich um einen Trainer herum Dinge ver\u00e4ndern, oder irgendwann ist es an dem Punkt, wo es f\u00fcr alle gut ist, wenn sich auf der Position des Trainers etwas tut.\u00bb <\/p>\n","protected":false},"excerpt":{"rendered":"Schritt f\u00fcr Schritt ging es f\u00fcr Werder Bremen unter ihm bergauf. Trotzdem verl\u00e4ngert Trainer Ole Werner seinen 2026&hellip;\n","protected":false},"author":2,"featured_media":141261,"comment_status":"","ping_status":"","sticky":false,"template":"","format":"standard","meta":{"footnotes":""},"categories":[1824],"tags":[2420,25412,3364,29,8401,30,14828,17229,2365],"class_list":{"0":"post-141260","1":"post","2":"type-post","3":"status-publish","4":"format-standard","5":"has-post-thumbnail","7":"category-bremen","8":"tag-bremen","9":"tag-clemens-fritz","10":"tag-de","11":"tag-deutschland","12":"tag-fuball-bundesliga","13":"tag-germany","14":"tag-ole-werner","15":"tag-peter-niemeyer","16":"tag-sv-werder-bremen"},"share_on_mastodon":{"url":"https:\/\/pubeurope.com\/@de\/114574661071644090","error":""},"_links":{"self":[{"href":"https:\/\/www.europesays.com\/de\/wp-json\/wp\/v2\/posts\/141260","targetHints":{"allow":["GET"]}}],"collection":[{"href":"https:\/\/www.europesays.com\/de\/wp-json\/wp\/v2\/posts"}],"about":[{"href":"https:\/\/www.europesays.com\/de\/wp-json\/wp\/v2\/types\/post"}],"author":[{"embeddable":true,"href":"https:\/\/www.europesays.com\/de\/wp-json\/wp\/v2\/users\/2"}],"replies":[{"embeddable":true,"href":"https:\/\/www.europesays.com\/de\/wp-json\/wp\/v2\/comments?post=141260"}],"version-history":[{"count":0,"href":"https:\/\/www.europesays.com\/de\/wp-json\/wp\/v2\/posts\/141260\/revisions"}],"wp:featuredmedia":[{"embeddable":true,"href":"https:\/\/www.europesays.com\/de\/wp-json\/wp\/v2\/media\/141261"}],"wp:attachment":[{"href":"https:\/\/www.europesays.com\/de\/wp-json\/wp\/v2\/media?parent=141260"}],"wp:term":[{"taxonomy":"category","embeddable":true,"href":"https:\/\/www.europesays.com\/de\/wp-json\/wp\/v2\/categories?post=141260"},{"taxonomy":"post_tag","embeddable":true,"href":"https:\/\/www.europesays.com\/de\/wp-json\/wp\/v2\/tags?post=141260"}],"curies":[{"name":"wp","href":"https:\/\/api.w.org\/{rel}","templated":true}]}}