{"id":141274,"date":"2025-05-26T14:48:12","date_gmt":"2025-05-26T14:48:12","guid":{"rendered":"https:\/\/www.europesays.com\/de\/141274\/"},"modified":"2025-05-26T14:48:12","modified_gmt":"2025-05-26T14:48:12","slug":"sascha-brunder-ist-der-neue-koenig-von-wersten","status":"publish","type":"post","link":"https:\/\/www.europesays.com\/de\/141274\/","title":{"rendered":"Sascha Brunder ist der neue K\u00f6nig von Wersten"},"content":{"rendered":"<p class=\"text_ohne_einzug richtext text-em-55 !leading-serif mx-6 desktop:mx-0\">Sascha Brunder geht mit konzentriertem Blick an die Schie\u00dfanlage. Ein gut gesetzter Treffer und die Reste der K\u00f6nigsplatte w\u00fcrden wenig sp\u00e4ter zu Boden fallen. Mehrmals ist es schon laut geworden vor der Schie\u00dfanlage, an der sich am fr\u00fchen Sonntagabend eine gro\u00dfe Menschenmenge versammelt hat. Das Ringen um die K\u00f6nigsw\u00fcrde beim St. Sebastian Sch\u00fctzenverein ist dieses Mal etwas Besonderes, denn der Verein wird in diesem Jahr 100 Jahre alt.<\/p>\n","protected":false},"excerpt":{"rendered":"Sascha Brunder geht mit konzentriertem Blick an die Schie\u00dfanlage. Ein gut gesetzter Treffer und die Reste der K\u00f6nigsplatte&hellip;\n","protected":false},"author":2,"featured_media":141275,"comment_status":"","ping_status":"","sticky":false,"template":"","format":"standard","meta":{"footnotes":""},"categories":[1831],"tags":[51228,3364,29,3405,30,48994,18127,35129,51233,35272,35279,1209,30028,18776,51229,9877,40719,14968,51231,51232,51230,10434,17549,35209],"class_list":{"0":"post-141274","1":"post","2":"type-post","3":"status-publish","4":"format-standard","5":"has-post-thumbnail","7":"category-duesseldorf","8":"tag-brunder","9":"tag-de","10":"tag-deutschland","11":"tag-duesseldorf","12":"tag-germany","13":"tag-jungschuetzenkoenig","14":"tag-koenig","15":"tag-koenigin","16":"tag-koenigskette","17":"tag-koenigsplatte","18":"tag-koenigswuerde","19":"tag-nordrhein-westfalen","20":"tag-parade","21":"tag-sascha","22":"tag-schiessanlage","23":"tag-schuetzen","24":"tag-schuetzengemeinschaft","25":"tag-schuetzenverein","26":"tag-schuetzin","27":"tag-schuetzinnen","28":"tag-ulrich-haas","29":"tag-verein","30":"tag-wersten","31":"tag-werstener"},"share_on_mastodon":{"url":"https:\/\/pubeurope.com\/@de\/114574688529651775","error":""},"_links":{"self":[{"href":"https:\/\/www.europesays.com\/de\/wp-json\/wp\/v2\/posts\/141274","targetHints":{"allow":["GET"]}}],"collection":[{"href":"https:\/\/www.europesays.com\/de\/wp-json\/wp\/v2\/posts"}],"about":[{"href":"https:\/\/www.europesays.com\/de\/wp-json\/wp\/v2\/types\/post"}],"author":[{"embeddable":true,"href":"https:\/\/www.europesays.com\/de\/wp-json\/wp\/v2\/users\/2"}],"replies":[{"embeddable":true,"href":"https:\/\/www.europesays.com\/de\/wp-json\/wp\/v2\/comments?post=141274"}],"version-history":[{"count":0,"href":"https:\/\/www.europesays.com\/de\/wp-json\/wp\/v2\/posts\/141274\/revisions"}],"wp:featuredmedia":[{"embeddable":true,"href":"https:\/\/www.europesays.com\/de\/wp-json\/wp\/v2\/media\/141275"}],"wp:attachment":[{"href":"https:\/\/www.europesays.com\/de\/wp-json\/wp\/v2\/media?parent=141274"}],"wp:term":[{"taxonomy":"category","embeddable":true,"href":"https:\/\/www.europesays.com\/de\/wp-json\/wp\/v2\/categories?post=141274"},{"taxonomy":"post_tag","embeddable":true,"href":"https:\/\/www.europesays.com\/de\/wp-json\/wp\/v2\/tags?post=141274"}],"curies":[{"name":"wp","href":"https:\/\/api.w.org\/{rel}","templated":true}]}}