{"id":141278,"date":"2025-05-26T14:50:09","date_gmt":"2025-05-26T14:50:09","guid":{"rendered":"https:\/\/www.europesays.com\/de\/141278\/"},"modified":"2025-05-26T14:50:09","modified_gmt":"2025-05-26T14:50:09","slug":"baden-wuerttemberg-mitglied-von-einbruchstrio-gefasst","status":"publish","type":"post","link":"https:\/\/www.europesays.com\/de\/141278\/","title":{"rendered":"Baden-W\u00fcrttemberg: Mitglied von Einbruchstrio gefasst"},"content":{"rendered":"<p>                    Baden-W\u00fcrttemberg<br \/>\n                Mitglied von Einbruchstrio gefasst<\/p>\n<p>\t\t\t\t              26.05.2025, 16:21 Uhr<\/p>\n<p><strong>Immer wieder kommt es zu Einbr\u00fcchen in den Landkreisen Esslingen und G\u00f6ppingen. Nun verzeichnet die Polizei einen Ermittlungserfolg.<\/strong><\/p>\n<p>Esslingen\/G\u00f6ppingen (dpa\/lsw) &#8211; Auf das Konto des Trios sollen insgesamt 26 Einbr\u00fcche in den Kreisen Esslingen und G\u00f6ppingen gehen: Nun hat die Polizei eine Frau gefasst, die der Gruppe angeh\u00f6ren soll. Die 34-J\u00e4hrige sei bei der Durchsuchung ihrer Wohnung am Donnerstag zu Hause gewesen und festgenommen worden, teilten Staatsanwaltschaft und Polizei mit.<\/p>\n<p>Den drei wird schwerer Bandendiebstahl vorgeworfen. Sie sollen in diesem Jahr bereits 26 Einbr\u00fcche begangen und dabei einen Schaden von mehr als 110.000 Euro verursacht haben, hie\u00df es. Eine spezialisierte Ermittlungsgruppe sei der Bande auf die Schliche gekommen.\u00a0<\/p>\n<p>Vor dem Amtsgericht Stuttgart beantragte die Staatsanwaltschaft einen Haftbefehl, den der Richter ausstellte und in Vollzug setzte. Die Ermittlungen zu ihren mutma\u00dflichen Komplizen dauern weiter an.<\/p>\n","protected":false},"excerpt":{"rendered":"Baden-W\u00fcrttemberg Mitglied von Einbruchstrio gefasst 26.05.2025, 16:21 Uhr Immer wieder kommt es zu Einbr\u00fcchen in den Landkreisen Esslingen&hellip;\n","protected":false},"author":2,"featured_media":141279,"comment_status":"","ping_status":"","sticky":false,"template":"","format":"standard","meta":{"footnotes":""},"categories":[1830],"tags":[1634,3364,29,51237,30,11073,1441],"class_list":{"0":"post-141278","1":"post","2":"type-post","3":"status-publish","4":"format-standard","5":"has-post-thumbnail","7":"category-stuttgart","8":"tag-baden-wuerttemberg","9":"tag-de","10":"tag-deutschland","11":"tag-einbruchstrio","12":"tag-germany","13":"tag-mitglied","14":"tag-stuttgart"},"share_on_mastodon":{"url":"https:\/\/pubeurope.com\/@de\/114574696311769415","error":""},"_links":{"self":[{"href":"https:\/\/www.europesays.com\/de\/wp-json\/wp\/v2\/posts\/141278","targetHints":{"allow":["GET"]}}],"collection":[{"href":"https:\/\/www.europesays.com\/de\/wp-json\/wp\/v2\/posts"}],"about":[{"href":"https:\/\/www.europesays.com\/de\/wp-json\/wp\/v2\/types\/post"}],"author":[{"embeddable":true,"href":"https:\/\/www.europesays.com\/de\/wp-json\/wp\/v2\/users\/2"}],"replies":[{"embeddable":true,"href":"https:\/\/www.europesays.com\/de\/wp-json\/wp\/v2\/comments?post=141278"}],"version-history":[{"count":0,"href":"https:\/\/www.europesays.com\/de\/wp-json\/wp\/v2\/posts\/141278\/revisions"}],"wp:featuredmedia":[{"embeddable":true,"href":"https:\/\/www.europesays.com\/de\/wp-json\/wp\/v2\/media\/141279"}],"wp:attachment":[{"href":"https:\/\/www.europesays.com\/de\/wp-json\/wp\/v2\/media?parent=141278"}],"wp:term":[{"taxonomy":"category","embeddable":true,"href":"https:\/\/www.europesays.com\/de\/wp-json\/wp\/v2\/categories?post=141278"},{"taxonomy":"post_tag","embeddable":true,"href":"https:\/\/www.europesays.com\/de\/wp-json\/wp\/v2\/tags?post=141278"}],"curies":[{"name":"wp","href":"https:\/\/api.w.org\/{rel}","templated":true}]}}