{"id":141299,"date":"2025-05-26T15:01:14","date_gmt":"2025-05-26T15:01:14","guid":{"rendered":"https:\/\/www.europesays.com\/de\/141299\/"},"modified":"2025-05-26T15:01:14","modified_gmt":"2025-05-26T15:01:14","slug":"wettervorhersage-nasser-wochenstart-in-berlin-und-brandenburg","status":"publish","type":"post","link":"https:\/\/www.europesays.com\/de\/141299\/","title":{"rendered":"Wettervorhersage: Nasser Wochenstart in Berlin und Brandenburg"},"content":{"rendered":"<p>        26. Mai 2025, 7:07 Uhr<br \/>\n    Quelle: dpa Berlin\/Brandenburg\n<\/p>\n<p>        Hinweis<\/p>\n<p class=\"article-notice__text\">ZEIT ONLINE hat diese Meldung redaktionell nicht bearbeitet. Sie wurde automatisch von der Deutschen Presse-Agentur (dpa) \u00fcbernommen.<\/p>\n<p>            <img decoding=\"async\" class=\"article__media-item\" src=\"https:\/\/www.europesays.com\/de\/wp-content\/uploads\/2025\/05\/1748271674_26_wide__660x371.jpeg\" alt=\"Wettervorhersage: Regen bestimmt die n\u00e4chsten Tage das Wetter in Berlin und Brandenburg. (Symbolbild)\"\/><\/p>\n<p>                    Regen bestimmt die n\u00e4chsten Tage das Wetter in Berlin und Brandenburg. (Symbolbild)<br \/>\n            \u00a9\u00a0Sebastian Gollnow\/\u200bdpa<\/p>\n<p class=\"paragraph article__item\">Unbest\u00e4ndig und regnerisch wird es in der Hauptstadtregion bis zur Mitte der Woche sein. Neben Gewitter, Graupel und st\u00fcrmischen B\u00f6en bleibt es laut Deutschem Wetterdienst (DWD) mild.\n<\/p>\n<p>Aktuelles<\/p>\n<p>                <a href=\"https:\/\/www.zeit.de\/wissen\/umwelt\/2025-04\/deutscher-wetterdienst-april-trockenheit-regen\" data-ct-label=\"Deutscher Wetterdienst: Fr\u00fchling in Deutschland ist au\u00dfergew\u00f6hnlich trocken\" target=\"_blank\" rel=\"noopener\"><\/p>\n<p>                        Deutscher Wetterdienst:<br \/>\n                        Fr\u00fchling in Deutschland ist au\u00dfergew\u00f6hnlich trocken<\/p>\n<p>                <\/a><\/p>\n<p>                <a href=\"https:\/\/www.zeit.de\/zeit-magazin\/wochenmarkt\/2025-05\/ricotta-zitronen-ringkuchen-rezept-wochenmarkt\" data-ct-label=\"Ricotta-Zitronen-Ringkuchen: Dieser Ring ist die Rettung!\" target=\"_blank\" rel=\"noopener\"><\/p>\n<p>        Z+ (abopflichtiger Inhalt);<\/p>\n<p>    Ricotta-Zitronen-Ringkuchen:<br \/>\n                        Dieser Ring ist die Rettung!<\/p>\n<p>                <\/a><\/p>\n<p>                <a href=\"https:\/\/www.zeit.de\/gesellschaft\/2025-05\/unwetter-deutschland-verletzte-sperrungen-bahn-festivals\" data-ct-label=\"Wetterumschwung: Verletzte und Bahnsperrungen nach starken Unwettern\" target=\"_blank\" rel=\"noopener\"><\/p>\n<p>                        Wetterumschwung:<br \/>\n                        Verletzte und Bahnsperrungen nach starken Unwettern<\/p>\n<p>                <\/a><\/p>\n<p class=\"paragraph article__item\">Heute zieht der morgendliche Regen schnell ab und es wird kurz freundlich. Bei Werten bis zu 21 Grad tr\u00fcben sich die Aussichten ab den Mittagsstunden jedoch bereits wieder ein &#8211; einzelne Gewitter mit lokalem Graupel sind laut DWD zu erwarten. Auch st\u00fcrmische B\u00f6en bis zu 55 Kilometern pro Stunde seien nicht ausgeschlossen. In der Nacht zu Dienstag lockert die Wolkendecke bei Tiefstwerten von sieben Grad auf und es bleibt weitestgehend trocken.\n<\/p>\n<p class=\"paragraph article__item\">Am Dienstag und Mittwoch ist es weiterhin regnerisch wechselhaft: Am zweiten Arbeitstag der Woche sind ab Mittag erneut Schauer und Gewitter sowie einzelne Windb\u00f6en m\u00f6glich. Die Werte erreichen 18 bis 22 Grad. Auch in der Nacht auf Mittwoch h\u00e4lt der Regen an. Am Mittwoch selbst \u00e4ndert sich bei Temperaturen bis zu 21 Grad kaum etwas im Vergleich zu den vorigen Tagen.\n<\/p>\n<p class=\"paragraph article__item\">\u00a9 dpa-infocom, dpa:250526-930-591340\/1<\/p>\n","protected":false},"excerpt":{"rendered":"26. Mai 2025, 7:07 Uhr Quelle: dpa Berlin\/Brandenburg Hinweis ZEIT ONLINE hat diese Meldung redaktionell nicht bearbeitet. Sie&hellip;\n","protected":false},"author":2,"featured_media":141300,"comment_status":"","ping_status":"","sticky":false,"template":"","format":"standard","meta":{"footnotes":""},"categories":[1825],"tags":[1941,1939,296,1937,1890,29,30,50974,16975,1940,15,1938,2255],"class_list":{"0":"post-141299","1":"post","2":"type-post","3":"status-publish","4":"format-standard","5":"has-post-thumbnail","7":"category-berlin","8":"tag-aktuelle-nachrichten-aus-berlin","9":"tag-aktuelle-news-aus-berlin","10":"tag-berlin","11":"tag-berlin-news","12":"tag-brandenburg","13":"tag-deutschland","14":"tag-germany","15":"tag-graupel","16":"tag-hauptstadtregion","17":"tag-nachrichten-aus-berlin","18":"tag-news","19":"tag-news-aus-berlin","20":"tag-wettervorhersage"},"share_on_mastodon":{"url":"https:\/\/pubeurope.com\/@de\/114574739809112162","error":""},"_links":{"self":[{"href":"https:\/\/www.europesays.com\/de\/wp-json\/wp\/v2\/posts\/141299","targetHints":{"allow":["GET"]}}],"collection":[{"href":"https:\/\/www.europesays.com\/de\/wp-json\/wp\/v2\/posts"}],"about":[{"href":"https:\/\/www.europesays.com\/de\/wp-json\/wp\/v2\/types\/post"}],"author":[{"embeddable":true,"href":"https:\/\/www.europesays.com\/de\/wp-json\/wp\/v2\/users\/2"}],"replies":[{"embeddable":true,"href":"https:\/\/www.europesays.com\/de\/wp-json\/wp\/v2\/comments?post=141299"}],"version-history":[{"count":0,"href":"https:\/\/www.europesays.com\/de\/wp-json\/wp\/v2\/posts\/141299\/revisions"}],"wp:featuredmedia":[{"embeddable":true,"href":"https:\/\/www.europesays.com\/de\/wp-json\/wp\/v2\/media\/141300"}],"wp:attachment":[{"href":"https:\/\/www.europesays.com\/de\/wp-json\/wp\/v2\/media?parent=141299"}],"wp:term":[{"taxonomy":"category","embeddable":true,"href":"https:\/\/www.europesays.com\/de\/wp-json\/wp\/v2\/categories?post=141299"},{"taxonomy":"post_tag","embeddable":true,"href":"https:\/\/www.europesays.com\/de\/wp-json\/wp\/v2\/tags?post=141299"}],"curies":[{"name":"wp","href":"https:\/\/api.w.org\/{rel}","templated":true}]}}