{"id":141321,"date":"2025-05-26T15:12:09","date_gmt":"2025-05-26T15:12:09","guid":{"rendered":"https:\/\/www.europesays.com\/de\/141321\/"},"modified":"2025-05-26T15:12:09","modified_gmt":"2025-05-26T15:12:09","slug":"absetzen-koennte-kardiovaskulaeres-risiko-erhoehen","status":"publish","type":"post","link":"https:\/\/www.europesays.com\/de\/141321\/","title":{"rendered":"Absetzen k\u00f6nnte kardiovaskul\u00e4res Risiko erh\u00f6hen"},"content":{"rendered":"<p>    &#13;<br \/>\n      &#13;<br \/>\n        Hypertoniker besonders betroffen&#13;<\/p>\n<p class=\"intro\">Die A\u03b2YSS-Studie aus 2024 verweist auf ein erh\u00f6htes Risiko f\u00fcr Tod und kardiovaskul\u00e4re Ereignisse nach Absetzen der Betablockertherapie post-Myokardinfarkt. Nun zeigt sich, dass dieser Zusammenhang auf eine schlechtere Kontrolle von Blutdruck und Herzfrequenz zur\u00fcckzuf\u00fchren sein k\u00f6nnte.<\/p>\n","protected":false},"excerpt":{"rendered":"&#13; &#13; Hypertoniker besonders betroffen&#13; Die A\u03b2YSS-Studie aus 2024 verweist auf ein erh\u00f6htes Risiko f\u00fcr Tod und kardiovaskul\u00e4re&hellip;\n","protected":false},"author":2,"featured_media":141322,"comment_status":"","ping_status":"","sticky":false,"template":"","format":"standard","meta":{"footnotes":""},"categories":[137],"tags":[1187,29,30,141,232,288,4205],"class_list":{"0":"post-141321","1":"post","2":"type-post","3":"status-publish","4":"format-standard","5":"has-post-thumbnail","7":"category-gesundheit","8":"tag-arzt","9":"tag-deutschland","10":"tag-germany","11":"tag-gesundheit","12":"tag-health","13":"tag-krankheit","14":"tag-therapie"},"share_on_mastodon":{"url":"https:\/\/pubeurope.com\/@de\/114574783040973857","error":""},"_links":{"self":[{"href":"https:\/\/www.europesays.com\/de\/wp-json\/wp\/v2\/posts\/141321","targetHints":{"allow":["GET"]}}],"collection":[{"href":"https:\/\/www.europesays.com\/de\/wp-json\/wp\/v2\/posts"}],"about":[{"href":"https:\/\/www.europesays.com\/de\/wp-json\/wp\/v2\/types\/post"}],"author":[{"embeddable":true,"href":"https:\/\/www.europesays.com\/de\/wp-json\/wp\/v2\/users\/2"}],"replies":[{"embeddable":true,"href":"https:\/\/www.europesays.com\/de\/wp-json\/wp\/v2\/comments?post=141321"}],"version-history":[{"count":0,"href":"https:\/\/www.europesays.com\/de\/wp-json\/wp\/v2\/posts\/141321\/revisions"}],"wp:featuredmedia":[{"embeddable":true,"href":"https:\/\/www.europesays.com\/de\/wp-json\/wp\/v2\/media\/141322"}],"wp:attachment":[{"href":"https:\/\/www.europesays.com\/de\/wp-json\/wp\/v2\/media?parent=141321"}],"wp:term":[{"taxonomy":"category","embeddable":true,"href":"https:\/\/www.europesays.com\/de\/wp-json\/wp\/v2\/categories?post=141321"},{"taxonomy":"post_tag","embeddable":true,"href":"https:\/\/www.europesays.com\/de\/wp-json\/wp\/v2\/tags?post=141321"}],"curies":[{"name":"wp","href":"https:\/\/api.w.org\/{rel}","templated":true}]}}