{"id":141325,"date":"2025-05-26T15:14:11","date_gmt":"2025-05-26T15:14:11","guid":{"rendered":"https:\/\/www.europesays.com\/de\/141325\/"},"modified":"2025-05-26T15:14:11","modified_gmt":"2025-05-26T15:14:11","slug":"aenderung-bei-kinderquizshow-1-2-oder-3-orf-vor-ruecktritt","status":"publish","type":"post","link":"https:\/\/www.europesays.com\/de\/141325\/","title":{"rendered":"\u00c4nderung bei Kinderquizshow &#8222;1, 2 oder 3&#8220; \u2013ORF vor R\u00fccktritt"},"content":{"rendered":"<p>Nach fast 50 Jahren <\/p>\n<p>\u00dcberraschende \u00c4nderung bei ZDF-Kindershow &#8222;1, 2 oder 3&#8220;<\/p>\n<p>Aktualisiert am 26.05.2025 &#8211; 17:08 UhrLesedauer: 2 Min.<\/p>\n<p><a href=\"#focus-0\" class=\"transition-colors duration-200 focus-within:text-magenta block text-current relative\" data-sctrack=\"FocusGalleryImage.Reference\"><img fetchpriority=\"high\" data-testid=\"Opener.Image\" style=\"--lqipURL:url('https:\/\/images.t-online.de\/2025\/05\/8AWShTU1eJxp\/287x347:2644x1487\/fit-in\/150x0\/filters:blur(25)\/elton-seit-2010-moderiert-er-die-kindershow-1-2-oder-3.jpg')\"   loading=\"eager\" src=\"https:\/\/www.europesays.com\/de\/wp-content\/uploads\/2025\/05\/elton-seit-2010-moderiert-er-die-kindershow-1-2-oder-3.jpg\" alt=\"Elton: Seit 2010 moderiert er die Kindershow &quot;1, 2 oder 3&quot;.\" title=\"Elton: Seit 2010 moderiert er die Kindershow &quot;1, 2 oder 3&quot;.\" width=\"2644\" height=\"1487\" class=\"bg-[url:var(--lqipURL)] bg-cover bg-center flex w-full max-w-full h-full\" decoding=\"async\"\/><img style=\"--width:32;--height:32\" loading=\"lazy\" src=\"https:\/\/www.europesays.com\/de\/wp-content\/uploads\/2025\/05\/zoom-in.f7dae02f.svg.svg+xml\" alt=\"Vergr\u00f6\u00dfern des Bildes\" title=\"Vergr\u00f6\u00dfern des Bildes\" class=\"&#10;        block&#10;        h-[calc(var(--height)_\/_16_*_1rem)]&#10;        w-[calc(var(--width)_\/_16_*_1rem)]&#10;        max-w-none&#10;        absolute bottom-8 right-8 rounded-4 bg-snow p-8\" decoding=\"async\"\/><\/a><\/p>\n<p>Elton: Seit 2010 moderiert er die Kindershow &#8222;1, 2 oder 3&#8220;. (Quelle: Ralf Wilschewski \/ ZDF)<\/p>\n<p class=\"font-bold text-18 leading-17\"><strong class=\"font-bold\">Seit Jahrzehnten flimmert die bekannte Spielshow \u00fcber die Bildschirme dreier L\u00e4nder. Nun zieht einer der Partner den Stecker \u2013 ausgerechnet der, bei dem alles begann.<\/strong><\/p>\n<p class=\"text-18 leading-17\">Im Dezember 1977 feierte die Kinderquizshow &#8222;1, 2 oder 3&#8220; Premiere in <a class=\"transition-colors duration-200 cursor-pointer text-inherit no-underline text-salemsfur md:hover:text-magenta md:hover:border-magenta md:focus:text-magenta border-current border-b border-solid break-words\" href=\"https:\/\/www.t-online.de\/themen\/oesterreich\/\" data-sctrack=\"BodyAnchor\" target=\"_blank\" rel=\"noopener\">\u00d6sterreich<\/a>, beim ORF1-Vorg\u00e4nger FS1. Kurz darauf hielt die Sendung auch Einzug im deutschen Fernsehen \u2013 im <a class=\"transition-colors duration-200 cursor-pointer text-inherit no-underline text-salemsfur md:hover:text-magenta md:hover:border-magenta md:focus:text-magenta border-current border-b border-solid break-words\" href=\"https:\/\/www.t-online.de\/themen\/zdf\/\" data-sctrack=\"BodyAnchor\" target=\"_blank\" rel=\"noopener\">ZDF<\/a>. Nun, fast 50 Jahre sp\u00e4ter, trifft der \u00f6sterreichische Sender eine \u00fcberraschende Entscheidung.<\/p>\n<p class=\"text-18 leading-17\">Der \u00f6sterreichische Rundfunk ORF hat seinen Ausstieg aus der Kinderquizshow verk\u00fcndet. Ab dem Schuljahr 2025\/2026 wird der Sender nicht mehr als Koproduktionspartner von &#8222;1, 2 oder 3&#8220; fungieren, wie das Medienbranchen-Fachmagazin &#8222;dwdl.de&#8220; berichtet.<\/p>\n<p class=\"text-18 leading-17\">Die im Rahmen des bestehenden Vertrags produzierten Folgen sollen laut ORF noch bis Ende 2025 ausgestrahlt werden. Danach ist f\u00fcr den \u00f6sterreichischen Sender nach fast einem halben Jahrhundert Schluss mit der Kindershow.<\/p>\n<p class=\"text-18 leading-17\">Mit dieser Entscheidung folgt der ORF dem Schweizer Fernsehen, das bereits Ende 2006 aus der gemeinsamen Produktion ausgestiegen war. Das ZDF bleibt damit als letzter Partner an Bord und bekr\u00e4ftigt, dass die Show dort dennoch fortgef\u00fchrt werden soll. &#8222;Wir bedanken uns beim ORF f\u00fcr \u00fcber 40 Jahre erfolgreiche, l\u00e4nder\u00fcbergreifende Zusammenarbeit&#8220;, erkl\u00e4rte ein ZDF-Sprecher &#8222;dwdl.de&#8220;.<\/p>\n<p class=\"text-18 leading-17\">Fans der Show m\u00fcssen sich auf Ver\u00e4nderungen einstellen: Anstatt wie bisher Teams aus verschiedenen L\u00e4ndern treten k\u00fcnftig in den regul\u00e4ren Folgen Kinder aus drei unterschiedlichen deutschen Bundesl\u00e4ndern gegeneinander an. F\u00fcr Spezialausgaben plant das ZDF zudem thematische Teams \u2013 etwa mit Kindern, die einen Sport, ein Ehrenamt oder eine besondere F\u00e4higkeit teilen.<\/p>\n<p class=\"text-18 leading-17\">An der Moderation scheint sich nichts zu \u00e4ndern. <a class=\"transition-colors duration-200 cursor-pointer text-inherit no-underline text-salemsfur md:hover:text-magenta md:hover:border-magenta md:focus:text-magenta border-current border-b border-solid break-words\" href=\"https:\/\/www.t-online.de\/themen\/elton\/\" data-sctrack=\"BodyAnchor\" target=\"_blank\" rel=\"noopener\">Elton<\/a> moderiert seit 15 Jahren das Format. <a class=\"transition-colors duration-200 cursor-pointer text-inherit no-underline text-salemsfur md:hover:text-magenta md:hover:border-magenta md:focus:text-magenta border-current border-b border-solid break-words\" href=\"https:\/\/www.t-online.de\/themen\/michael-schanze\/\" data-sctrack=\"BodyAnchor\" target=\"_blank\" rel=\"noopener\">Michael Schanze<\/a> war der erste Gastgeber der Show, f\u00fchrte von 1977 bis 1985 durch die Sendung. Es folgten Birgit Lechtermann, Gregor Steinbrenner und Daniel Fischer. Elton \u00fcbernahm ab 2010 die Moderation.<\/p>\n","protected":false},"excerpt":{"rendered":"Nach fast 50 Jahren \u00dcberraschende \u00c4nderung bei ZDF-Kindershow &#8222;1, 2 oder 3&#8220; Aktualisiert am 26.05.2025 &#8211; 17:08 UhrLesedauer:&hellip;\n","protected":false},"author":2,"featured_media":141326,"comment_status":"","ping_status":"","sticky":false,"template":"","format":"standard","meta":{"footnotes":""},"categories":[155],"tags":[722,522,29,214,30,51247,51245,51244,8872,1433,51246,215,1448],"class_list":{"0":"post-141325","1":"post","2":"type-post","3":"status-publish","4":"format-standard","5":"has-post-thumbnail","7":"category-unterhaltung","8":"tag-722","9":"tag-522","10":"tag-deutschland","11":"tag-entertainment","12":"tag-germany","13":"tag-kinderquizshow","14":"tag-kindershow","15":"tag-michael-schanze","16":"tag-orf","17":"tag-oesterreich","18":"tag-spielshow","19":"tag-unterhaltung","20":"tag-zdf"},"share_on_mastodon":{"url":"https:\/\/pubeurope.com\/@de\/114574790832557932","error":""},"_links":{"self":[{"href":"https:\/\/www.europesays.com\/de\/wp-json\/wp\/v2\/posts\/141325","targetHints":{"allow":["GET"]}}],"collection":[{"href":"https:\/\/www.europesays.com\/de\/wp-json\/wp\/v2\/posts"}],"about":[{"href":"https:\/\/www.europesays.com\/de\/wp-json\/wp\/v2\/types\/post"}],"author":[{"embeddable":true,"href":"https:\/\/www.europesays.com\/de\/wp-json\/wp\/v2\/users\/2"}],"replies":[{"embeddable":true,"href":"https:\/\/www.europesays.com\/de\/wp-json\/wp\/v2\/comments?post=141325"}],"version-history":[{"count":0,"href":"https:\/\/www.europesays.com\/de\/wp-json\/wp\/v2\/posts\/141325\/revisions"}],"wp:featuredmedia":[{"embeddable":true,"href":"https:\/\/www.europesays.com\/de\/wp-json\/wp\/v2\/media\/141326"}],"wp:attachment":[{"href":"https:\/\/www.europesays.com\/de\/wp-json\/wp\/v2\/media?parent=141325"}],"wp:term":[{"taxonomy":"category","embeddable":true,"href":"https:\/\/www.europesays.com\/de\/wp-json\/wp\/v2\/categories?post=141325"},{"taxonomy":"post_tag","embeddable":true,"href":"https:\/\/www.europesays.com\/de\/wp-json\/wp\/v2\/tags?post=141325"}],"curies":[{"name":"wp","href":"https:\/\/api.w.org\/{rel}","templated":true}]}}