{"id":141356,"date":"2025-05-26T15:30:09","date_gmt":"2025-05-26T15:30:09","guid":{"rendered":"https:\/\/www.europesays.com\/de\/141356\/"},"modified":"2025-05-26T15:30:09","modified_gmt":"2025-05-26T15:30:09","slug":"wohnbau-woerth-bekommt-millionenfoerderung-fuer-sanierung-von-40-wohnungen-woerth","status":"publish","type":"post","link":"https:\/\/www.europesays.com\/de\/141356\/","title":{"rendered":"Wohnbau W\u00f6rth bekommt Millionenf\u00f6rderung f\u00fcr Sanierung von 40 Wohnungen &#8211; W\u00f6rth"},"content":{"rendered":"<p class=\"rhp-dpa-teaser\"><b>Mit einem einstelligen Millionenbetrag f\u00f6rdert das Land die Sanierung von Geb\u00e4uden in der Dorschbergstra\u00dfe. Am Montag war Finanz- und Bauministerin Doris Ahnen (SPD) in W\u00f6rth.<\/b><\/p>\n<p>\u00dcber die Investitions- und Strukturbank (ISB) \u2013 beim Ortstermin am Montag vertreten durch Vorstandsmitglied Sandra Baumbach \u2013  f\u00f6rdert das Land das Sanierungsvorhaben an zwei H\u00e4usern in der Dorschbergstra\u00dfe mit einem Darlehen in H\u00f6he von rund 6,7 Millionen Euro und Tilgungszusch\u00fcssen in H\u00f6he von 2,3 Millionen Euro. So erl\u00e4uterte die Gesch\u00e4ftsf\u00fchrerin der Wohnbau, Petra Pfeiffer, die finanzielle Unterst\u00fctzung. <\/p>\n<p>\u201eIch freue mich, dass es hier weitergeht\u201c, meinte die Ministerin, nachdem sie bereits 2022 einen F\u00f6rderscheck f\u00fcr den Neubau eines Hauses in der Keltenstra\u00dfe \u00fcberreicht hatte. \u201eBezahlbares Bauen und Wohnen ist bei uns nicht erst seit gestern Thema, sondern schon seit langer Zeit, ob f\u00fcr Neubauten oder f\u00fcr Modernisierungsma\u00dfnahmen. Deshalb haben wir im Haushalt 2025\/26 auch 350 Millionen F\u00f6rdermittel pro Jahr eingestellt\u201c, so  <a class=\"rtr-entity\" data-rtr-entity=\"Doris Ahnen\" data-rtr-id=\"0d7fafde4a4fc79347b6fa756348b80174bc6d91\" data-rtr-score=\"34.125290923196275\" data-rtr-etype=\"person\" data-rtr-index=\"14\" href=\"https:\/\/www.rheinpfalz.de\/themen\/doris-ahnen?utm_source=rheinpfalz.de&amp;utm_medium=tms&amp;utm_campaign=intext\" target=\"_blank\" rel=\"noopener\">Ahnen<\/a>.<\/p>\n<p>Die beiden Geb\u00e4ude in der Dorschbergstra\u00dfe 25-27 und 29-33 mit insgesamt 40 Wohnungen stammen aus den 60er-Jahren und sind seitdem unver\u00e4ndert. Die Ma\u00dfnahmen umfassen eine komplette energetische Sanierung und Umgestaltung von Dach mit Photovoltaik und Fassade mit neuen Fenstern. Das soll bis Ende 2025 abgeschlossen sein.<\/p>\n<p>Mehr Gr\u00fcn f\u00fcr den Au\u00dfenbereich<\/p>\n<p>Anschlie\u00dfend wird der Au\u00dfenbereich neu gestaltet, die Garagenh\u00f6fe werden abgerissen und neue Aufenthaltsbereiche mit Spielplatz, Tischen und B\u00e4nken geschaffen. Dazu kommen viele neue B\u00e4ume, Str\u00e4ucher und Gr\u00fcnbereiche mit einer neuen Wegf\u00fchrung.<\/p>\n<p>Auf dem Grundst\u00fcck sind zudem 24 neue barrierefreie Wohnungen geplant. Auch sie sollen mit \u00f6ffentlichen Mitteln finanziert werden. \u201eDamit sind alle Wohnungen in diesem Gebiet \u00f6ffentlich gef\u00f6rdert und garantieren den Erhalt und die Schaffung von bezahlbarem, energieeffizienten Wohnraum. Frau Ministerin, wir freuen uns auf einen dritten Besuch an dieser Stelle\u201c \u2013 so Pfeiffer.<\/p>\n<p>B\u00fcrgermeister Steffen Wei\u00df (FWG) verwies auf die von der Stadt geschaffenen gut funktionierenden Strukturen mit der Wohnbau und dankte allen an diesem Projekt Beteiligten sowie den Mietern f\u00fcr ihr Verst\u00e4ndnis w\u00e4hrend der Bauma\u00dfnahmen.<\/p>\n<p>Landtagsabgeordnete Katrin Rehak-Nitsche (SPD) wollte nicht von sozialem, sondern von bezahlbarem und klimafreundlichem Wohnbau sprechen, der ein Menschenrecht sei, den sich jeder leisten k\u00f6nnen m\u00fcsse, \u201eein sicherer Hafen.\u201c Landtagsabgeordneter Florian Bellaire (CDU) freute sich, dass sich Bund und Land dabei engagieren und verwies auf den Koalitionsvertrag der neuen Bundesregierung, in dem es auch um die F\u00f6rderung von kommunalen Wohnungsbaugesellschaften geht.<\/p>\n","protected":false},"excerpt":{"rendered":"Mit einem einstelligen Millionenbetrag f\u00f6rdert das Land die Sanierung von Geb\u00e4uden in der Dorschbergstra\u00dfe. Am Montag war Finanz-&hellip;\n","protected":false},"author":2,"featured_media":141357,"comment_status":"","ping_status":"","sticky":false,"template":"","format":"standard","meta":{"footnotes":""},"categories":[1844],"tags":[1634,3364,29,18678,51268,30,51266,8903,4060,48711,27217,51267,4108,26187,26148],"class_list":{"0":"post-141356","1":"post","2":"type-post","3":"status-publish","4":"format-standard","5":"has-post-thumbnail","7":"category-karlsruhe","8":"tag-baden-wuerttemberg","9":"tag-de","10":"tag-deutschland","11":"tag-doris-ahnen","12":"tag-dorschbergstrasse","13":"tag-germany","14":"tag-isb","15":"tag-karlsruhe","16":"tag-lokal","17":"tag-millionenfoerderung","18":"tag-petra-pfeiffer","19":"tag-sandra-baumbach","20":"tag-sanierung","21":"tag-wohnbau","22":"tag-woerth"},"share_on_mastodon":{"url":"https:\/\/pubeurope.com\/@de\/114574853913608009","error":""},"_links":{"self":[{"href":"https:\/\/www.europesays.com\/de\/wp-json\/wp\/v2\/posts\/141356","targetHints":{"allow":["GET"]}}],"collection":[{"href":"https:\/\/www.europesays.com\/de\/wp-json\/wp\/v2\/posts"}],"about":[{"href":"https:\/\/www.europesays.com\/de\/wp-json\/wp\/v2\/types\/post"}],"author":[{"embeddable":true,"href":"https:\/\/www.europesays.com\/de\/wp-json\/wp\/v2\/users\/2"}],"replies":[{"embeddable":true,"href":"https:\/\/www.europesays.com\/de\/wp-json\/wp\/v2\/comments?post=141356"}],"version-history":[{"count":0,"href":"https:\/\/www.europesays.com\/de\/wp-json\/wp\/v2\/posts\/141356\/revisions"}],"wp:featuredmedia":[{"embeddable":true,"href":"https:\/\/www.europesays.com\/de\/wp-json\/wp\/v2\/media\/141357"}],"wp:attachment":[{"href":"https:\/\/www.europesays.com\/de\/wp-json\/wp\/v2\/media?parent=141356"}],"wp:term":[{"taxonomy":"category","embeddable":true,"href":"https:\/\/www.europesays.com\/de\/wp-json\/wp\/v2\/categories?post=141356"},{"taxonomy":"post_tag","embeddable":true,"href":"https:\/\/www.europesays.com\/de\/wp-json\/wp\/v2\/tags?post=141356"}],"curies":[{"name":"wp","href":"https:\/\/api.w.org\/{rel}","templated":true}]}}