{"id":141366,"date":"2025-05-26T15:35:10","date_gmt":"2025-05-26T15:35:10","guid":{"rendered":"https:\/\/www.europesays.com\/de\/141366\/"},"modified":"2025-05-26T15:35:10","modified_gmt":"2025-05-26T15:35:10","slug":"mann-verteidigt-freundin-in-bielefeld-und-wird-von-gruppe-zusammengeschlagen","status":"publish","type":"post","link":"https:\/\/www.europesays.com\/de\/141366\/","title":{"rendered":"Mann verteidigt Freundin in Bielefeld und wird von Gruppe zusammengeschlagen"},"content":{"rendered":"<p id=\"absatz1\" class=\"em_text\">Bielefeld. Die negativen Schlagzeilen rund um das Bielefelder Nachtleben rei\u00dfen nicht ab. Dieses Mal meldet die Polizei eine w\u00fcste Schl\u00e4gerei zwischen zwei Gruppen. Ein Mann (22) kam schlie\u00dflich mit schweren Kopfverletzungen ins Krankenhaus.<\/p>\n<p id=\"absatz2\" class=\"em_text\">Laut Polizeibericht waren zwei 22-J\u00e4hrige aus Rinteln (Niedersachsen) und D\u00f6rentrup (Kreis Lippe) in Begleitung einer 21-j\u00e4hrigen Bielefelderin am Samstagabend, 25. Mai, gegen 23.15 Uhr an der J\u00f6llenbecker Stra\u00dfe (H\u00f6he Friedensstra\u00dfe) unterwegs. Dort traf das Trio auf eine Gruppe unbekannter M\u00e4nner.<\/p>\n<p id=\"absatz4\" class=\"em_text\">Nach privaten Zeugenaufrufen auf sozialen Medien stellte sich die Situation so dar, dass angeblich zuvor die 21-j\u00e4hrige Freundin des Opfers von drei M\u00e4nnern bel\u00e4stigt und angep\u00f6belt worden sei.<\/p>\n<p id=\"absatz5\"><b class=\"bold\">Lesen Sie auch:<\/b> <a href=\"https:\/\/www.nw.de\/lokal\/bielefeld\/mitte\/24107459_Messer-Attentat-in-Bielefeld-soll-erneut-Thema-im-Landtag-werden.html\" target=\"_blank\" rel=\"noopener\">Messerattentat in Bielefeld soll erneut Thema im Landtag werden<\/a><\/p>\n<p>Der 22-J\u00e4hrige erleidet schwere Kopfverletzungen<\/p>\n<p id=\"absatz6\" class=\"em_text\">Als ihr Freund versuchte, dazwischenzugehen, entstand ein w\u00fctender Streit. Dann eskalierte die Situation: Die M\u00e4nner gingen aufeinander los, nach Angaben der Polizei verlagerte sich die Schl\u00e4gerei kurz darauf in eine Unterf\u00fchrung zwischen Ostwestfalendamm und Feilenstra\u00dfe. Schlie\u00dflich spitzte sich die Auseinandersetzung zu, der 22-j\u00e4hrige D\u00f6rentruper wurde aus der Gruppe der Angreifer heraus mehrfach geschlagen und getreten.<\/p>\n<p id=\"absatz7\" class=\"em_text\">\u201eDie unbekannten M\u00e4nner fl\u00fcchteten \u00fcber die Mindener Stra\u00dfe in Richtung eines Parkhauses\u201c, berichtete Polizeisprecherin Sarah Siedschlag. Rettungskr\u00e4fte versorgten den Verletzten und brachten ihn wenig sp\u00e4ter mit schweren Kopfverletzungen in ein Bielefelder Krankenhaus. Eine aufmerksame Zeugin konnte den Vorfall beobachten und den alarmierten Polizisten eine grobe T\u00e4terbeschreibung nennen.<\/p>\n<p id=\"absatz8\" class=\"em_text\">Nur unweit dieser \u00d6rtlichkeit war es erst am fr\u00fchen Sonntagmorgen, 18. Mai, zu einem deutschlandweit beachteten <a href=\"https:\/\/www.nw.de\/lokal\/bielefeld\/mitte\/24102001_Tatverdaechtiger-Bielefelder-Messerangreifer-ist-gefasst-Opfer-ausser-Lebensgefahr.html\" target=\"_blank\" rel=\"noopener\">Messerattentat<\/a> gekommen, bei dem mehrere Personen teils lebensgef\u00e4hrlich verletzt wurden.<\/p>\n<p>Einer der jungen T\u00e4ter trug einen wei\u00dfen Pullover<\/p>\n<p id=\"absatz9\" class=\"em_text\">Die Gruppe soll aus etwa vier bis f\u00fcnf M\u00e4nnern im Alter zwischen 17 und 22 bestanden haben. Alle sollen zwischen 1,65 und 1,70 Meter gro\u00df sein und ein s\u00fcdl\u00e4ndisches Erscheinungsbild haben. Einer von ihnen soll zur Tatzeit einen wei\u00dfen Pullover und eine blaue Jeans getragen haben. Der Rest der Gruppe soll dunkel gekleidet gewesen sein. Eine sofort eingeleitete Nahbereichsfahndung blieb erfolglos.<\/p>\n<p id=\"absatz10\" class=\"em_text\">Zeugen, die Angaben zur Auseinandersetzung oder der fl\u00fcchtigen M\u00e4nnergruppe geben k\u00f6nnen, melden sich beim Kriminalkommissariat 14 der Polizei unter Tel. 0521 5450.<\/p>\n<p id=\"absatz11\"><b class=\"bold\">News direkt aufs Smartphone:<\/b><b class=\"bold\"> <\/b><a href=\"https:\/\/whatsapp.com\/channel\/0029VaeYHJ40Qeam4DWyn109\" rel=\"noopener\" target=\"_blank\">Hier finden Sie den kostenlosen Whatsapp-Kanal der NW Bielefeld <\/a> <\/p>\n","protected":false},"excerpt":{"rendered":"Bielefeld. Die negativen Schlagzeilen rund um das Bielefelder Nachtleben rei\u00dfen nicht ab. Dieses Mal meldet die Polizei eine&hellip;\n","protected":false},"author":2,"featured_media":141367,"comment_status":"","ping_status":"","sticky":false,"template":"","format":"standard","meta":{"footnotes":""},"categories":[1841],"tags":[1605,51271,3364,29,30,30268,45650,31113,734,736,16384,1613,1411,1209,121,21714],"class_list":{"0":"post-141366","1":"post","2":"type-post","3":"status-publish","4":"format-standard","5":"has-post-thumbnail","7":"category-bielefeld","8":"tag-bielefeld","9":"tag-drentrup","10":"tag-de","11":"tag-deutschland","12":"tag-germany","13":"tag-gewaltausbruch","14":"tag-jllenbecker-strae","15":"tag-kopfverletzung","16":"tag-meta_artikelklasse_nachricht","17":"tag-meta_copyrights_nw","18":"tag-meta_themen_blaulicht_sicherheit","19":"tag-meta_userneeds_informieremich","20":"tag-niedersachsen","21":"tag-nordrhein-westfalen","22":"tag-polizei","23":"tag-rinteln"},"share_on_mastodon":{"url":"https:\/\/pubeurope.com\/@de\/114574873432262396","error":""},"_links":{"self":[{"href":"https:\/\/www.europesays.com\/de\/wp-json\/wp\/v2\/posts\/141366","targetHints":{"allow":["GET"]}}],"collection":[{"href":"https:\/\/www.europesays.com\/de\/wp-json\/wp\/v2\/posts"}],"about":[{"href":"https:\/\/www.europesays.com\/de\/wp-json\/wp\/v2\/types\/post"}],"author":[{"embeddable":true,"href":"https:\/\/www.europesays.com\/de\/wp-json\/wp\/v2\/users\/2"}],"replies":[{"embeddable":true,"href":"https:\/\/www.europesays.com\/de\/wp-json\/wp\/v2\/comments?post=141366"}],"version-history":[{"count":0,"href":"https:\/\/www.europesays.com\/de\/wp-json\/wp\/v2\/posts\/141366\/revisions"}],"wp:featuredmedia":[{"embeddable":true,"href":"https:\/\/www.europesays.com\/de\/wp-json\/wp\/v2\/media\/141367"}],"wp:attachment":[{"href":"https:\/\/www.europesays.com\/de\/wp-json\/wp\/v2\/media?parent=141366"}],"wp:term":[{"taxonomy":"category","embeddable":true,"href":"https:\/\/www.europesays.com\/de\/wp-json\/wp\/v2\/categories?post=141366"},{"taxonomy":"post_tag","embeddable":true,"href":"https:\/\/www.europesays.com\/de\/wp-json\/wp\/v2\/tags?post=141366"}],"curies":[{"name":"wp","href":"https:\/\/api.w.org\/{rel}","templated":true}]}}