{"id":141421,"date":"2025-05-26T16:06:18","date_gmt":"2025-05-26T16:06:18","guid":{"rendered":"https:\/\/www.europesays.com\/de\/141421\/"},"modified":"2025-05-26T16:06:18","modified_gmt":"2025-05-26T16:06:18","slug":"polizei-fahndete-nach-minderjaehrigen-und-drohte-mit-taser","status":"publish","type":"post","link":"https:\/\/www.europesays.com\/de\/141421\/","title":{"rendered":"Polizei fahndete nach Minderj\u00e4hrigen und drohte mit Taser"},"content":{"rendered":"<p>    <a href=\"https:\/\/www.ruhrnachrichten.de\/wp-content\/uploads\/2025\/05\/26\/15\/630_0900_4743187_473548432-1648x824.jpg\" rel=\"nofollow noopener\" target=\"_blank\"><\/p>\n<p>            <img loading=\"lazy\" decoding=\"async\" src=\"https:\/\/www.europesays.com\/de\/wp-content\/uploads\/2025\/05\/630_0900_4743186_473548432-640x428.jpg\" width=\"640\" height=\"428\"  alt=\"Ein Polizist h\u00e4lt einen Taser (Distanzelektroimpulsger\u00e4t) in den H\u00e4nden.\"\/><\/p>\n<p>    <\/a><br \/>\n    Bei einem Einsatz im Dortmunder Westen drohte die Polizei einem Minderj\u00e4hrigen gegen\u00fcber, einen Taser einzusetzen (Symbolbild). \u00a9 picture alliance\/dpa<\/p>\n<p class=\"article__teaser-text\">Die Polizei hat am Wochenende nach zwei Minderj\u00e4hrigen im Dortmunder Westen gefahndet, die eine Frau betrogen hatten. Offenbar kein Einzelfall.<\/p>\n<p>2 Min Lesezeit<\/p>\n<p>Am Wochenende sind im <a href=\"https:\/\/www.ruhrnachrichten.de\/dortmund-west\/\" data-imported=\"1\" rel=\"nofollow noopener\" target=\"_blank\">Dortmunder Westen<\/a> zwei Minderj\u00e4hrige vorl\u00e4ufig festgenommen worden. Sie hatten eine 28-j\u00e4hrige Frau betrogen.<\/p>\n<p>Wie die Polizei am Montag (26.5.) mitteilte, t\u00e4uschten nach bisherigen Erkenntnissen ein 15-j\u00e4hriger und ein 17-j\u00e4hriger Dortmunder \u00fcber ein Online-Verkaufsportal eine Kaufabsicht f\u00fcr ein Mobiltelefon vor. F\u00fcr die Kaufabwicklung verabredeten sie mit der 28-J\u00e4hrigen am Samstag (23.5.) gegen 18.45 Uhr ein Treffen in der Somborner Stra\u00dfe in <a href=\"https:\/\/www.ruhrnachrichten.de\/dortmund\/luetgendortmund\/\" data-imported=\"1\" rel=\"nofollow noopener\" target=\"_blank\">L\u00fctgendortmund<\/a>.<\/p>\n<p>\t\t<a href=\"https:\/\/www.ruhrnachrichten.de\/dortmund-west\/luetgendortmund-kompakt-stadtbezirk-kostenloser-newsletter-w989931-2001534548\/\" rel=\"nofollow noopener\" aria-hidden=\"true\" tabindex=\"-1\" target=\"_blank\"><\/p>\n<p>                <img fetchpriority=\"high\" decoding=\"async\" src=\"https:\/\/www.europesays.com\/de\/wp-content\/uploads\/2025\/05\/630_0900_4444395_Product_Card_Mock_Up_Luetgendortmund_1-160x160.jpg\"  width=\"160\" height=\"160\" alt=\"\" loading=\"lazy\"\/><\/p>\n<p>\t\t<\/a><\/p>\n<p>Dort lie\u00dfen sich die Jugendlichen das Mobiltelefon unter dem Vorwand, es n\u00e4her ansehen zu wollen, \u00fcbergeben. Anschlie\u00dfend spr\u00fchte einer der Tatverd\u00e4chtigen der Frau Reizgas ins Gesicht, bevor beide mit dem erbeuteten Mobiltelefon fl\u00fcchteten.<\/p>\n<p>Die Polizei leitete sofort eine Fahndung ein \u2013 und das erfolgreich. Die Beamten nahmen zwei verd\u00e4chtige Personen wahr, die sich hinter einem abgestellten Wohnwagen versteckten. Den 15-J\u00e4hrigen konnten die Einsatzkr\u00e4fte unmittelbar vorl\u00e4ufig festnehmen. Der 17-J\u00e4hrige aber fl\u00fcchtete in den Flur eines Mehrfamilienhauses. Die Polizei drohte an, ein Distanz-Elektroimpulsger\u00e4t, also einen Taser, einzusetzen. Daraufhin hat sich der junge Mann offenbar widerstandslos festnehmen lassen.<\/p>\n<p>Verbindungen zu anderen Taten<\/p>\n<p>Das Handy fanden die Beamten unter dem Wohnwagen und gaben es der Frau zur\u00fcck. Weil sich die 28-J\u00e4hrige bei dem Betrugsversuch zuvor leicht verletzt hatte, wurde sie vor Ort von Rettungskr\u00e4ften versorgt. <\/p>\n<p>Die Kriminalpolizei hat die Ermittlungen \u00fcbernommen. Nach ersten Erkenntnissen bestehen Verbindungen zu weiteren \u00e4hnlichen Taten an den Vortagen. Die beiden Minderj\u00e4hrigen wurden von der Polizeiwache aus in die Obhut ihrer Erziehungsberechtigten \u00fcbergeben, da die \u201ebesonderen Voraussetzungen f\u00fcr eine Untersuchungshaft nicht vorlagen\u201c, wie es hei\u00dft. Gegen sie wurden Strafverfahren wegen Betrugs und gef\u00e4hrlicher K\u00f6rperverletzung eingeleitet.<\/p>\n<p><img decoding=\"async\" width=\"1024\" height=\"683\" loading=\"lazy\" src=\"https:\/\/www.europesays.com\/de\/wp-content\/uploads\/2025\/05\/630_0900_4743239_BrandruineSomborn_4_-1024x683.jpg\" alt=\"Ein Ortsschild zeigt an, dass an dieser Stelle Dortmund-Somborn endet und Bochum beginnt.\" class=\"wp-image-2001673437\" title=\"Ein Ortsschild zeigt an, dass an dieser Stelle Dortmund-Somborn endet und Bochum beginnt.\"  \/>Die beiden Jugendlichen verabredeten sich mit der Frau in Dortmund-Somborn.\u00a9 Natascha Jaschinski (A)<\/p>\n<p>Taser sind in Nordrhein-Westfalen seit einigen Jahren Teil der Polizeiausr\u00fcstung, werden jedoch nur unter bestimmten Voraussetzungen eingesetzt. Der Taser wirkt durch das Abfeuern von zwei Elektroden, die Muskelverkrampfungen ausl\u00f6sen und die Zielperson f\u00fcr einige Sekunden handlungsunf\u00e4hig machen.<\/p>\n<p>Taser werden als Alternative zu Schusswaffen betrachtet, um Eskalationen zu vermeiden. <a href=\"https:\/\/www.ruhrnachrichten.de\/dortmund\/randale-bedrohung-streit-so-oft-setzt-die-dortmunder-polizei-den-taser-ein-w1803752-2000658383\/\" data-imported=\"1\" rel=\"nofollow noopener\" target=\"_blank\">In Dortmund und anderen St\u00e4dten in NRW wird der Taser seit 2022 verst\u00e4rkt im Streifendienst getestet und eingesetzt.<\/a> Er ist dabei aber durchaus umstritten.<\/p>\n<p>\t\t<a href=\"https:\/\/www.ruhrnachrichten.de\/dortmund-west\/dorffest-luetgendortmund-sonntag-umzug-vereine-teilnehmer-fotos-dorf-marktplatz-limbecker-strasse-w1036750-2001672449\/\" rel=\"nofollow noopener\" aria-hidden=\"true\" tabindex=\"-1\" target=\"_blank\"><\/p>\n<p>                <img decoding=\"async\" src=\"https:\/\/www.europesays.com\/de\/wp-content\/uploads\/2025\/05\/630_0900_4742602_0525w_Dorffest_Luedo_Umzug_Schuetze_064-640x428.jpg\"  width=\"640\" height=\"428\" alt=\"\" loading=\"lazy\"\/><\/p>\n<p>\t\t<\/a><\/p>\n<p>\t\t<a href=\"https:\/\/www.ruhrnachrichten.de\/dortmund-west\/spezialverkauf-brennerei-haarmann-luehrs-probierstube-gastronomischer-rundgang-luetgendortmund-w1035686-2001669481\/\" rel=\"nofollow noopener\" aria-hidden=\"true\" tabindex=\"-1\" target=\"_blank\"><\/p>\n<p>                <img decoding=\"async\" src=\"https:\/\/www.europesays.com\/de\/wp-content\/uploads\/2025\/05\/630_0900_4736303_Bierstand_Kirmes_Otto_Luehr-160x160.jpg\"  width=\"160\" height=\"160\" alt=\"\" loading=\"lazy\"\/><\/p>\n<p>\t\t<\/a><\/p>\n<p>\t\t<a href=\"https:\/\/www.ruhrnachrichten.de\/dortmund-west\/leerstehendes-eckhaus-boevinghausen-provinzialstrasse-b235-bockenfelder-strasse-wohnung-baugenehmigung-w1035529-2001668318\/\" rel=\"nofollow noopener\" aria-hidden=\"true\" tabindex=\"-1\" target=\"_blank\"><\/p>\n<p>                <img decoding=\"async\" src=\"https:\/\/www.europesays.com\/de\/wp-content\/uploads\/2025\/05\/630_0900_4733006_Haus_BAron_6_-160x160.jpg\"  width=\"160\" height=\"160\" alt=\"\" loading=\"lazy\"\/><\/p>\n<p>\t\t<\/a><\/p>\n<p>\n\t<a href=\"https:\/\/www.ruhrnachrichten.de\" class=\"button button--brand button--link home-button\" rel=\"nofollow noopener\" target=\"_blank\">Zur Startseite<\/a><\/p>\n","protected":false},"excerpt":{"rendered":"Bei einem Einsatz im Dortmunder Westen drohte die Polizei einem Minderj\u00e4hrigen gegen\u00fcber, einen Taser einzusetzen (Symbolbild). \u00a9 picture&hellip;\n","protected":false},"author":2,"featured_media":141422,"comment_status":"","ping_status":"","sticky":false,"template":"","format":"standard","meta":{"footnotes":""},"categories":[1833],"tags":[1483,3364,29,217,30,1209,3826],"class_list":{"0":"post-141421","1":"post","2":"type-post","3":"status-publish","4":"format-standard","5":"has-post-thumbnail","7":"category-dortmund","8":"tag-betrug","9":"tag-de","10":"tag-deutschland","11":"tag-dortmund","12":"tag-germany","13":"tag-nordrhein-westfalen","14":"tag-sicherheit-kriminalitaet"},"share_on_mastodon":{"url":"https:\/\/pubeurope.com\/@de\/114574995261719029","error":""},"_links":{"self":[{"href":"https:\/\/www.europesays.com\/de\/wp-json\/wp\/v2\/posts\/141421","targetHints":{"allow":["GET"]}}],"collection":[{"href":"https:\/\/www.europesays.com\/de\/wp-json\/wp\/v2\/posts"}],"about":[{"href":"https:\/\/www.europesays.com\/de\/wp-json\/wp\/v2\/types\/post"}],"author":[{"embeddable":true,"href":"https:\/\/www.europesays.com\/de\/wp-json\/wp\/v2\/users\/2"}],"replies":[{"embeddable":true,"href":"https:\/\/www.europesays.com\/de\/wp-json\/wp\/v2\/comments?post=141421"}],"version-history":[{"count":0,"href":"https:\/\/www.europesays.com\/de\/wp-json\/wp\/v2\/posts\/141421\/revisions"}],"wp:featuredmedia":[{"embeddable":true,"href":"https:\/\/www.europesays.com\/de\/wp-json\/wp\/v2\/media\/141422"}],"wp:attachment":[{"href":"https:\/\/www.europesays.com\/de\/wp-json\/wp\/v2\/media?parent=141421"}],"wp:term":[{"taxonomy":"category","embeddable":true,"href":"https:\/\/www.europesays.com\/de\/wp-json\/wp\/v2\/categories?post=141421"},{"taxonomy":"post_tag","embeddable":true,"href":"https:\/\/www.europesays.com\/de\/wp-json\/wp\/v2\/tags?post=141421"}],"curies":[{"name":"wp","href":"https:\/\/api.w.org\/{rel}","templated":true}]}}