{"id":141460,"date":"2025-05-26T16:27:10","date_gmt":"2025-05-26T16:27:10","guid":{"rendered":"https:\/\/www.europesays.com\/de\/141460\/"},"modified":"2025-05-26T16:27:10","modified_gmt":"2025-05-26T16:27:10","slug":"erling-haaland-isabel-johansen-erstes-foto-seit-geburt-ihres-babys","status":"publish","type":"post","link":"https:\/\/www.europesays.com\/de\/141460\/","title":{"rendered":"Erling Haaland + Isabel Johansen: Erstes Foto seit Geburt ihres Babys"},"content":{"rendered":"<p>Erling Haaland + Isabel Johansen<br \/>\nSeit f\u00fcnf Monaten Eltern \u2013 jetzt ver\u00f6ffentlichen sie ein erstes Foto<\/p>\n<p><img class=\"image image-element__image\"   src=\"https:\/\/www.europesays.com\/de\/wp-content\/uploads\/2025\/05\/erling-haaland-isabel-johansen.jpg\" alt=\"Erling Haaland und Isabel Johansen\" decoding=\"async\" fetchpriority=\"high\" loading=\"eager\"\/><br \/>\n<a href=\"https:\/\/image.gala.de\/24382814\/t\/am\/v7\/w2048\/r1.5\/-\/erling-haaland-isabel-johansen.jpg#Alan%20Chapman%2FDave%20Benett%20%2F%20Getty%20Images\" class=\"image__magnifier\" aria-label=\"Vergr\u00f6\u00dfern\" rel=\"nofollow noopener\" target=\"_blank\"><\/p>\n<p>\n Erling Haaland und Isabel Johansen <\/p>\n<p>\u00a9 Alan Chapman\/Dave Benett \/ Getty Images<\/p>\n<p>\nF\u00fcnf Monate lang genossen Erling Haaland und Isabel Johansen ihr Babygl\u00fcck fernab neugieriger Blicke. Nun zeigen sich die beiden erstmals als Elternpaar in der \u00d6ffentlichkeit.\n<\/p>\n<p class=\"text-element u-richtext u-typo u-typo--article-text article__text-element text-element--context-article\"> Im Dezember 2024 machte kein Geringerer als Manchester-City-Trainer <a class=\"\" data-target-type=\"article\" href=\"https:\/\/www.gala.de\/stars\/themen\/josep-guardiola-20967818.html\" rel=\"nofollow noopener\" target=\"_blank\">Pep Guardiola<\/a>, 54, <a data-target-type=\"article\" href=\"https:\/\/www.gala.de\/stars\/news\/erling-haaland--trainer-guardiola-enthuellt-babyglueck--er-ist-vater-geworden-24264172.html\" rel=\"nofollow noopener\" target=\"_blank\">die frohe Botschaft \u00f6ffentlich<\/a>: In einem Interview plauderte er aus, dass Fu\u00dfballprofi <a class=\"\" data-target-type=\"article\" href=\"https:\/\/www.gala.de\/stars\/news\/themen\/erling-haaland-22584636.html\" rel=\"nofollow noopener\" target=\"_blank\">Erling Haaland<\/a>, 24, und seine Partnerin Isabel Johansen, 20, Eltern geworden sind. Dass das Paar Nachwuchs erwartete, hatte der Athlet erst zwei Monate zuvor <a data-target-type=\"article\" href=\"https:\/\/www.gala.de\/stars\/news\/erling-haaland--besonderer-baby-jubel--der-fussballstar-wird-vater-24201578.html\" rel=\"nofollow noopener\" target=\"_blank\">bei einem Spiel der Nations League enth\u00fcllt<\/a>.<\/p>\n<p>Erling Haaland und Isabel Johansen genie\u00dfen Date-Night<\/p>\n<p class=\"text-element u-richtext u-typo u-typo--article-text article__text-element text-element--context-article\"> Die ersten Wochen nach der Geburt f\u00fchlen sich oft wie ein Rausch an: Mit jedem neuen Tag, den die frisch gebackenen Eltern mit ihrem Baby verbringen, w\u00e4chst die Liebe zwischen ihnen ins Unermessliche. Eine kostbare Zeit, die man am liebsten ganz f\u00fcr sich genie\u00dft. Kein Wunder also, dass sich Erling Haaland und Isabel Johansen bewusst Zeit gelassen haben, bevor sie ihr erstes Elternbild auf Instagram teilen.<\/p>\n<p class=\"text-element u-richtext u-typo u-typo--article-text article__text-element text-element--context-article\"> Fast ein halbes Jahr nach der Geburt seines Kindes posiert das P\u00e4rchen am Samstag, 24. Mai 2025, auf Johansens Instagram-Profil \u2013 und das zum ersten Mal \u00fcberhaupt. Bislang hatte es die Freundin des Manchester-City-St\u00fcrmers vermieden, private Einblicke in ihre Beziehung zu ver\u00f6ffentlichen. Gut m\u00f6glich, dass der Familienzuwachs ihre Liebe zueinander noch mehr vertieft und sie zu diesem Schritt ermutigt hat.<\/p>\n<p class=\"text-element u-richtext u-typo u-typo--article-text article__text-element text-element--context-article\"> Auf dem gemeinsamen Selfie, das vor einem Ganzk\u00f6rperspiegel entstanden ist, stehen Haaland und Johansen eng zusammen. Sie tr\u00e4gt ein eng anliegendes Kleid in Wei\u00df. Dass sie erst f\u00fcnf Monate zuvor entbunden hat, erscheint bei diesem Anblick unvorstellbar. Der Fu\u00dfballstar hat sich f\u00fcr ein gewohnt legeres Outfit aus Hemdjacke und Stoffhose entschieden.<\/p>\n<p>F\u00fcr seine Familie? Fu\u00dfballer will bis 2034 in Manchester bleiben<\/p>\n<p class=\"text-element u-richtext u-typo u-typo--article-text article__text-element text-element--context-article\"> Es ist vermutlich einer der wenigen Abende, die das Paar seit der Geburt seines Babys zu zweit verbringt. Die vertraute Zweisamkeit muss jedoch warten, wie weitere Bilder in Johansens Beitrag andeuten. Darauf sind zun\u00e4chst <a class=\"\" data-target-type=\"article\" href=\"https:\/\/www.gala.de\/themen\/kevin-de-bruyne-21085350.html\" rel=\"nofollow noopener\" target=\"_blank\">Kevin De Bruynes<\/a>, 33, Ehefrau Michele Lacroix, 31, und Izabel Kovacic, 32, die Ehefrau von Mateo Kovacic, 31, zu sehen. Auf einem dritten Foto posiert Haaland mit seinen Mannschaftskameraden De Bruyne und James McAtee, 22. Zu der Bilderreihe hei\u00dft es wehm\u00fctig von Johansen, die selbst als Fu\u00dfballspielerin t\u00e4tig ist: &#8222;So ein sch\u00f6ner Abend! Wir werden euch vermissen.&#8220;<\/p>\n<p class=\"text-element u-richtext u-typo u-typo--article-text article__text-element text-element--context-article\"> Am Mittwochabend, 21. Mai, hatte Kevin De Bruyne laut &#8222;Daily Mail&#8220; zu einer Abschiedsfeier in ein Restaurant eingeladen. Nach insgesamt zehn Jahren bei Manchester City wurde der Vertrag des Mittelfeldspielers nicht mehr verl\u00e4ngert. Ger\u00fcchten zufolge geht es f\u00fcr ihn bei der SSC Neapel in Italien weiter. Erling Haaland hingegen hat seinen Vertrag in England Anfang des Jahres bis 2034 verl\u00e4ngert, was daraufhin deuten k\u00f6nnte, dass er und Johansen l\u00e4ngerfristige Zukunftspl\u00e4ne f\u00fcr ihre kleine Familie schmieden.<\/p>\n<p class=\"text-element u-richtext u-typo u-typo--article-text article__text-element text-element--context-article\"> Verwendete Quellen: instagram.com, dailymail.co.uk<\/p>\n<p>\nlgi<br \/>\nGala\n<\/p>\n<p>#Themen<\/p>\n<p><script async src=\"\/\/www.instagram.com\/embed.js\"><\/script><\/p>\n","protected":false},"excerpt":{"rendered":"Erling Haaland + Isabel Johansen Seit f\u00fcnf Monaten Eltern \u2013 jetzt ver\u00f6ffentlichen sie ein erstes Foto Erling Haaland&hellip;\n","protected":false},"author":2,"featured_media":141461,"comment_status":"","ping_status":"","sticky":false,"template":"","format":"standard","meta":{"footnotes":""},"categories":[1776],"tags":[1801,29,214,30,1802,215],"class_list":{"0":"post-141460","1":"post","2":"type-post","3":"status-publish","4":"format-standard","5":"has-post-thumbnail","7":"category-prominente","8":"tag-celebrities","9":"tag-deutschland","10":"tag-entertainment","11":"tag-germany","12":"tag-prominente","13":"tag-unterhaltung"},"share_on_mastodon":{"url":"https:\/\/pubeurope.com\/@de\/114575078568159608","error":""},"_links":{"self":[{"href":"https:\/\/www.europesays.com\/de\/wp-json\/wp\/v2\/posts\/141460","targetHints":{"allow":["GET"]}}],"collection":[{"href":"https:\/\/www.europesays.com\/de\/wp-json\/wp\/v2\/posts"}],"about":[{"href":"https:\/\/www.europesays.com\/de\/wp-json\/wp\/v2\/types\/post"}],"author":[{"embeddable":true,"href":"https:\/\/www.europesays.com\/de\/wp-json\/wp\/v2\/users\/2"}],"replies":[{"embeddable":true,"href":"https:\/\/www.europesays.com\/de\/wp-json\/wp\/v2\/comments?post=141460"}],"version-history":[{"count":0,"href":"https:\/\/www.europesays.com\/de\/wp-json\/wp\/v2\/posts\/141460\/revisions"}],"wp:featuredmedia":[{"embeddable":true,"href":"https:\/\/www.europesays.com\/de\/wp-json\/wp\/v2\/media\/141461"}],"wp:attachment":[{"href":"https:\/\/www.europesays.com\/de\/wp-json\/wp\/v2\/media?parent=141460"}],"wp:term":[{"taxonomy":"category","embeddable":true,"href":"https:\/\/www.europesays.com\/de\/wp-json\/wp\/v2\/categories?post=141460"},{"taxonomy":"post_tag","embeddable":true,"href":"https:\/\/www.europesays.com\/de\/wp-json\/wp\/v2\/tags?post=141460"}],"curies":[{"name":"wp","href":"https:\/\/api.w.org\/{rel}","templated":true}]}}