{"id":141521,"date":"2025-05-26T16:58:20","date_gmt":"2025-05-26T16:58:20","guid":{"rendered":"https:\/\/www.europesays.com\/de\/141521\/"},"modified":"2025-05-26T16:58:20","modified_gmt":"2025-05-26T16:58:20","slug":"motorradfahrerin-verletzt-sich-bei-unfall-in-wuppertal-schwer","status":"publish","type":"post","link":"https:\/\/www.europesays.com\/de\/141521\/","title":{"rendered":"Motorradfahrerin verletzt sich bei Unfall in Wuppertal schwer"},"content":{"rendered":"<p class=\"text_ohne_einzug richtext text-em-55 !leading-serif mx-6 desktop:mx-0\">Am Samstag, 24. Mai, kam es gegen 14 Uhr auf der Stra\u00dfe Wahlert in Wuppertal zu einem Unfall einer 32-j\u00e4hrigen Motorradfahrerin. Die Iserlohnerin fuhr auf der Stra\u00dfe Wahlert in Richtung Cronenberg, als sie aus bislang ungekl\u00e4rter Ursache die Kontrolle \u00fcber ihre Honda verlor und st\u00fcrzte.<\/p>\n<p class=\"richtext text-em-55 !leading-serif mx-6 desktop:mx-0\">Beim Sturz erlitt die Frau schwere Verletzungen und wurde durch Rettungskr\u00e4fte zur station\u00e4ren Behandlung in ein Krankenhaus gebracht. W\u00e4hrend der Rettungsma\u00dfnahmen und der Unfallaufnahme kam es zeitweise zu Verkehrsbehinderungen. Der Sachschaden liegt bei circa 6.000 Euro.<\/p>\n","protected":false},"excerpt":{"rendered":"Am Samstag, 24. Mai, kam es gegen 14 Uhr auf der Stra\u00dfe Wahlert in Wuppertal zu einem Unfall&hellip;\n","protected":false},"author":2,"featured_media":141522,"comment_status":"","ping_status":"","sticky":false,"template":"","format":"standard","meta":{"footnotes":""},"categories":[1840],"tags":[51310,51311,3364,29,30,51309,1209,13122,1284,24863,25403,4418],"class_list":{"0":"post-141521","1":"post","2":"type-post","3":"status-publish","4":"format-standard","5":"has-post-thumbnail","7":"category-wuppertal","8":"tag-6-000","9":"tag-circa","10":"tag-de","11":"tag-deutschland","12":"tag-germany","13":"tag-motorradfahrerin","14":"tag-nordrhein-westfalen","15":"tag-sachschaden","16":"tag-unfall","17":"tag-unfallaufnahme","18":"tag-wahlert","19":"tag-wuppertal"},"share_on_mastodon":{"url":"https:\/\/pubeurope.com\/@de\/114575199731819337","error":""},"_links":{"self":[{"href":"https:\/\/www.europesays.com\/de\/wp-json\/wp\/v2\/posts\/141521","targetHints":{"allow":["GET"]}}],"collection":[{"href":"https:\/\/www.europesays.com\/de\/wp-json\/wp\/v2\/posts"}],"about":[{"href":"https:\/\/www.europesays.com\/de\/wp-json\/wp\/v2\/types\/post"}],"author":[{"embeddable":true,"href":"https:\/\/www.europesays.com\/de\/wp-json\/wp\/v2\/users\/2"}],"replies":[{"embeddable":true,"href":"https:\/\/www.europesays.com\/de\/wp-json\/wp\/v2\/comments?post=141521"}],"version-history":[{"count":0,"href":"https:\/\/www.europesays.com\/de\/wp-json\/wp\/v2\/posts\/141521\/revisions"}],"wp:featuredmedia":[{"embeddable":true,"href":"https:\/\/www.europesays.com\/de\/wp-json\/wp\/v2\/media\/141522"}],"wp:attachment":[{"href":"https:\/\/www.europesays.com\/de\/wp-json\/wp\/v2\/media?parent=141521"}],"wp:term":[{"taxonomy":"category","embeddable":true,"href":"https:\/\/www.europesays.com\/de\/wp-json\/wp\/v2\/categories?post=141521"},{"taxonomy":"post_tag","embeddable":true,"href":"https:\/\/www.europesays.com\/de\/wp-json\/wp\/v2\/tags?post=141521"}],"curies":[{"name":"wp","href":"https:\/\/api.w.org\/{rel}","templated":true}]}}