{"id":141557,"date":"2025-05-26T17:18:15","date_gmt":"2025-05-26T17:18:15","guid":{"rendered":"https:\/\/www.europesays.com\/de\/141557\/"},"modified":"2025-05-26T17:18:15","modified_gmt":"2025-05-26T17:18:15","slug":"maschseemoerder-kommt-frei-brisantes-raetsel-bleibt","status":"publish","type":"post","link":"https:\/\/www.europesays.com\/de\/141557\/","title":{"rendered":"&#8222;Maschseem\u00f6rder&#8220; kommt frei \u2013 brisantes R\u00e4tsel bleibt"},"content":{"rendered":"<p>Zeugin nannte ihn &#8222;tickende Zeitbombe&#8220; <\/p>\n<p>Leiche zerst\u00fcckelt: &#8222;Maschseem\u00f6rder&#8220; kommt auf freien Fu\u00df<\/p>\n<p>26.05.2025 &#8211; 17:20 UhrLesedauer: 2 Min.<\/p>\n<p><a href=\"#focus-0\" class=\"transition-colors duration-200 focus-within:text-magenta block text-current relative\" data-sctrack=\"FocusGalleryImage.Reference\"><img fetchpriority=\"high\" data-testid=\"Opener.Image\" style=\"--lqipURL:url('https:\/\/images.t-online.de\/2025\/05\/0x-uKAUqsxXc\/264x97:1300x731\/fit-in\/150x0\/filters:blur(25)\/maschseemoerder-alexander-k-waehrend-des-verfahrens-gegen-ihn-im-jahr-2013-archivfoto-mehr-als-eine-dekade-nach-der-tat-kommt-er-auf-freien-fuss.jpg')\"   loading=\"eager\" src=\"https:\/\/www.europesays.com\/de\/wp-content\/uploads\/2025\/05\/maschseemoerder-alexander-k-waehrend-des-verfahrens-gegen-ihn-im-jahr-2013-archivfoto-mehr-als-eine-.jpeg\" alt=\"&quot;Maschseem\u00f6rder&quot; Alexander K. w\u00e4hrend des Verfahrens gegen ihn im Jahr 2013 (Archivfoto): Mehr als eine Dekade nach der Tat kommt er auf freien Fu\u00df.\" title=\"&quot;Maschseem\u00f6rder&quot; Alexander K. w\u00e4hrend des Verfahrens gegen ihn im Jahr 2013 (Archivfoto): Mehr als eine Dekade nach der Tat kommt er auf freien Fu\u00df.\" width=\"1300\" height=\"731\" class=\"bg-[url:var(--lqipURL)] bg-cover bg-center flex w-full max-w-full h-full\" decoding=\"async\"\/><img style=\"--width:32;--height:32\" loading=\"lazy\" src=\"https:\/\/www.europesays.com\/de\/wp-content\/uploads\/2025\/05\/zoom-in.f7dae02f.svg.svg+xml\" alt=\"Vergr\u00f6\u00dfern des Bildes\" title=\"Vergr\u00f6\u00dfern des Bildes\" class=\"&#10;        block&#10;        h-[calc(var(--height)_\/_16_*_1rem)]&#10;        w-[calc(var(--width)_\/_16_*_1rem)]&#10;        max-w-none&#10;        absolute bottom-8 right-8 rounded-4 bg-snow p-8\" decoding=\"async\"\/><\/a><\/p>\n<p>&#8222;Maschseem\u00f6rder&#8220; Alexander K. w\u00e4hrend des Verfahrens gegen ihn im Jahr 2013 (Archivfoto): Mehr als eine Dekade nach der Tat kommt er auf freien Fu\u00df. (Quelle: dpa)<\/p>\n<p class=\"font-bold text-18 leading-17\">Mehr als zw\u00f6lf Jahre nach dem brutalen Mord an einer Prostituierten kommt Alexander K. auf freien Fu\u00df. Jahre nach der Tat bleibt ein R\u00e4tsel ungel\u00f6st.<\/p>\n<p class=\"text-18 leading-17\">Zw\u00f6lfeinhalb Jahre nach seiner Verurteilung kommt der sogenannte &#8222;Maschseem\u00f6rder&#8220; Alexander K. auf freien Fu\u00df. Eine Sprecherin des Landgerichts <a class=\"transition-colors duration-200 cursor-pointer text-inherit no-underline text-salemsfur md:hover:text-magenta md:hover:border-magenta md:focus:text-magenta border-current border-b border-solid break-words\" href=\"https:\/\/www.t-online.de\/themen\/hildesheim\/\" data-sctrack=\"BodyAnchor\" rel=\"nofollow noopener\" target=\"_blank\">Hildesheim<\/a> best\u00e4tigte t-online am Montag, dass der 37-J\u00e4hrige in diesem Monat unter F\u00fchrungsaufsicht gestellt wird. Zuvor hatte die &#8222;Hannoversche Allgemeine Zeitung&#8220; (HAZ) \u00fcber K.&#8217;s bevorstehende Entlassung berichtet.<\/p>\n<p class=\"text-18 leading-17\">Eine F\u00fchrungsaufsicht dauert mindestens zwei, aber h\u00f6chstens f\u00fcnf Jahre. Dabei kann der Verurteilte dazu angewiesen werden, sich etwa in Therapie zu begeben, abstinent zu bleiben oder bestimmte Gruppen oder auch Orte zu meiden. Ein Versto\u00df gegen eine F\u00fchrungsaufsicht kann mit einer weiteren Haft- oder Geldstrafe enden.<\/p>\n<p class=\"text-18 leading-17\">Der sogenannte &#8222;Maschseem\u00f6rder&#8220; war 2013 wegen Mordes an der 44-j\u00e4hrigen Prostituierten Andrea B. zu zw\u00f6lf Jahren Haft verurteilt worden. Das Landgericht <a class=\"transition-colors duration-200 cursor-pointer text-inherit no-underline text-salemsfur md:hover:text-magenta md:hover:border-magenta md:focus:text-magenta border-current border-b border-solid break-words\" href=\"https:\/\/www.t-online.de\/region\/hannover\/\" data-sctrack=\"BodyAnchor\" rel=\"nofollow noopener\" target=\"_blank\">Hannover<\/a> hatte ihn damals als eingeschr\u00e4nkt schuldf\u00e4hig eingestuft und zun\u00e4chst in die Psychiatrie eingewiesen. 2021 wurde er von dort in die JVA Sehnde \u00fcberf\u00fchrt.<\/p>\n<p class=\"text-18 leading-17\">Dass Alexander K. l\u00e4nger als die f\u00fcr den Mord an B. verh\u00e4ngten zw\u00f6lf Jahre inhaftiert war, h\u00e4ngt mit einer Geldstrafe zusammen, die K. nicht bezahlt hatte. Daf\u00fcr sa\u00df er eine Ersatzfreiheitsstrafe ab.<\/p>\n<p class=\"text-18 leading-17\">Das Hannover Landgericht hatte es 2013 als erwiesen angesehen, dass der von Gewaltfantasien getriebene Drogenkranke die Prostituierte B. erstochen hatte, weil diese sich \u00fcber seine rechtsradikalen Fantasien lustig gemacht hatte. Nach dem Mord hatte K. demnach die Leiche der Frau zerst\u00fcckelt und ihre \u00dcberreste, auf mehrere Plastikbeutel verteilt, in den Maschsee geworfen.<\/p>\n<p class=\"text-18 leading-17\">Eine Geldkarte des Opfers behielt er aber: Weil seine Ex-Freundin dann damit Geld abhob, kam die Polizei schlie\u00dflich K. auf die Schliche. Vor Gericht hatte er die Tat bestritten. Bei dem heute 37-J\u00e4hrigen wurde w\u00e4hrend des Verfahrens eine dissoziale Pers\u00f6nlichkeitsst\u00f6rung mit narzisstischen und paranoiden Anteilen festgestellt.<\/p>\n<p class=\"text-18 leading-17\">Bei K. bestand auch der Verdacht auf sexuellen Sadismus: So hatte er vor dem Mord an B. schon einmal einen Liedtext ver\u00f6ffentlicht, in dem es um den schweren Missbrauch und Mord an einer jungen Frau geht \u2013 ihre Beschreibung passt zu einer Frauenleiche, die zwei Jahre vor dem Mord an Alexandra B. ebenfalls am Maschsee gefunden worden war.<\/p>\n<p class=\"text-18 leading-17\">In diesem Fall kam es jedoch nie zu einem Gerichtsverfahren. Bis heute ist unklar, wer f\u00fcr den Tod der Frau verantwortlich ist. Der Gutachter im vor rund zw\u00f6lf Jahren laufenden Prozess hielt Alexander K. laut der &#8222;HAZ&#8220; zum Zeitpunkt des Urteils f\u00fcr &#8222;schwer therapierbar&#8220;.<\/p>\n<p class=\"text-18 leading-17\">W\u00e4hrend des Prozesses wurde zudem deutlich, dass Menschen aus dem Umfeld von K. vor dessen Gewaltbereitschaft gewarnt hatten \u2013 Konsequenzen hatte das aber keine. Als &#8222;tickende Zeitbombe&#8220; beschrieb eine Zeugin K. in einer Befragung etwa.<\/p>\n<p class=\"text-18 leading-17\">Nun kommt K. also frei. Weitere Details zu den Auflagen der nun beschlossenen F\u00fchrungsaufsicht darf die Gerichtssprecherin nach eigenen Angaben nicht nennen. Ob K. bereits auf freiem Fu\u00df ist oder ob er zum Monatsende freikommt, wurde nicht bekannt.<\/p>\n","protected":false},"excerpt":{"rendered":"Zeugin nannte ihn &#8222;tickende Zeitbombe&#8220; Leiche zerst\u00fcckelt: &#8222;Maschseem\u00f6rder&#8220; kommt auf freien Fu\u00df 26.05.2025 &#8211; 17:20 UhrLesedauer: 2 Min.&hellip;\n","protected":false},"author":2,"featured_media":141558,"comment_status":"","ping_status":"","sticky":false,"template":"","format":"standard","meta":{"footnotes":""},"categories":[1836],"tags":[3176,51318,3364,29,30,46,8285,25273,5948,2183,1411,121,51319],"class_list":{"0":"post-141557","1":"post","2":"type-post","3":"status-publish","4":"format-standard","5":"has-post-thumbnail","7":"category-hannover","8":"tag-3176","9":"tag-andrea-b","10":"tag-de","11":"tag-deutschland","12":"tag-germany","13":"tag-hannover","14":"tag-hildesheim","15":"tag-landgericht-hannover","16":"tag-maschsee","17":"tag-mord","18":"tag-niedersachsen","19":"tag-polizei","20":"tag-prostituiertenmord"},"share_on_mastodon":{"url":"https:\/\/pubeurope.com\/@de\/114575278333112533","error":""},"_links":{"self":[{"href":"https:\/\/www.europesays.com\/de\/wp-json\/wp\/v2\/posts\/141557","targetHints":{"allow":["GET"]}}],"collection":[{"href":"https:\/\/www.europesays.com\/de\/wp-json\/wp\/v2\/posts"}],"about":[{"href":"https:\/\/www.europesays.com\/de\/wp-json\/wp\/v2\/types\/post"}],"author":[{"embeddable":true,"href":"https:\/\/www.europesays.com\/de\/wp-json\/wp\/v2\/users\/2"}],"replies":[{"embeddable":true,"href":"https:\/\/www.europesays.com\/de\/wp-json\/wp\/v2\/comments?post=141557"}],"version-history":[{"count":0,"href":"https:\/\/www.europesays.com\/de\/wp-json\/wp\/v2\/posts\/141557\/revisions"}],"wp:featuredmedia":[{"embeddable":true,"href":"https:\/\/www.europesays.com\/de\/wp-json\/wp\/v2\/media\/141558"}],"wp:attachment":[{"href":"https:\/\/www.europesays.com\/de\/wp-json\/wp\/v2\/media?parent=141557"}],"wp:term":[{"taxonomy":"category","embeddable":true,"href":"https:\/\/www.europesays.com\/de\/wp-json\/wp\/v2\/categories?post=141557"},{"taxonomy":"post_tag","embeddable":true,"href":"https:\/\/www.europesays.com\/de\/wp-json\/wp\/v2\/tags?post=141557"}],"curies":[{"name":"wp","href":"https:\/\/api.w.org\/{rel}","templated":true}]}}