{"id":141634,"date":"2025-05-26T17:58:13","date_gmt":"2025-05-26T17:58:13","guid":{"rendered":"https:\/\/www.europesays.com\/de\/141634\/"},"modified":"2025-05-26T17:58:13","modified_gmt":"2025-05-26T17:58:13","slug":"nordische-laender-wehren-sich-gegen-us-praesident","status":"publish","type":"post","link":"https:\/\/www.europesays.com\/de\/141634\/","title":{"rendered":"Nordische L\u00e4nder wehren sich gegen US-Pr\u00e4sident"},"content":{"rendered":"<p>US-Pr\u00e4sident will \u00dcbernahme <\/p>\n<p>Nordische L\u00e4nder verb\u00fcnden sich gegen Trumps Gr\u00f6nland-Pl\u00e4ne<\/p>\n<p>26.05.2025 &#8211; 19:03 UhrLesedauer: 2 Min.<\/p>\n<p><a href=\"#focus-0\" class=\"transition-colors duration-200 focus-within:text-magenta block text-current relative\" data-sctrack=\"FocusGalleryImage.Reference\"><img fetchpriority=\"high\" data-testid=\"Opener.Image\" style=\"--lqipURL:url('https:\/\/images.t-online.de\/2025\/05\/p0ySREFQVNb5\/0x107:2048x1152\/fit-in\/150x0\/filters:blur(25)\/us-praesident-donald-trump-hat-drohungen-richtung-groenland-erneuert-archivbild.jpg')\"   loading=\"eager\" src=\"https:\/\/www.europesays.com\/de\/wp-content\/uploads\/2025\/05\/us-praesident-donald-trump-hat-drohungen-richtung-groenland-erneuert-archivbild.jpg\" alt=\"US-Pr\u00e4sident Trump\" title=\"US-Pr\u00e4sident Trump\" width=\"2048\" height=\"1152\" class=\"bg-[url:var(--lqipURL)] bg-cover bg-center flex w-full max-w-full h-full\" decoding=\"async\"\/><img style=\"--width:32;--height:32\" loading=\"lazy\" src=\"https:\/\/www.europesays.com\/de\/wp-content\/uploads\/2025\/05\/zoom-in.f7dae02f.svg.svg+xml\" alt=\"Vergr\u00f6\u00dfern des Bildes\" title=\"Vergr\u00f6\u00dfern des Bildes\" class=\"&#10;        block&#10;        h-[calc(var(--height)_\/_16_*_1rem)]&#10;        w-[calc(var(--width)_\/_16_*_1rem)]&#10;        max-w-none&#10;        absolute bottom-8 right-8 rounded-4 bg-snow p-8\" decoding=\"async\"\/><\/a><\/p>\n<p>Donald Trump: Der US-Pr\u00e4sident will Gr\u00f6nland und die dort unter dem Eis liegenden Rohstoffe. (Quelle: Evan Vucci\/AP\/dpa\/dpa-bilder)<\/p>\n<p class=\"font-bold text-18 leading-17\">US-Pr\u00e4sident Donald Trump stellt Anspr\u00fcche auf die gr\u00f6\u00dfte Insel der Welt. Jetzt bieten ihm mehrere nordische L\u00e4nder die Stirn.<\/p>\n<p class=\"text-18 leading-17\">Vor dem Hintergrund der \u00dcbernahme-Drohungen von US-Pr\u00e4sident <a class=\"transition-colors duration-200 cursor-pointer text-inherit no-underline text-salemsfur md:hover:text-magenta md:hover:border-magenta md:focus:text-magenta border-current border-b border-solid break-words\" href=\"https:\/\/www.t-online.de\/themen\/donald-trump\/\" data-sctrack=\"BodyAnchor\" rel=\"nofollow noopener\" target=\"_blank\">Donald Trump<\/a> haben die anderen nordischen L\u00e4nder <a class=\"transition-colors duration-200 cursor-pointer text-inherit no-underline text-salemsfur md:hover:text-magenta md:hover:border-magenta md:focus:text-magenta border-current border-b border-solid break-words\" href=\"https:\/\/www.t-online.de\/themen\/daenemark\/\" data-sctrack=\"BodyAnchor\" rel=\"nofollow noopener\" target=\"_blank\">D\u00e4nemark<\/a> und <a class=\"transition-colors duration-200 cursor-pointer text-inherit no-underline text-salemsfur md:hover:text-magenta md:hover:border-magenta md:focus:text-magenta border-current border-b border-solid break-words\" href=\"https:\/\/www.t-online.de\/themen\/groenland\/\" data-sctrack=\"BodyAnchor\" rel=\"nofollow noopener\" target=\"_blank\">Gr\u00f6nland<\/a> ihre Unterst\u00fctzung zugesichert. Der norwegische Ministerpr\u00e4sident Jonas Gahr St\u00f6re erkl\u00e4rte sich am Montag bei einem Treffen der nordischen Regierungschefs im finnischen Turku mit dem gr\u00f6nl\u00e4ndischen und d\u00e4nischen Regierungschef solidarisch. &#8222;Wir werden diese Botschaft \u00fcberall verk\u00fcnden: ob in <a class=\"transition-colors duration-200 cursor-pointer text-inherit no-underline text-salemsfur md:hover:text-magenta md:hover:border-magenta md:focus:text-magenta border-current border-b border-solid break-words\" href=\"https:\/\/www.t-online.de\/themen\/washington\/\" data-sctrack=\"BodyAnchor\" rel=\"nofollow noopener\" target=\"_blank\">Washington<\/a>, in <a class=\"transition-colors duration-200 cursor-pointer text-inherit no-underline text-salemsfur md:hover:text-magenta md:hover:border-magenta md:focus:text-magenta border-current border-b border-solid break-words\" href=\"https:\/\/www.t-online.de\/themen\/bruessel\/\" data-sctrack=\"BodyAnchor\" rel=\"nofollow noopener\" target=\"_blank\">Br\u00fcssel<\/a>, in Peking oder wo auch immer&#8220;, betonte St\u00f6re bei einer Pressekonferenz.<\/p>\n<p class=\"text-18 leading-17\">US-Pr\u00e4sident Trump hatte in den vergangenen Monaten wiederholt mit der \u00dcbernahme der rohstoffreichen Rieseninsel Gr\u00f6nland durch die <a class=\"transition-colors duration-200 cursor-pointer text-inherit no-underline text-salemsfur md:hover:text-magenta md:hover:border-magenta md:focus:text-magenta border-current border-b border-solid break-words\" href=\"https:\/\/www.t-online.de\/themen\/usa\/\" data-sctrack=\"BodyAnchor\" rel=\"nofollow noopener\" target=\"_blank\">USA<\/a> gedroht und dabei auch die Anwendung von Gewalt nicht ausgeschlossen.<\/p>\n<p class=\"text-18 leading-17\">&#8222;Die Arktis ist ein reguliertes Gebiet. Das Seerecht gilt, die Zust\u00e4ndigkeit von K\u00fcstenstaaten gilt, und wir werden jeder Gemeinschaft beistehen, die bei diesen Werten Druck versp\u00fcrt&#8220;, betonte der norwegische Ministerpr\u00e4sident.<\/p>\n<p class=\"text-18 leading-17\">D\u00e4nische und gr\u00f6nl\u00e4ndische Politiker beharren darauf, dass das autonome Territorium, in dem eine Bev\u00f6lkerungsmehrheit langfristig f\u00fcr eine Unabh\u00e4ngigkeit ist, selbst \u00fcber seine Zukunft entscheiden muss und die USA &#8222;Gr\u00f6nland niemals bekommen werden&#8220;.<\/p>\n<p class=\"text-18 leading-17\">Trumps Drohungen, die Insel zu \u00fcbernehmen, haben auch in anderen Gebieten des hohen Nordens \u00c4ngste ausgel\u00f6st, unter anderem in <a class=\"transition-colors duration-200 cursor-pointer text-inherit no-underline text-salemsfur md:hover:text-magenta md:hover:border-magenta md:focus:text-magenta border-current border-b border-solid break-words\" href=\"https:\/\/www.t-online.de\/themen\/island\/\" data-sctrack=\"BodyAnchor\" rel=\"nofollow noopener\" target=\"_blank\">Island<\/a> und auf der norwegischen Inselgruppe Svalbard. Zudem sind auch <a class=\"transition-colors duration-200 cursor-pointer text-inherit no-underline text-salemsfur md:hover:text-magenta md:hover:border-magenta md:focus:text-magenta border-current border-b border-solid break-words\" href=\"https:\/\/www.t-online.de\/themen\/china\/\" data-sctrack=\"BodyAnchor\" rel=\"nofollow noopener\" target=\"_blank\">China<\/a> und <a class=\"transition-colors duration-200 cursor-pointer text-inherit no-underline text-salemsfur md:hover:text-magenta md:hover:border-magenta md:focus:text-magenta border-current border-b border-solid break-words\" href=\"https:\/\/www.t-online.de\/themen\/russland\/\" data-sctrack=\"BodyAnchor\" rel=\"nofollow noopener\" target=\"_blank\">Russland<\/a> zunehmend aktiv in der Arktis, wo sich durch den <a class=\"transition-colors duration-200 cursor-pointer text-inherit no-underline text-salemsfur md:hover:text-magenta md:hover:border-magenta md:focus:text-magenta border-current border-b border-solid break-words\" href=\"https:\/\/www.t-online.de\/themen\/klimawandel\/\" data-sctrack=\"BodyAnchor\" rel=\"nofollow noopener\" target=\"_blank\">Klimawandel<\/a> neue Seewege er\u00f6ffnen.<\/p>\n<p class=\"text-18 leading-17\">&#8222;Island liegt direkt unterhalb von Gr\u00f6nland. Wir sind ein kleines Land&#8220;, sagte die isl\u00e4ndische Ministerpr\u00e4sidentin Kristrun Frostadottir. &#8222;Es ist sehr wichtig f\u00fcr uns, dass es eine starke Botschaft aus dieser Region gibt, dass internationales Recht respektiert wird, und dass die Macht des St\u00e4rkeren nicht zur neuen Rechtsnorm wird&#8220;, sagte sie bei derselben Pressekonferenz.<\/p>\n","protected":false},"excerpt":{"rendered":"US-Pr\u00e4sident will \u00dcbernahme Nordische L\u00e4nder verb\u00fcnden sich gegen Trumps Gr\u00f6nland-Pl\u00e4ne 26.05.2025 &#8211; 19:03 UhrLesedauer: 2 Min. Donald Trump:&hellip;\n","protected":false},"author":2,"featured_media":141635,"comment_status":"","ping_status":"","sticky":false,"template":"","format":"standard","meta":{"footnotes":""},"categories":[3],"tags":[326,1401,937,1160,106,452,13,39551,14,15,1614,12,10,8,9,11,51362,2910,64,320,103,104],"class_list":{"0":"post-141634","1":"post","2":"type-post","3":"status-publish","4":"format-standard","5":"has-post-thumbnail","7":"category-welt","8":"tag-326","9":"tag-arktis","10":"tag-bruessel","11":"tag-daenemark","12":"tag-donald-trump","13":"tag-groenland","14":"tag-headlines","15":"tag-jonas-gahr","16":"tag-nachrichten","17":"tag-news","18":"tag-peking","19":"tag-schlagzeilen","20":"tag-top-news","21":"tag-top-meldungen","22":"tag-topmeldungen","23":"tag-topnews","24":"tag-turku","25":"tag-uebernahme","26":"tag-usa","27":"tag-washington","28":"tag-welt","29":"tag-world"},"share_on_mastodon":{"url":"https:\/\/pubeurope.com\/@de\/114575435683998661","error":""},"_links":{"self":[{"href":"https:\/\/www.europesays.com\/de\/wp-json\/wp\/v2\/posts\/141634","targetHints":{"allow":["GET"]}}],"collection":[{"href":"https:\/\/www.europesays.com\/de\/wp-json\/wp\/v2\/posts"}],"about":[{"href":"https:\/\/www.europesays.com\/de\/wp-json\/wp\/v2\/types\/post"}],"author":[{"embeddable":true,"href":"https:\/\/www.europesays.com\/de\/wp-json\/wp\/v2\/users\/2"}],"replies":[{"embeddable":true,"href":"https:\/\/www.europesays.com\/de\/wp-json\/wp\/v2\/comments?post=141634"}],"version-history":[{"count":0,"href":"https:\/\/www.europesays.com\/de\/wp-json\/wp\/v2\/posts\/141634\/revisions"}],"wp:featuredmedia":[{"embeddable":true,"href":"https:\/\/www.europesays.com\/de\/wp-json\/wp\/v2\/media\/141635"}],"wp:attachment":[{"href":"https:\/\/www.europesays.com\/de\/wp-json\/wp\/v2\/media?parent=141634"}],"wp:term":[{"taxonomy":"category","embeddable":true,"href":"https:\/\/www.europesays.com\/de\/wp-json\/wp\/v2\/categories?post=141634"},{"taxonomy":"post_tag","embeddable":true,"href":"https:\/\/www.europesays.com\/de\/wp-json\/wp\/v2\/tags?post=141634"}],"curies":[{"name":"wp","href":"https:\/\/api.w.org\/{rel}","templated":true}]}}