{"id":141642,"date":"2025-05-26T18:02:12","date_gmt":"2025-05-26T18:02:12","guid":{"rendered":"https:\/\/www.europesays.com\/de\/141642\/"},"modified":"2025-05-26T18:02:12","modified_gmt":"2025-05-26T18:02:12","slug":"holland-urlauber-erwarten-staus-und-verkehrschaos-am-feiertag","status":"publish","type":"post","link":"https:\/\/www.europesays.com\/de\/141642\/","title":{"rendered":"Holland-Urlauber erwarten Staus und Verkehrschaos am Feiertag"},"content":{"rendered":"<p>An die K\u00fcste \u00fcber Christi Himmelfahrt? <\/p>\n<p>Holland-Urlauber erwarten Staus und Verkehrschaos<\/p>\n<p>26.05.2025 &#8211; 19:07 UhrLesedauer: 1 Min.<\/p>\n<p><a href=\"#focus-0\" class=\"transition-colors duration-200 focus-within:text-magenta block text-current relative\" data-sctrack=\"FocusGalleryImage.Reference\"><img fetchpriority=\"high\" data-testid=\"Opener.Image\" style=\"--lqipURL:url('https:\/\/images.t-online.de\/2025\/05\/uErk5Sh36Zy5\/0x140:2686x1511\/fit-in\/150x0\/filters:blur(25)\/image.jpg')\"   loading=\"eager\" src=\"https:\/\/www.europesays.com\/de\/wp-content\/uploads\/2025\/05\/1748282531_688_image.jpg\" alt=\"Stau bei Amsterdam (Archivbild): Wer \u00fcber das verl\u00e4ngerte Wochenende in Richtung niederl\u00e4ndische K\u00fcste unterwegs ist, sollte sich auf lange Staus gefasst machen.\" title=\"Stau bei Amsterdam (Archivbild): Wer \u00fcber das verl\u00e4ngerte Wochenende in Richtung niederl\u00e4ndische K\u00fcste unterwegs ist, sollte sich auf lange Staus gefasst machen.\" width=\"2686\" height=\"1511\" class=\"bg-[url:var(--lqipURL)] bg-cover bg-center flex w-full max-w-full h-full\" decoding=\"async\"\/><img style=\"--width:32;--height:32\" loading=\"lazy\" src=\"https:\/\/www.europesays.com\/de\/wp-content\/uploads\/2025\/05\/zoom-in.f7dae02f.svg.svg+xml\" alt=\"Vergr\u00f6\u00dfern des Bildes\" title=\"Vergr\u00f6\u00dfern des Bildes\" class=\"&#10;        block&#10;        h-[calc(var(--height)_\/_16_*_1rem)]&#10;        w-[calc(var(--width)_\/_16_*_1rem)]&#10;        max-w-none&#10;        absolute bottom-8 right-8 rounded-4 bg-snow p-8\" decoding=\"async\"\/><\/a><\/p>\n<p>Stau bei Amsterdam (Archivbild): Wer \u00fcber das verl\u00e4ngerte Wochenende in Richtung niederl\u00e4ndische K\u00fcste unterwegs ist, sollte sich auf lange Staus gefasst machen. (Quelle: imago sportfotodienst)<\/p>\n<p class=\"font-bold text-18 leading-17\">Reisende aus Aachen Richtung niederl\u00e4ndische K\u00fcste erwartet an Christi Himmelfahrt ein Verkehrskollaps. Gro\u00dfbaustellen nahe Amsterdam k\u00f6nnen die Autobahnen stark belasten.<\/p>\n<p class=\"text-18 leading-17\">Wer aus <a class=\"transition-colors duration-200 cursor-pointer text-inherit no-underline text-salemsfur md:hover:text-magenta md:hover:border-magenta md:focus:text-magenta border-current border-b border-solid break-words\" href=\"https:\/\/www.t-online.de\/themen\/aachen\/\" data-sctrack=\"BodyAnchor\" target=\"_blank\" rel=\"noopener\">Aachen<\/a> oder dem Umland \u00fcber <a class=\"transition-colors duration-200 cursor-pointer text-inherit no-underline text-salemsfur md:hover:text-magenta md:hover:border-magenta md:focus:text-magenta border-current border-b border-solid break-words\" href=\"https:\/\/www.t-online.de\/leben\/familie\/familie-und-beruf\/id_62787734\/himmelfahrt-2025-das-steckt-hinter-dem-christlichen-feiertag.html\" data-sctrack=\"BodyAnchor\" target=\"_blank\" rel=\"noopener\">Christi Himmelfahrt<\/a> Richtung niederl\u00e4ndische K\u00fcste aufbrechen will, braucht starke Nerven: Auf mehreren niederl\u00e4ndischen Autobahnen kommt es \u00fcber das verl\u00e4ngerte Wochenende zu erheblichen Verkehrsbehinderungen. Das teilte die niederl\u00e4ndische Beh\u00f6rde Rijkswaterstaat mit, die f\u00fcr die Autobahnen im Nachbarland verantwortlich ist.<\/p>\n<p class=\"text-18 leading-17\">Betroffen sind insbesondere Urlauber, die Ziele wie Zandvoort, Noordwijk oder Katwijk ansteuern. Die Autobahnbeh\u00f6rde Rijkswaterstaat l\u00e4sst seit Anfang Mai im Gro\u00dfraum <a class=\"transition-colors duration-200 cursor-pointer text-inherit no-underline text-salemsfur md:hover:text-magenta md:hover:border-magenta md:focus:text-magenta border-current border-b border-solid break-words\" href=\"https:\/\/www.t-online.de\/themen\/amsterdam\/\" data-sctrack=\"BodyAnchor\" target=\"_blank\" rel=\"noopener\">Amsterdam<\/a> mehrere Streckenabschnitte sanieren \u2013 unter anderem auf der A9 und der A12. An vielen Stellen ist die Geschwindigkeit auf 50 Stundenkilometer reduziert, teils sind Spuren gesperrt.<\/p>\n<p class=\"text-18 leading-17\">Laut <a class=\"transition-colors duration-200 cursor-pointer text-inherit no-underline text-salemsfur md:hover:text-magenta md:hover:border-magenta md:focus:text-magenta border-current border-b border-solid break-words\" href=\"https:\/\/www.t-online.de\/themen\/adac\/\" data-sctrack=\"BodyAnchor\" target=\"_blank\" rel=\"noopener\">ADAC<\/a> k\u00f6nnten sich die St\u00f6rungen am Mittwoch und Donnerstag sowie am Sonntag besonders deutlich bemerkbar machen. Dann treffen Urlaubsverkehr und Berufsverkehr im Ballungsraum Amsterdam aufeinander. Die Beh\u00f6rden rechnen mit Verz\u00f6gerungen von mindestens 30 Minuten \u2013 bei starkem Verkehrsaufkommen sind auch deutlich l\u00e4nge Wartezeiten m\u00f6glich.<\/p>\n<p class=\"text-18 leading-17\">Auf der A9, die nahe an der Nordseek\u00fcste verl\u00e4uft, sind vor Zandvoort und Katwijk Baustellen eingerichtet. Auch auf der A12 s\u00fcdlich von Amsterdam wird die Fahrbahn erneuert. Diese Autobahnen z\u00e4hlen zu den wichtigsten Routen in die K\u00fcstenregion.<\/p>\n<p class=\"text-18 leading-17\">Die niederl\u00e4ndischen Beh\u00f6rden haben f\u00fcr einige Baustellen Umleitungen ausgeschildert. Doch auch diese d\u00fcrften bei gutem <a class=\"transition-colors duration-200 cursor-pointer text-inherit no-underline text-salemsfur md:hover:text-magenta md:hover:border-magenta md:focus:text-magenta border-current border-b border-solid break-words\" href=\"https:\/\/www.t-online.de\/wetter\" data-sctrack=\"BodyAnchor\" target=\"_blank\" rel=\"noopener\">Wetter<\/a> und hohem Verkehrsaufkommen schnell \u00fcberlastet sein. Der ADAC r\u00e4t Reisenden daher zu fr\u00fcher Abfahrt und flexibler Routenplanung.<\/p>\n","protected":false},"excerpt":{"rendered":"An die K\u00fcste \u00fcber Christi Himmelfahrt? Holland-Urlauber erwarten Staus und Verkehrschaos 26.05.2025 &#8211; 19:07 UhrLesedauer: 1 Min. Stau&hellip;\n","protected":false},"author":2,"featured_media":141643,"comment_status":"","ping_status":"","sticky":false,"template":"","format":"standard","meta":{"footnotes":""},"categories":[1853],"tags":[1424,4074,550,28331,3364,29,548,663,3934,30,23617,13,14,15,1209,12,11864,51363,51288],"class_list":{"0":"post-141642","1":"post","2":"type-post","3":"status-publish","4":"format-standard","5":"has-post-thumbnail","7":"category-aachen","8":"tag-aachen","9":"tag-adac","10":"tag-amsterdam","11":"tag-christi-himmelfahrt","12":"tag-de","13":"tag-deutschland","14":"tag-eu","15":"tag-europa","16":"tag-europe","17":"tag-germany","18":"tag-grossbaustelle","19":"tag-headlines","20":"tag-nachrichten","21":"tag-news","22":"tag-nordrhein-westfalen","23":"tag-schlagzeilen","24":"tag-verkehrschaos","25":"tag-verkehrskollaps","26":"tag-zandvoort"},"share_on_mastodon":{"url":"https:\/\/pubeurope.com\/@de\/114575451400611845","error":""},"_links":{"self":[{"href":"https:\/\/www.europesays.com\/de\/wp-json\/wp\/v2\/posts\/141642","targetHints":{"allow":["GET"]}}],"collection":[{"href":"https:\/\/www.europesays.com\/de\/wp-json\/wp\/v2\/posts"}],"about":[{"href":"https:\/\/www.europesays.com\/de\/wp-json\/wp\/v2\/types\/post"}],"author":[{"embeddable":true,"href":"https:\/\/www.europesays.com\/de\/wp-json\/wp\/v2\/users\/2"}],"replies":[{"embeddable":true,"href":"https:\/\/www.europesays.com\/de\/wp-json\/wp\/v2\/comments?post=141642"}],"version-history":[{"count":0,"href":"https:\/\/www.europesays.com\/de\/wp-json\/wp\/v2\/posts\/141642\/revisions"}],"wp:featuredmedia":[{"embeddable":true,"href":"https:\/\/www.europesays.com\/de\/wp-json\/wp\/v2\/media\/141643"}],"wp:attachment":[{"href":"https:\/\/www.europesays.com\/de\/wp-json\/wp\/v2\/media?parent=141642"}],"wp:term":[{"taxonomy":"category","embeddable":true,"href":"https:\/\/www.europesays.com\/de\/wp-json\/wp\/v2\/categories?post=141642"},{"taxonomy":"post_tag","embeddable":true,"href":"https:\/\/www.europesays.com\/de\/wp-json\/wp\/v2\/tags?post=141642"}],"curies":[{"name":"wp","href":"https:\/\/api.w.org\/{rel}","templated":true}]}}