{"id":141650,"date":"2025-05-26T18:06:11","date_gmt":"2025-05-26T18:06:11","guid":{"rendered":"https:\/\/www.europesays.com\/de\/141650\/"},"modified":"2025-05-26T18:06:11","modified_gmt":"2025-05-26T18:06:11","slug":"borussia-moenchengladbach-tor-festival-zum-saison-abschluss-sport","status":"publish","type":"post","link":"https:\/\/www.europesays.com\/de\/141650\/","title":{"rendered":"Borussia M\u00f6nchengladbach: Tor-Festival zum Saison-Abschluss | Sport"},"content":{"rendered":"<p><b>Nach den Siegen beim FC Eintracht Rheine (4:2) und bei Borussia Neunkirchen (5:0) absolvierte Gladbach am Montag im Rahmen von \u201eBorussia On Tour\u201c ihr letztes Freundschaftsspiel.<\/b><\/p>\n<p>Eine lange Anreise blieb der Mannschaft von Trainer Gerardo Seoane diesmal aber erspart. Beim SV Glehn in Korschenbroich stand ein Nachbarschafts-Duell auf dem Programm \u2013 und die Fohlen siegten vor fast 4.000 Zuschauern locker mit 14:2.<\/p>\n<p>\u201eBILD Sport\u201c vom 25.05.: Lothar Matth\u00e4us zum Wirtz-Beben<a href=\"https:\/\/www.bild.de\/sport\/fussball\/jetzt-bild-sport-schauen-lothar-matthaeus-zum-wirtz-beben-6832eb59acf9a60cb52c2921\" class=\"anchor\" target=\"_blank\" rel=\"noopener\"><img decoding=\"async\" width=\"992\" height=\"558\" alt=\"Teaser-Bild\" src=\"https:\/\/www.europesays.com\/de\/wp-content\/uploads\/2025\/05\/bb39f077e9f166ffd5347ee26e656c92-landscape,3054c9ce\"   class=\"landscape teaser__image\" loading=\"lazy\"\/><\/a><\/p>\n<p>Quelle: BILD26.05.2025<\/p>\n<p><b>Die Partie mit <\/b><a href=\"https:\/\/www.bild.de\/sport\/fussball\/borussia-moenchengladbach\/startseite-borussia-moenchengladbach-31074418.bild.html\" class=\"text-link\" target=\"_blank\" rel=\"noopener\"><b>Borussia<\/b><\/a><b> war f\u00fcr den 1924 gegr\u00fcndeten Verein der Abschluss seiner Jubil\u00e4umssaison zum 100-j\u00e4hrigen Bestehen. Zudem gab es eine tolle Aktion rund um das Spiel \u2013 eine Spendenaktion zugunsten der BILD-Hilfsorganisation \u201eEin Herz f\u00fcr Kinder\u201c, an der sich die ganze Gemeinde Glehn beteiligt.<\/b><\/p>\n<p>Norbert Jurczyk, Vorsitzender des SV Glehn, hatte bereits vor dem Duell gesagt: \u201eGegen einen Bundesligisten zu spielen, ist wohl der Traum von jedem Kreisliga-Spieler.\u201c<\/p>\n<p>Lesen Sie auch<\/p>\n<p><b>Bereits nach 77 Sekunden fiel der erste Treffer. Nach einer Flanke von Luca Netz traf Alassane Plea zum 1:0. <\/b><\/p>\n<p>Kevin St\u00f6ger erh\u00f6hte per Volley-Hammer schnell auf 2:0 (7.), Shio Fukuda schob den Ball nach Flanke von Stefan Lainer zum 3:0 (12.) ein \u2013 der \u00d6sterreicher verwandelte kurz danach selbst einen Elfer zum 4:0 (12.). Nach nur 16 Minuten sorgte Florian Neuhaus bereits f\u00fcr das 5:0.<\/p>\n<p><b>Und das Tor-Festival ging munter weiter! <\/b><\/p>\n<p>Erneut St\u00f6ger (23.), zweimal Franck Honorat (28., 42.), Neuhaus (30.) und Fabio Chiarodia (45.) stellten den 10:0-Pausenstand her. <\/p>\n<p><b>Kurz nach der Pause riesiger Jubel \u2013 Kevin Geringer markierte den Ehrentreffer (47.). Gladbach schaltete einen Gang zur\u00fcck. Nur Nico Vidic (73.), der als Feldspieler eingesetzte Tobias Sippel (85.), Niklas Swider (89.) und Fritz Fleck (90.) trafen zum 14:1. In der Nachspielzeit durfte Devrim Celik noch den 2. Glehner Treffer erzielen.<\/b><\/p>\n<p><b>Nach dem Spiel standen f\u00fcr die Fohlen-Profis noch etliche Autogramme und Selfies mit den Fans auf dem Programm \u2013 dann durften sich die Spieler endlich in die etwa sechsw\u00f6chige Sommerpause verabschieden.<\/b><\/p>\n","protected":false},"excerpt":{"rendered":"Nach den Siegen beim FC Eintracht Rheine (4:2) und bei Borussia Neunkirchen (5:0) absolvierte Gladbach am Montag im&hellip;\n","protected":false},"author":2,"featured_media":141651,"comment_status":"","ping_status":"","sticky":false,"template":"","format":"standard","meta":{"footnotes":""},"categories":[1849],"tags":[815,3364,29,538,548,663,3934,30,13,24741,4455,14,51364,15,1209,12,819,51365,45],"class_list":{"0":"post-141650","1":"post","2":"type-post","3":"status-publish","4":"format-standard","5":"has-post-thumbnail","7":"category-moenchengladbach","8":"tag-borussia-moenchengladbach","9":"tag-de","10":"tag-deutschland","11":"tag-erste-bundesliga","12":"tag-eu","13":"tag-europa","14":"tag-europe","15":"tag-germany","16":"tag-headlines","17":"tag-korschenbroich","18":"tag-moenchengladbach","19":"tag-nachrichten","20":"tag-neuhaus-florian","21":"tag-news","22":"tag-nordrhein-westfalen","23":"tag-schlagzeilen","24":"tag-sport-leuchtturm-essen","25":"tag-stoeger-kevin","26":"tag-texttospeech"},"share_on_mastodon":{"url":"https:\/\/pubeurope.com\/@de\/114575467510012628","error":""},"_links":{"self":[{"href":"https:\/\/www.europesays.com\/de\/wp-json\/wp\/v2\/posts\/141650","targetHints":{"allow":["GET"]}}],"collection":[{"href":"https:\/\/www.europesays.com\/de\/wp-json\/wp\/v2\/posts"}],"about":[{"href":"https:\/\/www.europesays.com\/de\/wp-json\/wp\/v2\/types\/post"}],"author":[{"embeddable":true,"href":"https:\/\/www.europesays.com\/de\/wp-json\/wp\/v2\/users\/2"}],"replies":[{"embeddable":true,"href":"https:\/\/www.europesays.com\/de\/wp-json\/wp\/v2\/comments?post=141650"}],"version-history":[{"count":0,"href":"https:\/\/www.europesays.com\/de\/wp-json\/wp\/v2\/posts\/141650\/revisions"}],"wp:featuredmedia":[{"embeddable":true,"href":"https:\/\/www.europesays.com\/de\/wp-json\/wp\/v2\/media\/141651"}],"wp:attachment":[{"href":"https:\/\/www.europesays.com\/de\/wp-json\/wp\/v2\/media?parent=141650"}],"wp:term":[{"taxonomy":"category","embeddable":true,"href":"https:\/\/www.europesays.com\/de\/wp-json\/wp\/v2\/categories?post=141650"},{"taxonomy":"post_tag","embeddable":true,"href":"https:\/\/www.europesays.com\/de\/wp-json\/wp\/v2\/tags?post=141650"}],"curies":[{"name":"wp","href":"https:\/\/api.w.org\/{rel}","templated":true}]}}