{"id":141705,"date":"2025-05-26T18:36:12","date_gmt":"2025-05-26T18:36:12","guid":{"rendered":"https:\/\/www.europesays.com\/de\/141705\/"},"modified":"2025-05-26T18:36:12","modified_gmt":"2025-05-26T18:36:12","slug":"vermisste-jugendliche-aus-thueringen-wieder-aufgetaucht","status":"publish","type":"post","link":"https:\/\/www.europesays.com\/de\/141705\/","title":{"rendered":"Vermisste Jugendliche aus Th\u00fcringen wieder aufgetaucht"},"content":{"rendered":"<p>Im Raum N\u00fcrnberg vermutet <\/p>\n<p>Vermisste Jugendliche nach mehreren Tagen wieder aufgetaucht<\/p>\n<p>Aktualisiert am 26.05.2025 &#8211; 19:41 UhrLesedauer: 1 Min.<\/p>\n<p><a href=\"#focus-0\" class=\"transition-colors duration-200 focus-within:text-magenta block text-current relative\" data-sctrack=\"FocusGalleryImage.Reference\"><img fetchpriority=\"high\" data-testid=\"Opener.Image\" style=\"--lqipURL:url('https:\/\/images.t-online.de\/2025\/05\/Mgl8bPvi6JcC\/0x209:4000x2250\/fit-in\/150x0\/filters:blur(25)\/ein-streifenwagen-der-nuernberger-polizei-archivbild-wo-genau-die-15-jaehrige-gefunden-wurde-ist-nicht-bekannt.jpg')\"   loading=\"eager\" src=\"https:\/\/www.europesays.com\/de\/wp-content\/uploads\/2025\/05\/ein-streifenwagen-der-nuernberger-polizei-archivbild-wo-genau-die-15-jaehrige-gefunden-wurde-ist-nic.jpeg\" alt=\"Ein Streifenwagen der N\u00fcrnberger Polizei (Archivbild): Wo genau die 15-J\u00e4hrige gefunden wurde, ist nicht bekannt.\" title=\"Ein Streifenwagen der N\u00fcrnberger Polizei (Archivbild): Wo genau die 15-J\u00e4hrige gefunden wurde, ist nicht bekannt.\" width=\"4000\" height=\"2250\" class=\"bg-[url:var(--lqipURL)] bg-cover bg-center flex w-full max-w-full h-full\" decoding=\"async\"\/><img style=\"--width:32;--height:32\" loading=\"lazy\" src=\"https:\/\/www.europesays.com\/de\/wp-content\/uploads\/2025\/05\/zoom-in.f7dae02f.svg.svg+xml\" alt=\"Vergr\u00f6\u00dfern des Bildes\" title=\"Vergr\u00f6\u00dfern des Bildes\" class=\"&#10;        block&#10;        h-[calc(var(--height)_\/_16_*_1rem)]&#10;        w-[calc(var(--width)_\/_16_*_1rem)]&#10;        max-w-none&#10;        absolute bottom-8 right-8 rounded-4 bg-snow p-8\" decoding=\"async\"\/><\/a><\/p>\n<p>Ein Streifenwagen der N\u00fcrnberger Polizei (Archivbild): Wo genau die 15-J\u00e4hrige gefunden wurde, ist nicht bekannt. (Quelle: Fotostand \/ K. Schmitt via www.imago-images.de)<\/p>\n<p class=\"font-bold text-18 leading-17\">Eine Jugendliche verschwindet in Th\u00fcringen. Auf der Suche nach ihr f\u00fchrt eine Spur auch nach N\u00fcrnberg und in die Region. Nun gibt es Entwarnung.<\/p>\n<p class=\"text-18 leading-17\">Im Fall einer vermissten Jugendlichen aus <a class=\"transition-colors duration-200 cursor-pointer text-inherit no-underline text-salemsfur md:hover:text-magenta md:hover:border-magenta md:focus:text-magenta border-current border-b border-solid break-words\" href=\"https:\/\/www.t-online.de\/themen\/arnstadt\/\" data-sctrack=\"BodyAnchor\" rel=\"nofollow noopener\" target=\"_blank\">Arnstadt<\/a> in Th\u00fcringen hat die Polizei <a class=\"transition-colors duration-200 cursor-pointer text-inherit no-underline text-salemsfur md:hover:text-magenta md:hover:border-magenta md:focus:text-magenta border-current border-b border-solid break-words\" href=\"https:\/\/www.t-online.de\/themen\/mittelfranken\/\" data-sctrack=\"BodyAnchor\" rel=\"nofollow noopener\" target=\"_blank\">Mittelfranken<\/a> Entwarnung gegeben. Wie ein Sprecher am Montag mitteilte, ist die 15-J\u00e4hrige wohlbehalten wieder aufgetaucht.<\/p>\n<p class=\"text-18 leading-17\">Die Teenagerin war am vergangenen Dienstag verschwunden. Damals hie\u00df es, dass sie sich m\u00f6glicherweise im Gro\u00dfraum <a class=\"transition-colors duration-200 cursor-pointer text-inherit no-underline text-salemsfur md:hover:text-magenta md:hover:border-magenta md:focus:text-magenta border-current border-b border-solid break-words\" href=\"https:\/\/www.t-online.de\/region\/nuernberg\/\" data-sctrack=\"BodyAnchor\" rel=\"nofollow noopener\" target=\"_blank\">N\u00fcrnberg<\/a>, F\u00fcrth oder <a class=\"transition-colors duration-200 cursor-pointer text-inherit no-underline text-salemsfur md:hover:text-magenta md:hover:border-magenta md:focus:text-magenta border-current border-b border-solid break-words\" href=\"https:\/\/www.t-online.de\/themen\/erlangen\/\" data-sctrack=\"BodyAnchor\" rel=\"nofollow noopener\" target=\"_blank\">Erlangen<\/a> aufhalten k\u00f6nnte. Wo genau sie gefunden wurde, teilte die Polizei nicht mit.<\/p>\n","protected":false},"excerpt":{"rendered":"Im Raum N\u00fcrnberg vermutet Vermisste Jugendliche nach mehreren Tagen wieder aufgetaucht Aktualisiert am 26.05.2025 &#8211; 19:41 UhrLesedauer: 1&hellip;\n","protected":false},"author":2,"featured_media":141706,"comment_status":"","ping_status":"","sticky":false,"template":"","format":"standard","meta":{"footnotes":""},"categories":[1837],"tags":[51380,772,3364,29,30,4156,3783,121,861],"class_list":{"0":"post-141705","1":"post","2":"type-post","3":"status-publish","4":"format-standard","5":"has-post-thumbnail","7":"category-nuernberg","8":"tag-arnstadt","9":"tag-bayern","10":"tag-de","11":"tag-deutschland","12":"tag-germany","13":"tag-mittelfranken","14":"tag-nuernberg","15":"tag-polizei","16":"tag-thueringen"},"share_on_mastodon":{"url":"https:\/\/pubeurope.com\/@de\/114575585307116271","error":""},"_links":{"self":[{"href":"https:\/\/www.europesays.com\/de\/wp-json\/wp\/v2\/posts\/141705","targetHints":{"allow":["GET"]}}],"collection":[{"href":"https:\/\/www.europesays.com\/de\/wp-json\/wp\/v2\/posts"}],"about":[{"href":"https:\/\/www.europesays.com\/de\/wp-json\/wp\/v2\/types\/post"}],"author":[{"embeddable":true,"href":"https:\/\/www.europesays.com\/de\/wp-json\/wp\/v2\/users\/2"}],"replies":[{"embeddable":true,"href":"https:\/\/www.europesays.com\/de\/wp-json\/wp\/v2\/comments?post=141705"}],"version-history":[{"count":0,"href":"https:\/\/www.europesays.com\/de\/wp-json\/wp\/v2\/posts\/141705\/revisions"}],"wp:featuredmedia":[{"embeddable":true,"href":"https:\/\/www.europesays.com\/de\/wp-json\/wp\/v2\/media\/141706"}],"wp:attachment":[{"href":"https:\/\/www.europesays.com\/de\/wp-json\/wp\/v2\/media?parent=141705"}],"wp:term":[{"taxonomy":"category","embeddable":true,"href":"https:\/\/www.europesays.com\/de\/wp-json\/wp\/v2\/categories?post=141705"},{"taxonomy":"post_tag","embeddable":true,"href":"https:\/\/www.europesays.com\/de\/wp-json\/wp\/v2\/tags?post=141705"}],"curies":[{"name":"wp","href":"https:\/\/api.w.org\/{rel}","templated":true}]}}