{"id":14171,"date":"2025-04-07T22:48:17","date_gmt":"2025-04-07T22:48:17","guid":{"rendered":"https:\/\/www.europesays.com\/de\/14171\/"},"modified":"2025-04-07T22:48:17","modified_gmt":"2025-04-07T22:48:17","slug":"tuerkei-tuerkische-oppositionspartei-chp-bestaetigt-oezguer-oezel-als-vorsitzenden","status":"publish","type":"post","link":"https:\/\/www.europesays.com\/de\/14171\/","title":{"rendered":"T\u00fcrkei: T\u00fcrkische Oppositionspartei CHP best\u00e4tigt \u00d6zg\u00fcr \u00d6zel als Vorsitzenden"},"content":{"rendered":"<p class=\"paragraph article__item\">Die gr\u00f6\u00dfte Oppositionspartei der <a href=\"https:\/\/www.zeit.de\/thema\/tuerkei\" class=\"\" target=\"_blank\" rel=\"nofollow noopener\">T\u00fcrkei<\/a>, die CHP, hat ihren Vorsitzenden \u00d6zg\u00fcr \u00d6zel im Amt best\u00e4tigt. Der 50-J\u00e4hrige erhielt auf einem au\u00dferordentlichen Parteitag in Ankara 1.171 von 1.276 Stimmen. Es gab keinen Gegenkandidaten. Die Abstimmung fand unter dem Eindruck der Absetzung des Istanbuler B\u00fcrgermeisters <a class=\"rtr-entity\" href=\"https:\/\/www.zeit.de\/thema\/ekrem-i-mamo-lu\" rel=\"nofollow noopener\" target=\"_blank\">Ekrem \u0130mamo\u011flu<\/a> und der anschlie\u00dfenden Proteste statt.\n<\/p>\n<p class=\"paragraph article__item\">\u00d6zel nutzte den <a class=\"rtr-entity\" href=\"https:\/\/www.zeit.de\/thema\/parteitag\" rel=\"nofollow noopener\" target=\"_blank\">Parteitag<\/a> f\u00fcr eine politische Botschaft an Pr\u00e4sident Recep Tayyip Erdo\u011fan. Er forderte Neuwahlen &#8222;bis sp\u00e4testens November&#8220; und k\u00fcndigte an, \u0130mamo\u011flu werde bei der n\u00e4chsten Pr\u00e4sidentschaftswahl der Kandidat der Opposition sein. &#8222;Wir werden Ihnen trotzen, wir wollen unseren Kandidaten an unserer Seite haben&#8220;, sagte \u00d6zel. <\/p>\n<p>                        Sorge vor Einsetzung eines Treuh\u00e4nders        <\/p>\n<p class=\"paragraph article__item\">Mit dem Sonderparteitag reagierte die Partei auch auf Spekulationen \u00fcber eine m\u00f6gliche Einsetzung eines staatlichen Treuh\u00e4nders. Eine solche Ma\u00dfnahme sei mit der Wahl \u00d6zg\u00fcr \u00d6zels nicht abgewendet, teilte die stellvertretende Parteivorsitzende, Gamze Ta\u015fc\u0131er, mit.\n<\/p>\n<p class=\"paragraph article__item\">Hintergrund der Diskussion sind Ermittlungen gegen die CHP wegen angeblicher Unregelm\u00e4\u00dfigkeiten bei einem Parteitag im Jahr 2023. Laut Vorw\u00fcrfen sollen Delegierte damals durch Geschenke oder Geld beeinflusst worden sein. Die Partei weist diese Anschuldigungen zur\u00fcck.\n<\/p>\n<p>        Proteste in Ankara und Istanbul        <\/p>\n<p class=\"paragraph article__item\">Daneben diente der Parteitag laut CHP vorrangig der Forderung nach \u0130mamo\u011flus<br \/>\nFreilassung. Seit dessen Festnahme und anschlie\u00dfender Verhaftung steht die CHP an der Spitze einer regierungskritischen Protestbewegung. <a href=\"https:\/\/www.zeit.de\/2025\/14\/proteste-tuerkei-recep-tayyip-erdogan-opposition-justiz\" class=\"\" target=\"_blank\" rel=\"nofollow noopener\">Beobachter werfen den Strafverfolgungsbeh\u00f6rden und Gerichten vor<\/a>, im Auftrag der Regierung politisch zu agieren und gezielt gegen die Opposition vorzugehen.\n<\/p>\n<p class=\"paragraph article__item\">Die CHP rief zu Boykotten mutma\u00dflich regierungsnaher Marken auf und<br \/>\nmobilisierte Hunderttausende zu Demonstrationen. F\u00fcr Sonntagnachmittag waren Gro\u00dfkundgebungen in Ankara und Istanbul angek\u00fcndigt.\n<\/p>\n<p class=\"paragraph article__item\">Neben \u0130mamo\u011flu wurden am Tag seiner Festnahme auch weitere Personen aus seinem Umfeld festgenommen, darunter Unternehmer und Funktion\u00e4re der Stadtverwaltung. In Istanbul wurde am Nachmittag auch gegen die Inhaftierung von Mahir Polat demonstriert, dem stellvertretenden Generalsekret\u00e4r der Istanbuler Stadtverwaltung. Sein Anwalt fordert dessen Freilassung aus gesundheitlichen Gr\u00fcnden.\n<\/p>\n<p>Mehr zum Thema<\/p>\n<p>                <a href=\"https:\/\/www.zeit.de\/politik\/ausland\/2025-04\/tuerkei-akp-recep-tayyip-erdogan-proteste\" data-ct-label=\"T\u00fcrkei: Noch h\u00e4lt Erdo\u011fans wichtigste St\u00fctze\" rel=\"nofollow noopener\" target=\"_blank\"><\/p>\n<p>                        T\u00fcrkei:<br \/>\n                        Noch h\u00e4lt Erdo\u011fans wichtigste St\u00fctze<\/p>\n<p>                <\/a><\/p>\n<p>                <a href=\"https:\/\/www.zeit.de\/politik\/ausland\/2025-04\/mithat-sancar-hdp-tuerkei-proteste-kurden\" data-ct-label=\"Mithat Sancar: &quot;F\u00fcr einen nachhaltigen Frieden brauchen wir Demokratisierung&quot;\" rel=\"nofollow noopener\" target=\"_blank\"><\/p>\n<p>        Z+ (abopflichtiger Inhalt);<\/p>\n<p>    Mithat Sancar:<br \/>\n                        &#8222;F\u00fcr einen nachhaltigen Frieden brauchen wir Demokratisierung&#8220;<\/p>\n<p>                <\/a><\/p>\n<p>                <a href=\"https:\/\/www.zeit.de\/2025\/14\/proteste-tuerkei-recep-tayyip-erdogan-opposition-justiz\" data-ct-label=\"Proteste in der T\u00fcrkei: T\u00fcrkischer Fr\u00fchling\" rel=\"nofollow noopener\" target=\"_blank\"><\/p>\n<p>                        Proteste in der T\u00fcrkei:<br \/>\n                        T\u00fcrkischer Fr\u00fchling<\/p>\n<p>                <\/a><\/p>\n","protected":false},"excerpt":{"rendered":"Die gr\u00f6\u00dfte Oppositionspartei der T\u00fcrkei, die CHP, hat ihren Vorsitzenden \u00d6zg\u00fcr \u00d6zel im Amt best\u00e4tigt. Der 50-J\u00e4hrige erhielt&hellip;\n","protected":false},"author":2,"featured_media":14172,"comment_status":"","ping_status":"","sticky":false,"template":"","format":"standard","meta":{"footnotes":""},"categories":[5],"tags":[1216,13,14,15,2512,7784,16,4330,144,12,10,8,9,11,143],"class_list":{"0":"post-14171","1":"post","2":"type-post","3":"status-publish","4":"format-standard","5":"has-post-thumbnail","7":"category-nachrichten","8":"tag-ekrem-imamoglu","9":"tag-headlines","10":"tag-nachrichten","11":"tag-news","12":"tag-opposition","13":"tag-parteitag","14":"tag-politik","15":"tag-protest","16":"tag-recep-tayyip-erdogan","17":"tag-schlagzeilen","18":"tag-top-news","19":"tag-top-meldungen","20":"tag-topmeldungen","21":"tag-topnews","22":"tag-tuerkei"},"share_on_mastodon":{"url":"https:\/\/pubeurope.com\/@de\/114299122681369049","error":""},"_links":{"self":[{"href":"https:\/\/www.europesays.com\/de\/wp-json\/wp\/v2\/posts\/14171","targetHints":{"allow":["GET"]}}],"collection":[{"href":"https:\/\/www.europesays.com\/de\/wp-json\/wp\/v2\/posts"}],"about":[{"href":"https:\/\/www.europesays.com\/de\/wp-json\/wp\/v2\/types\/post"}],"author":[{"embeddable":true,"href":"https:\/\/www.europesays.com\/de\/wp-json\/wp\/v2\/users\/2"}],"replies":[{"embeddable":true,"href":"https:\/\/www.europesays.com\/de\/wp-json\/wp\/v2\/comments?post=14171"}],"version-history":[{"count":0,"href":"https:\/\/www.europesays.com\/de\/wp-json\/wp\/v2\/posts\/14171\/revisions"}],"wp:featuredmedia":[{"embeddable":true,"href":"https:\/\/www.europesays.com\/de\/wp-json\/wp\/v2\/media\/14172"}],"wp:attachment":[{"href":"https:\/\/www.europesays.com\/de\/wp-json\/wp\/v2\/media?parent=14171"}],"wp:term":[{"taxonomy":"category","embeddable":true,"href":"https:\/\/www.europesays.com\/de\/wp-json\/wp\/v2\/categories?post=14171"},{"taxonomy":"post_tag","embeddable":true,"href":"https:\/\/www.europesays.com\/de\/wp-json\/wp\/v2\/tags?post=14171"}],"curies":[{"name":"wp","href":"https:\/\/api.w.org\/{rel}","templated":true}]}}