{"id":141837,"date":"2025-05-26T19:46:11","date_gmt":"2025-05-26T19:46:11","guid":{"rendered":"https:\/\/www.europesays.com\/de\/141837\/"},"modified":"2025-05-26T19:46:11","modified_gmt":"2025-05-26T19:46:11","slug":"psg-muss-millionenblockade-gegen-mbappe-aufheben","status":"publish","type":"post","link":"https:\/\/www.europesays.com\/de\/141837\/","title":{"rendered":"PSG muss Millionenblockade gegen Mbappe aufheben"},"content":{"rendered":"\n<p>Im Streit zwischen Paris Saint-Germain und Kylian Mbapp\u00e9 um ausstehende Geh\u00e4lter hat der franz\u00f6sische Meister die von seinem fr\u00fcheren Starspieler veranlasste Beschlagnahmung von 55 Millionen Euro auf seinen Konten aufheben lassen. Ein <a class=\"tag\" data-count=\"65\" target=\"_self\" href=\"https:\/\/www.laola1.at\/de\/daten\/news\/gericht\/\" rel=\"noopener\">Gericht<\/a> in <a class=\"tag\" data-count=\"1987\" target=\"_self\" href=\"https:\/\/www.laola1.at\/de\/daten\/news\/paris\/\" rel=\"noopener\">Paris<\/a> traf diese Entscheidung, ohne in der Sache zu urteilen, berichtete die Zeitung &#8222;Le Monde&#8220;.<\/p>\n<p>Mit einem Budget von \u00fcber 800 Millionen Euro sei PSG zahlungsf\u00e4hig und habe gegen die Forderung von Mbapp\u00e9 nicht nur aus formellen Gr\u00fcnden Einspruch erhoben, begr\u00fcndete das Gericht die Aufhebung der Beschlagnahmung.<\/p>\n<p>Die Anw\u00e4lte des Starfu\u00dfballers hatten das Geld im April auf den PSG-Konten blockieren lassen mit der Begr\u00fcndung, der Klub weigere sich, die Summe an ausstehenden Geh\u00e4ltern und Boni trotz zweier Verurteilungen dazu durch den Liga-Verband auszuzahlen.<\/p>\n<p>Dar\u00fcber hinaus k\u00fcndigten die Anw\u00e4lte des Weltmeisters von 2018 den Gang vor das Arbeitsgericht an. PSG wiederum ficht vor Gericht die Zust\u00e4ndigkeit des Liga-Verbandes in dem Gehaltsstreit an.<\/p>\n<p> PSG verweist auf m\u00fcndliche Vereinbarung <\/p>\n<p>Der 26 Jahre alte Mbapp\u00e9 war im vergangenen Sommer nach sieben Jahren im PSG-Dress abl\u00f6sefrei zu Champions-League-Sieger <a class=\"superTag\" target=\"_blank\" href=\"https:\/\/www.laola1.at\/de\/daten\/news\/fussball\/real-madrid\/\" rel=\"noopener\">Real Madrid<\/a> gewechselt.<\/p>\n<p>Bei der geforderten Millionensumme geht es um die noch ausstehenden Monatsgeh\u00e4lter f\u00fcr April, Mai und Juni 2024, das letzte Drittel einer Bonuszahlung f\u00fcr Mbapp\u00e9s einstige Vertragsverl\u00e4ngerung sowie einen &#8222;ethischen Bonus&#8220; f\u00fcr die letzten Vertragsmonate.<\/p>\n<p>PSG beruft sich auf eine m\u00fcndliche Vereinbarung, weshalb die Klub-Verantwortlichen meinen, die Summe nicht zahlen zu m\u00fcssen. Mbapp\u00e9 wiederum sieht die m\u00fcndliche Vereinbarung als nicht erf\u00fcllt an, weil seine Spielzeit nach seiner Wechselank\u00fcndigung nach <a class=\"tag\" data-count=\"162\" target=\"_self\" href=\"https:\/\/www.laola1.at\/de\/daten\/news\/madrid\/\" rel=\"noopener\">Madrid<\/a> drastisch reduziert worden sei.<\/p>\n<p>Diese europ\u00e4ischen Vereine sind bereits fix Meister 2024\/25  <\/p>\n<p>Wie findest du diesen Artikel?<\/p>\n","protected":false},"excerpt":{"rendered":"Im Streit zwischen Paris Saint-Germain und Kylian Mbapp\u00e9 um ausstehende Geh\u00e4lter hat der franz\u00f6sische Meister die von seinem&hellip;\n","protected":false},"author":2,"featured_media":141838,"comment_status":"","ping_status":"","sticky":false,"template":"","format":"standard","meta":{"footnotes":""},"categories":[3974],"tags":[331,332,548,663,3934,3980,156,51403,347,21268,13,19542,4445,14,15,23613,12],"class_list":{"0":"post-141837","1":"post","2":"type-post","3":"status-publish","4":"format-standard","5":"has-post-thumbnail","7":"category-frankreich","8":"tag-aktuelle-nachrichten","9":"tag-aktuelle-news","10":"tag-eu","11":"tag-europa","12":"tag-europe","13":"tag-france","14":"tag-frankreich","15":"tag-frankreich-fussball","16":"tag-fussball","17":"tag-fussball-international","18":"tag-headlines","19":"tag-kylian-mbappe","20":"tag-ligue-1","21":"tag-nachrichten","22":"tag-news","23":"tag-paris-saint-germain","24":"tag-schlagzeilen"},"share_on_mastodon":{"url":"https:\/\/pubeurope.com\/@de\/114575860233780988","error":""},"_links":{"self":[{"href":"https:\/\/www.europesays.com\/de\/wp-json\/wp\/v2\/posts\/141837","targetHints":{"allow":["GET"]}}],"collection":[{"href":"https:\/\/www.europesays.com\/de\/wp-json\/wp\/v2\/posts"}],"about":[{"href":"https:\/\/www.europesays.com\/de\/wp-json\/wp\/v2\/types\/post"}],"author":[{"embeddable":true,"href":"https:\/\/www.europesays.com\/de\/wp-json\/wp\/v2\/users\/2"}],"replies":[{"embeddable":true,"href":"https:\/\/www.europesays.com\/de\/wp-json\/wp\/v2\/comments?post=141837"}],"version-history":[{"count":0,"href":"https:\/\/www.europesays.com\/de\/wp-json\/wp\/v2\/posts\/141837\/revisions"}],"wp:featuredmedia":[{"embeddable":true,"href":"https:\/\/www.europesays.com\/de\/wp-json\/wp\/v2\/media\/141838"}],"wp:attachment":[{"href":"https:\/\/www.europesays.com\/de\/wp-json\/wp\/v2\/media?parent=141837"}],"wp:term":[{"taxonomy":"category","embeddable":true,"href":"https:\/\/www.europesays.com\/de\/wp-json\/wp\/v2\/categories?post=141837"},{"taxonomy":"post_tag","embeddable":true,"href":"https:\/\/www.europesays.com\/de\/wp-json\/wp\/v2\/tags?post=141837"}],"curies":[{"name":"wp","href":"https:\/\/api.w.org\/{rel}","templated":true}]}}