{"id":141924,"date":"2025-05-26T20:35:13","date_gmt":"2025-05-26T20:35:13","guid":{"rendered":"https:\/\/www.europesays.com\/de\/141924\/"},"modified":"2025-05-26T20:35:13","modified_gmt":"2025-05-26T20:35:13","slug":"die-poleposition-allein-verdient-die-note-1","status":"publish","type":"post","link":"https:\/\/www.europesays.com\/de\/141924\/","title":{"rendered":"Die Poleposition allein verdient die Note 1"},"content":{"rendered":"\n<p>(Motorsport-Total.com) &#8211; Red-Bull-Fahrer Max Verstappen hat beim <a title=\"Gro\u00dfer Preis von Monaco  - Monte Carlo - Rennen\" href=\"https:\/\/www.formel1.de\/rennergebnisse\/2025\/grosser-preis-von-monaco\/rennen\" target=\"_self\" rel=\"noopener\">Monaco-Grand-Prix 2025<\/a> in der Leserwertung von Motorsport-Total.com wieder die F\u00fchrung \u00fcbernommen. Doch nicht der WM-Titelverteidiger war beim Traditionsrennen im F\u00fcrstentum der gro\u00dfe Star f\u00fcr die \u00fcber 300 Umfrage-Teilnehmer und <a title=\"\" href=\"https:\/\/www.instagram.com\/marc_surer\/\" target=\"_blank\" rel=\"noopener\">unseren Formel-1-Experte Marc Surer<\/a>, sondern Lando Norris im McLaren.<\/p>\n<p>    <img loading=\"lazy\" decoding=\"async\" src=\"https:\/\/www.europesays.com\/de\/wp-content\/uploads\/2025\/05\/311974.webp.webp\" title=\"Lando Norris jubelt nach seinem Sieg beim Formel-1-Rennen in Monaco 2025\" alt=\"Foto zur News: Fahrernoten Monaco: &quot;Die Poleposition allein verdient die Note 1&quot;\" width=\"1200\" height=\"900\"\/> <\/p>\n<p class=\"copyright\">\u00a9\u00a0circuitpics.de<\/p>\n<p class=\"img-desc-container relative\"> Lando Norris jubelt nach seinem Sieg beim Formel-1-Rennen in Monaco 2025  <a href=\"https:\/\/www.formel1.de\/news\/grand-prix-berichte\/2025-05-26\/fahrernoten-monaco-die-poleposition-allein-verdient-die-note-1\/zoom\/311974.webp\" rel=\"nofollow noopener\" class=\"link-icon icon-red icon-right fa fa-chevron-right img-action pull-right custom-link ml10\" title=\"Zoom\" target=\"_blank\"><br \/>\n        Zoom<br \/>\n             <\/a> <a href=\"https:\/\/www.formel1.de\/news\/grand-prix-berichte\/2025-05-26\/fahrernoten-monaco-die-poleposition-allein-verdient-die-note-1\/download\/311974.webp\" rel=\"nofollow noopener\" class=\"link-icon icon-red icon-right fa fa-download img-action pull-right ml10 custom-link\" title=\"Download\" target=\"_blank\"><br \/>\n        Download<br \/>\n             <\/a>  <\/p>\n<p>Surer meint: &#8222;Die Poleposition allein verdient die Note 1. Im Rennen hat er nichts falsch gemacht und die Nerven behalten. Geht doch!&#8220;<\/p>\n<p>Redaktion (Schnitt 1,0) und Leser (1,51) honorierten Norris&#8216; Leistung am Monaco-Wochenende ebenfalls mit der Bestnote, was im Durchschnitt 1,17 ergab &#8211; und damit lag Norris am Ende hauchd\u00fcnn vor Ferrari-Fahrer Charles Leclerc, den die Leser mit 1,58 bewerteten. Und das gab den Ausschlag f\u00fcr den Durchschnitt 1,19 und den zweiten Platz in Monaco.<\/p>\n<p>Im Windschatten von Norris und Leclerc wussten auch andere Formel-1-Fahrer zu \u00fcberzeugen: Isack Hadjar von Racing Bulls und Esteban Ocon von Haas, die mit den Durchschnittsnoten 1,66 und 1,83 auf den Pl\u00e4tzen drei und vier landeten &#8211; im Gegensatz zum echten Zieleinlauf, der Hadjar und Ocon auf den Positionen sechs und sieben sah.<\/p>\n<p>&#8222;Hadjar hat uns wieder beeindruckt&#8220;, sagt Surer \u00fcber den Mann, der schon in Suzuka auf Platz drei gew\u00e4hlt worden war. &#8222;Und Ocon und Monaco, das passt einfach zusammen. Was f\u00fcr eine Vorstellung mit diesem Auto!&#8220;<\/p>\n<p>Aber wo landete eigentlich Oscar Piastri, der bis Monaco noch die Tabelle in der Leserwertung angef\u00fchrt hatte? Surer: &#8222;Er war dieses Wochenende nur die Nummer zwei bei McLaren.&#8220; Daf\u00fcr gab es vom Experten und von der Redaktion jeweils die Note 3. Die Leser waren mit im Schnitt 2,31 etwas gn\u00e4diger mit dem Australier, was ihm letztlich 2,77 im Durchschnitt und P9 bescherte.<\/p>\n<p>Zu den gro\u00dfen Verlierern in Monaco geh\u00f6ren Pierre Gasly (Alpine), Lance Stroll (Aston Martin) und Yuki Tsunoda (Red Bull), deren Leistungen als nicht mehr &#8222;ausreichend&#8220; eingestuft wurden. Bei Stroll z\u00fcckte Surer sogar die Note 6 und sagte: &#8222;Es gibt bei ihm gute und schlechte Tage.&#8220; Und in Monaco hatte Stroll nicht unbedingt eine Sternstunde, wie <a title=\"Aussetzer vor der Haarnadel: Stroll nach Kollision mit Leclerc strafversetzt\" href=\"https:\/\/www.formel1.de\/news\/grand-prix-berichte\/2025-05-23\/aussetzer-vor-der-haarnadel-stroll-nach-kollision-mit-leclerc-strafversetzt\" target=\"_self\" rel=\"noopener\">der Crash mit Leclerc<\/a> belegt.<\/p>\n<p>Apropos Unfall: Auch Gasly kostete ein Zwischenfall eine bessere Note. &#8222;<a title=\"Irres Taktik-Roulette in Monaco: Norris gewinnt trotz Verstappen-Poker!\" href=\"https:\/\/www.formel1.de\/news\/grand-prix-berichte\/2025-05-25\/irres-taktik-roulette-in-monaco-norris-gewinnt-trotz-verstappen-poker\" target=\"_self\" rel=\"noopener\">Der Auffahrunfall gegen Tsunoda an der Hafenschikane<\/a> geht auf seine Kappe&#8220;, meint Surer und zeigte die Note 5. Im Endergebnis der Leserwertung landet Gasly mit 4,85 knapp vor Stroll und hinter Tsunoda, dessen Auftreten mit 4,36 bewertet wurde.<\/p>\n<p>Nach <a title=\"\" href=\"https:\/\/www.formel1.de\/formel-1-kalender\/\" target=\"_self\" rel=\"noopener\">einem Drittel der Formel-1-Saison 2025<\/a> f\u00fchrt Verstappen mit 124:122 Punkten vor Piastri in der Leserwertung. Mercedes-Fahrer George Russell folgt mit 96 Punkten auf Platz drei vor Williams-Fahrer Alexander Albon und Norris mit 75 Punkten. Nico H\u00fclkenberg als der einzige deutsche Formel-1-Fahrer belegt im Sauber mit zehn Punkten den 16. Platz.<\/p>\n<p>Wie die Redaktion nach dem Grand Prix von Monaco die Fahrernoten diskutiert hat, ist am Montagabend ab 20:30 Uhr \u00fcbrigens eines der Themen in der Call-in-Show &#8222;Live bei Scheuren&#8220; auf dem <a title=\"\" href=\"https:\/\/www.twitch.tv\/formel1de_twitch\" target=\"_blank\" rel=\"noopener\">Twitch-Kanal von Formel1.de<\/a>. Host Kevin Scheuren l\u00e4dt dort User dazu ein, sich via Zoom pers\u00f6nlich einzuklinken und mit ihm \u00fcber das Rennwochenende in Imola und die Formel 1 allgemein zu quatschen.<\/p>\n<p> Zum Durchklicken: So bewertet Surer die 20 Fahrer! <\/p>\n<p>Wie Marc Surer die \u00fcbrigen Fahrer benotet, das gibt&#8217;s in einer <a title=\"\" href=\"https:\/\/www.formel1.de\/fotos-videos\/fotos\/fotostrecken\/2025\/monaco-die-fahrernoten-von-marc-surer-und-der-redaktion-2025\/3239024\" target=\"_self\" rel=\"noopener\">erweiterten Fotostrecke<\/a> detailliert nachzulesen. In dieser Fotostrecke begr\u00fcnden sowohl der Formel-1-Experte als auch die Redaktion f\u00fcr jeden der 20 Fahrer einzeln ihre Noten. Sodass die User hoffentlich ab sofort noch besser nachvollziehen k\u00f6nnen, wie die Fahrernoten zustande gekommen sind.<\/p>\n<p>   <a name=\"mstfoto-0\"\/>  Fotostrecke: Monaco: Die Fahrernoten von Marc Surer und der Redaktion    <a href=\"https:\/\/www.formel1.de\/fotos-videos\/fotos\/fotostrecken\/2025\/monaco-die-fahrernoten-von-marc-surer-und-der-redaktion-2025\/3242126?src_news=143098\" title=\"Fotostrecke\" target=\"_blank\" rel=\"noopener\"> <img loading=\"lazy\" src=\"https:\/\/www.europesays.com\/de\/wp-content\/uploads\/2025\/05\/1748001151-lance-stroll-marc-surer-6-es-gibt-gute-und-schlechte-tage.webp.webp\" title=\"Lance Stroll (Marc Surer: 6) - &quot;Es gibt gute und schlechte Tage bei ihm.&quot;\" alt=\"Foto zur News: Lance Stroll (Marc Surer: 6) - &quot;Es gibt gute und schlechte Tage bei ihm.&quot;\" width=\"640\" height=\"408\" onload=\"\" class=\"main\" border=\"0\" fetchpriority=\"high\" data-next-image=\"https:\/\/www.formel1.de\/public\/bilder\/strecken\/2025monaconoten\/medium\/1748124558-lance-stroll-marc-surer-6-es-gibt-gute-und-schlechte-tage.webp\" decoding=\"async\"\/>   <\/p>\n<p class=\"img-desc-container relative text-left\"> Lance Stroll (Marc Surer: 6) &#8211; &#8222;Es gibt gute und schlechte Tage bei ihm.&#8220; <a href=\"https:\/\/www.formel1.de\/fotos-videos\/fotos\/fotostrecken\/2025\/monaco-die-fahrernoten-von-marc-surer-und-der-redaktion-2025?src_news=143098\" class=\"link-icon icon-red icon-right fa fa-chevron-right img-action pull-right custom-link ml10 font-bold\" title=\"Fotostrecke\" target=\"_blank\" rel=\"noopener\"><br \/>\n        Fotostrecke<br \/>\n             <\/a>  <\/p>\n<p>\u00dcbrigens: Viele User w\u00fcnschen sich von der Redaktion mehr Transparenz bei der Vergabe der Noten. Weshalb wir uns dazu entschieden haben, in einer eigenen Tabelle auch die einzelnen Noten unserer Redakteure zu ver\u00f6ffentlichen. F\u00fcr die Gesamtredaktionsnote, die die S\u00e4ule 3 des Systems ausmacht, einigt sich die Redaktion aber in einer Konferenz auf eine gemeinsame volle Note.<\/p>\n<p>In dieser Konferenz, die jeden Montagmorgen nach der Formel 1 ein fester Programmpunkt f\u00fcr uns geworden ist, geht&#8217;s manchmal hitzig zu, wenn unterschiedliche Meinungen aufeinanderprallen. Und wir sammeln dabei Argumente, die f\u00fcr oder gegen eine bessere oder schlechtere Note sprechen.<\/p>\n<p> Wie wir unsere Noten vergeben <\/p>\n<p>Die <b>Idee hinter unserer Notenvergabe<\/b> ist, die Leistungen an einem Wochenende und besonders im Rennen mit Noten zu bewerten (1 = Sehr gut, 6 = Ungen\u00fcgend). Dabei sollen externe Einfl\u00fcsse, die die Fahrer nicht selbst steuern k\u00f6nnen, ausgeblendet werden. Und damit nicht nur die Redaktion subjektiv bewertet, wie das bei Fu\u00dfballmagazinen der Fall ist, haben wir mit den Lesern und dem Experten insgesamt drei gleichberechtigte S\u00e4ulen geschaffen.<\/p>\n<p><strong>Und so berechnen wir:<\/strong><br \/>Aus der durchschnittlichen Benotung der Motorsport-Total.com-User, der Benotung durch <a title=\"\" href=\"http:\/\/www.marcsurer.com\/\" target=\"_blank\" rel=\"noopener\">Experte Marc Surer<\/a> und der Benotung durch unsere Redaktion ermitteln wir den Durchschnitt. Aus diesem Durchschnittswert ergibt sich unser Fahrer-Ranking. Wir bilden nur eine Kommastelle ab, f\u00fcr die Berechnung ziehen wir aber alle Kommastellen heran. Aus diesen teilweise nicht sichtbaren Kommastellen ergibt sich die Reihenfolge des Rankings zweier Fahrer bei vermeintlichem Benotungs-Gleichstand.<\/p>\n<p><strong>Die Noten der einzelnen Redakteure:<\/strong><br \/>Wir werden oft gefragt, wie unsere Redaktionsnoten zustande kommen. Alle Redakteure unseres Formel-1-Teams geben zun\u00e4chst einzeln ihre Noten ab. In einer Redaktionskonferenz am Morgen nach dem Grand Prix tauschen wir uns dann dazu aus und einigen uns auf gemeinsame Redaktionsnoten, die \u00fcblicherweise (aber nicht immer) den Durchschnitt der einzelnen Redakteursnoten abbilden. Beim Festlegen der Redaktionsnoten wird manchmal hitzig diskutiert. Ziel ist, uns auf gemeinsame Fahrernoten zu einigen, mit denen sich jeder Redakteur arrangieren kann.<\/p>\n<p><strong>Award f\u00fcr den Fahrer des Jahres:<\/strong><br \/>Auf Basis der Gesamtnoten eines Rennwochenendes verteilen wir f\u00fcr die Jahreswertung 2025 Punkte. Analog zum Punktesystem in der echten Formel-1-Weltmeisterschaft erh\u00e4lt der Sieger 25 Punkte, der Zweite 18, der Dritte 15 &#8211; bis hin zu einem Punkt f\u00fcr Platz 10. Einen Bonuspunkt f\u00fcr die schnellste Runde gibt es nicht. Nach Saisonende wird der punktbeste Fahrer mit dem Motorsport-Total.com-Award f\u00fcr den Fahrer des Jahres 2025 ausgezeichnet.<\/p>\n<p>   <script async src=\"\/\/www.instagram.com\/embed.js\"><\/script><\/p>\n","protected":false},"excerpt":{"rendered":"(Motorsport-Total.com) &#8211; Red-Bull-Fahrer Max Verstappen hat beim Monaco-Grand-Prix 2025 in der Leserwertung von Motorsport-Total.com wieder die F\u00fchrung \u00fcbernommen.&hellip;\n","protected":false},"author":2,"featured_media":141925,"comment_status":"","ping_status":"","sticky":false,"template":"","format":"standard","meta":{"footnotes":""},"categories":[136],"tags":[29,1641,1642,1640,1645,1643,1639,30,1644,1638,265],"class_list":{"0":"post-141924","1":"post","2":"type-post","3":"status-publish","4":"format-standard","5":"has-post-thumbnail","7":"category-sport","8":"tag-deutschland","9":"tag-f1-news","10":"tag-formel-1-heute","11":"tag-formel-1-news","12":"tag-formel-1news","13":"tag-formel-eins-news","14":"tag-formel1-news","15":"tag-germany","16":"tag-news-formel-1","17":"tag-news-formel1","18":"tag-sport"},"share_on_mastodon":{"url":"https:\/\/pubeurope.com\/@de\/114576052983563757","error":""},"_links":{"self":[{"href":"https:\/\/www.europesays.com\/de\/wp-json\/wp\/v2\/posts\/141924","targetHints":{"allow":["GET"]}}],"collection":[{"href":"https:\/\/www.europesays.com\/de\/wp-json\/wp\/v2\/posts"}],"about":[{"href":"https:\/\/www.europesays.com\/de\/wp-json\/wp\/v2\/types\/post"}],"author":[{"embeddable":true,"href":"https:\/\/www.europesays.com\/de\/wp-json\/wp\/v2\/users\/2"}],"replies":[{"embeddable":true,"href":"https:\/\/www.europesays.com\/de\/wp-json\/wp\/v2\/comments?post=141924"}],"version-history":[{"count":0,"href":"https:\/\/www.europesays.com\/de\/wp-json\/wp\/v2\/posts\/141924\/revisions"}],"wp:featuredmedia":[{"embeddable":true,"href":"https:\/\/www.europesays.com\/de\/wp-json\/wp\/v2\/media\/141925"}],"wp:attachment":[{"href":"https:\/\/www.europesays.com\/de\/wp-json\/wp\/v2\/media?parent=141924"}],"wp:term":[{"taxonomy":"category","embeddable":true,"href":"https:\/\/www.europesays.com\/de\/wp-json\/wp\/v2\/categories?post=141924"},{"taxonomy":"post_tag","embeddable":true,"href":"https:\/\/www.europesays.com\/de\/wp-json\/wp\/v2\/tags?post=141924"}],"curies":[{"name":"wp","href":"https:\/\/api.w.org\/{rel}","templated":true}]}}