{"id":141945,"date":"2025-05-26T20:46:08","date_gmt":"2025-05-26T20:46:08","guid":{"rendered":"https:\/\/www.europesays.com\/de\/141945\/"},"modified":"2025-05-26T20:46:08","modified_gmt":"2025-05-26T20:46:08","slug":"braunschweig-amok-alarm-an-schule-polizei-im-grosseinsatz","status":"publish","type":"post","link":"https:\/\/www.europesays.com\/de\/141945\/","title":{"rendered":"Braunschweig: Amok-Alarm an Schule! Polizei im Gro\u00dfeinsatz"},"content":{"rendered":"<p>Das war alles andere als ein normaler Schultag: Helle Aufregung in Braunschweig!<\/p>\n<p>Am Freitag (23. Mai) hat es einen Gro\u00dfeinsatz der Polizei in Braunschweig gegeben. <\/p>\n<p>Braunschweig: Amok-Alarm!<\/p>\n<p>An der Gau\u00dfschule am L\u00f6wenwall war gegen 8 Uhr Amok-Alarm ausgel\u00f6st worden. \u201eUnsere Einsatzkr\u00e4fte arbeiten dort nach einem standardisierten Einsatzkonzept. Bitte meidet den Bereich. Wir halten euch auf dem Laufenden\u201c, hie\u00df es daraufhin von der Polizei.<\/p>\n<p><img loading=\"lazy\" decoding=\"async\" width=\"1200\" height=\"800\" src=\"https:\/\/www.europesays.com\/de\/wp-content\/uploads\/2025\/05\/design-ohne-titel-1-1-1.jpg\" alt=\"\" class=\"wp-image-300532739\"  \/>Die Polizei durchk\u00e4mmt das gesamte Schulgeb\u00e4ude. Foto: News38<\/p>\n<p>Gegen 8.45 Uhr kam dann eine vorsichtige Entwarnung: \u201eZurzeit haben wir keine Hinweise auf eine Gef\u00e4hrdungslage! Wir erhalten unsere Einsatzma\u00dfnahmen dennoch vollst\u00e4ndig aufrecht.\u201c Rund eine Stunde sp\u00e4ter hie\u00df es: \u201eUnsere Einsatzkr\u00e4fte suchen derzeit das Schulgeb\u00e4ude ab. Es gibt nach wie vor keine Hinweise auf eine Gef\u00e4hrdung.\u201c<\/p>\n<p>\u00c4hnliche Themen:<\/p>\n<p>An den gro\u00dfen Treppen zum L\u00f6wenwall-Park wurde eine Betreuungsstelle eingerichtet. Hier konnten sich alle betroffenen Eltern melden. Die Polizei Braunschweig betonte: \u201eSo lange die Einsatzma\u00dfnahmen laufen, wird die Schule NICHT evakuiert.\u201c <\/p>\n<p>Eine richtige Entwarnung gab es dann um 10.45 Uhr: \u201eUnsere Kollegen haben das Schulgeb\u00e4ude vollst\u00e4ndig abgesucht. Es konnte keine Gefahr festgestellt werden! Wir sind im Austausch mit der Schulleitung, um eine geordnete Zusammenf\u00fchrung von Eltern und Sch\u00fclern zu erm\u00f6glichen!\u201c Am Ende bleibt eine Frage offen: Wie kam es zur Alarm-Ausl\u00f6sung? Dazu ermittelt jetzt die Polizei. <\/p>\n","protected":false},"excerpt":{"rendered":"Das war alles andere als ein normaler Schultag: Helle Aufregung in Braunschweig! Am Freitag (23. Mai) hat es&hellip;\n","protected":false},"author":2,"featured_media":141946,"comment_status":"","ping_status":"","sticky":false,"template":"","format":"standard","meta":{"footnotes":""},"categories":[1850],"tags":[1950,6429,3364,29,548,663,3934,30,13,14,15,1411,12],"class_list":{"0":"post-141945","1":"post","2":"type-post","3":"status-publish","4":"format-standard","5":"has-post-thumbnail","7":"category-braunschweig","8":"tag-blaulicht","9":"tag-braunschweig","10":"tag-de","11":"tag-deutschland","12":"tag-eu","13":"tag-europa","14":"tag-europe","15":"tag-germany","16":"tag-headlines","17":"tag-nachrichten","18":"tag-news","19":"tag-niedersachsen","20":"tag-schlagzeilen"},"share_on_mastodon":{"url":"https:\/\/pubeurope.com\/@de\/114576096246509121","error":""},"_links":{"self":[{"href":"https:\/\/www.europesays.com\/de\/wp-json\/wp\/v2\/posts\/141945","targetHints":{"allow":["GET"]}}],"collection":[{"href":"https:\/\/www.europesays.com\/de\/wp-json\/wp\/v2\/posts"}],"about":[{"href":"https:\/\/www.europesays.com\/de\/wp-json\/wp\/v2\/types\/post"}],"author":[{"embeddable":true,"href":"https:\/\/www.europesays.com\/de\/wp-json\/wp\/v2\/users\/2"}],"replies":[{"embeddable":true,"href":"https:\/\/www.europesays.com\/de\/wp-json\/wp\/v2\/comments?post=141945"}],"version-history":[{"count":0,"href":"https:\/\/www.europesays.com\/de\/wp-json\/wp\/v2\/posts\/141945\/revisions"}],"wp:featuredmedia":[{"embeddable":true,"href":"https:\/\/www.europesays.com\/de\/wp-json\/wp\/v2\/media\/141946"}],"wp:attachment":[{"href":"https:\/\/www.europesays.com\/de\/wp-json\/wp\/v2\/media?parent=141945"}],"wp:term":[{"taxonomy":"category","embeddable":true,"href":"https:\/\/www.europesays.com\/de\/wp-json\/wp\/v2\/categories?post=141945"},{"taxonomy":"post_tag","embeddable":true,"href":"https:\/\/www.europesays.com\/de\/wp-json\/wp\/v2\/tags?post=141945"}],"curies":[{"name":"wp","href":"https:\/\/api.w.org\/{rel}","templated":true}]}}