{"id":141988,"date":"2025-05-26T21:10:10","date_gmt":"2025-05-26T21:10:10","guid":{"rendered":"https:\/\/www.europesays.com\/de\/141988\/"},"modified":"2025-05-26T21:10:10","modified_gmt":"2025-05-26T21:10:10","slug":"bundesliga-relegation-heidenheim-trifft-gegen-elversberg-in-letzter-minute","status":"publish","type":"post","link":"https:\/\/www.europesays.com\/de\/141988\/","title":{"rendered":"Bundesliga-Relegation: Heidenheim trifft gegen Elversberg in letzter Minute"},"content":{"rendered":"<p class=\"metatextline\">Stand: 26.05.2025 23:04 Uhr<\/p>\n<p class=\"textabsatz columns twelve  m-ten  m-offset-one l-eight l-offset-two\">\n        <strong>Der 1. FC Heidenheim hat im R\u00fcckspiel der Relegation die SV Elversberg niedergerungen und damit die Bundesliga-Zugeh\u00f6rigkeit gesichert &#8211; in buchst\u00e4blich letzter Minute. Dabei war Elversberg eigentlich die bessere Mannschaft. <\/strong>\n    <\/p>\n<p>                                        <a class=\"authorline__link\" href=\"https:\/\/www.sportschau.de\/sendung\/reporter\/christian-hornung,autor-christian-hornung-100.html\" target=\"_blank\" rel=\"noopener\"><br \/>\n                                            <img decoding=\"async\" class=\"authorline__img\" alt=\"Christian Hornung\" src=\"https:\/\/www.europesays.com\/de\/wp-content\/uploads\/2025\/04\/christian-hornung-100.jpg\"\/><br \/>\n                                        <\/a><\/p>\n<p class=\"textabsatz m-ten m-offset-one l-eight l-offset-two columns twelve\">\nMathias Honsak brachte am Montagabend (26.05.2025) die G\u00e4ste fr\u00fch in F\u00fchrung (9. Minute), Robin Fellhauer traf zum Ausgleich (31.). In der 5. Minute der Nachspielzeit erzielte L\u00e9o Scienza schlie\u00dflich den Siegtreffer f\u00fcr Heidenheim.<\/p>\n<p>    Horst Steffen: &#8222;Das tut richtig weh&#8220;<\/p>\n<p class=\"textabsatz m-ten m-offset-one l-eight l-offset-two columns twelve\">\nElversberg-Trainer Horst Steffen gab anschlie\u00dfend bei Sky zu: &#8222;So eine Leistung zu brigen und dann als Verlierer vom Platz zu gehen, das tut richtig weh. Wir haben in der zweiten Halbzeit eigentlich keinen Angriff mehr zugelassen, dann entscheidet am Ende eben die Qualit\u00e4t von Scienza. Wir sind entt\u00e4uscht, da ist jetzt auch nichts mehr gutzumachen.&#8220;<\/p>\n<ul class=\"buttongroup buttongroup--copytext\">\n<li class=\"buttongroup__item\">\n<p>    <a class=\"btn btn--text btn--standard-secondary btn--fullwidth\" href=\"https:\/\/www.sportschau.de\/live-und-ergebnisse\/fussball\/deutschland-bundesliga-relegation\/spiele-und-ergebnisse\/\" target=\"_blank\" rel=\"noopener\"><br \/>\n        Relegation<br \/>\n        Pfeil rechts<\/p>\n<p>    <\/a>\n<\/li>\n<li class=\"buttongroup__item\">\n<p>    <a class=\"btn btn--text btn--standard-secondary btn--fullwidth\" href=\"https:\/\/www.sportschau.de\/live-und-ergebnisse\/fussball\/deutschland-bundesliga-relegation\/ma11009267\/sv-07-elversberg_1-fc-heidenheim-1846\/liveticker\" target=\"_blank\" rel=\"noopener\"><br \/>\n        Live-Ticker zum Nachlesen<br \/>\n        Pfeil rechts<\/p>\n<p>    <\/a>\n<\/li>\n<\/ul>\n<p class=\"textabsatz m-ten m-offset-one l-eight l-offset-two columns twelve\">\nSein Kollege Frank Schmidt war ebenfalls ehrlich: &#8222;Es f\u00e4llt ein Riesenbrocken von uns ab. Nat\u00fcrlich habe ich vorher versucht, etwas Lockerheit zu verbreiten, aber die Anspannung war schon enorm. Riesenkompliment an L\u00e9o Scienza und Riesenkompliment an die ganze Mannschaft, L\u00e9os Tor hat uns in der Bundesliga gehalten. Jetzt brauche ich eine Pause, um den Akku wieder aufzuladen. Ich bin dann mal weg &#8211; ab morgen kann mich keiner rmehr erreichen.&#8220;<\/p>\n<p>    Starker Beginn des FCH<\/p>\n<p class=\"textabsatz m-ten m-offset-one l-eight l-offset-two columns twelve\">\nDen Fehler aus dem <a href=\"https:\/\/www.sportschau.de\/fussball\/bundesliga\/nach-02-rueckstand-heidenheim-erzwingt-ausgleich-gegen-elversberg,relegation-fc-heidenheim-gegen-sv-elversberg-100.html\" title=\"Der 1. FC Heidenheim und die SV Elversberg haben sich in einem temporeichen und sehenswerten Relegationsspiel 2:2 (0:2) getrennt\" target=\"_blank\" rel=\"noopener\">Hinspiel (2:2)<\/a>, total passiv in die Partie zu starten, machten die Heidenheimer diesmal nicht. Schon in der 5. Minute hatte Marvin Pieringer den ersten gef\u00e4hrlichen Abschluss, Elversbergs Keeper Nicolas Kristof klatschte die Kugel wie schon bei den Gegentoren am vergangenen Donnerstag nach vorne ab &#8211; diesmal konnte aber kein FCH-Akteur den Abstauber verwerten.<\/p>\n<p class=\"textabsatz m-ten m-offset-one l-eight l-offset-two columns twelve\">\nDie G\u00e4ste blieben aber am Dr\u00fccker und profitierten von einem Anf\u00e4ngerfehler der Gastgeber. Als Scienza den Ball durch das offensive Mittelfeld trieb, gingen ihm gleich drei Elversberger entgegen und \u00f6ffneten damit komplett den Raum f\u00fcr den durchstartenden Honsak &#8211; der frei vor Kristof die Nerven behielt.<\/p>\n<p>    Sahin und Pieringer verletzt ausgewechselt<\/p>\n<p class=\"textabsatz m-ten m-offset-one l-eight l-offset-two columns twelve\">\nElversberg kam in dieser Phase offensichtlich nicht mit dem Druck klar, als 12.800-Einwohner-Dorf die Bundesliga vor Augen zu haben. Die Mannschaft von Horst Steffen wirkte gehemmt, verkrampft und blockiert. Hinzu kam fr\u00fch eine verletzungsbedingte Auswechslung von Semih Sahin, der anschlie\u00dfend auf der Bank in Tr\u00e4nen ausbrach und von den Kollegen getr\u00f6stet werden musste. Heidenheim hatte kurz danach aber ebenfalls Personalprobleme, auch Pieringer musste mit einer Kn\u00f6chelblessur vom Platz.<\/p>\n<p class=\"textabsatz m-ten m-offset-one l-eight l-offset-two columns twelve\">\nDanach machte der FCH den Fehler, sich zur\u00fcckzuziehen und in den Verwaltungsmodus zu schalten. Elversberg hatte pl\u00f6tzlich viel mehr Raum im Mittelfeld, befreite sich zunehmend vom Druck und kombinierte fl\u00fcssiger. \u00c4hnlich wie beim ersten Tor des Abends \u00f6ffnete der Gast nach einer halben Stunde dann pl\u00f6tzlich das Zentrum, Lukas Petkov setzte Fellhauer in Szene, der Kevin M\u00fcller keine Chance lie\u00df.<\/p>\n<p>    Traor\u00e9 sieht Gelb und hat Gl\u00fcck<\/p>\n<p class=\"textabsatz m-ten m-offset-one l-eight l-offset-two columns twelve\">\nDas Momentum lag nun auf Seiten der Elversberger, und kurz vor der Pause h\u00e4tte Heidenheim die eigenen Probleme beinahe noch weiter vergr\u00f6\u00dfert. Omar Traor\u00e9 sah zun\u00e4chst nach einem r\u00fcden Einsteigen gegen Tom Zimmerschied Gelb (43.) und knallte kurz danach wiederum Zimmerschied im Zweikampf den Ellenbogen ins Gesicht. Der Elversberger blutete stark, doch Schiedsrichter Sascha Stegemann wertete die Aktion als unabsichtlich und belie\u00df Traor\u00e9 auf dem Feld.<\/p>\n<p class=\"textabsatz m-ten m-offset-one l-eight l-offset-two columns twelve\">\nHeidenheims Trainer Schmidt ging anschlie\u00dfend ins Risiko, verzichtete in der Pause auf eine Auswechslung von Traor\u00e9. 76 Sekunden nach Wiederanpfiff erlebte er aber zun\u00e4chst mal eine weitere Schrecksekunde.<\/p>\n<p>    Asllani jubelt &#8211; dann greift der VAR ein<\/p>\n<p class=\"textabsatz m-ten m-offset-one l-eight l-offset-two columns twelve\">\nFisnik Asllani bejubelte bereits das vermeintliche 2:1, ehe sich Stegemann nach einer viermin\u00fctigen Unterbrechung samt Videostudium daf\u00fcr entschied, das Tor wieder abzuerkennen: Bei der Hereingabe von Elias Baum hatte Fellhauer am F\u00fcnfmeterraum minimal im Abseits gestanden und mit seinem Versuch, den Ball weiterzuleiten, die Heidenheimer Abwehr irritiert &#8211; die R\u00fccknahme des Treffers war korrekt.<\/p>\n<p class=\"textabsatz m-ten m-offset-one l-eight l-offset-two columns twelve\">\nDoch Elversberg blieb auf dem Gaspedal, dr\u00e4ngte Heidenheim tief in die eigene H\u00e4lfte, hatte aber Probleme, sich weitere Torchancen herauszuspielen. Erstaunlich tatenlos blieb in dieser Phase FCH-Trainer Schmidt, der bis zur 78. Minute brauchte, um mit Paul Wanner und Niklas Dorsch neue Akzente von der Bank zu bringen.<\/p>\n<p>    Heidenheim spielt fr\u00fch auf Verl\u00e4ngerung<\/p>\n<p class=\"textabsatz m-ten m-offset-one l-eight l-offset-two columns twelve\">\nBei Heidenheim wirkte die Spielanlage in der gesamten zweiten H\u00e4lfte darauf ausgerichtet, die Verl\u00e4ngerung zu erreichen und dann m\u00f6glicherweise vom deutlich breiteren, bei Saisonbeginn f\u00fcr Europa aufgestellten Kader zu profitieren. Elversberg suchte die Entscheidung definitiv in der regul\u00e4ren Spielzeit, fand aber einfach keine L\u00fccken mehr.<\/p>\n<p class=\"textabsatz m-ten m-offset-one l-eight l-offset-two columns twelve\">\nAls dann alles nach Verl\u00e4ngerung aussah, brachte ein Konter die Entscheidung. In der f\u00fcnften Minute der Nachspielzeit schloss Scienza nach Traumpass von Wanner eiskalt zum Siegtreffer ab &#8211; die mutige Herangehensweise von Elversberg wurde damit knallhart bestraft.<\/p>\n","protected":false},"excerpt":{"rendered":"Stand: 26.05.2025 23:04 Uhr Der 1. FC Heidenheim hat im R\u00fcckspiel der Relegation die SV Elversberg niedergerungen und&hellip;\n","protected":false},"author":2,"featured_media":141989,"comment_status":"","ping_status":"","sticky":false,"template":"","format":"standard","meta":{"footnotes":""},"categories":[5],"tags":[17188,331,332,299,3364,29,347,30,13,14,15,12,5079],"class_list":{"0":"post-141988","1":"post","2":"type-post","3":"status-publish","4":"format-standard","5":"has-post-thumbnail","7":"category-nachrichten","8":"tag-1-fc-heidenheim","9":"tag-aktuelle-nachrichten","10":"tag-aktuelle-news","11":"tag-bundesliga","12":"tag-de","13":"tag-deutschland","14":"tag-fussball","15":"tag-germany","16":"tag-headlines","17":"tag-nachrichten","18":"tag-news","19":"tag-schlagzeilen","20":"tag-sv-elversberg"},"share_on_mastodon":{"url":"https:\/\/pubeurope.com\/@de\/114576190525752420","error":""},"_links":{"self":[{"href":"https:\/\/www.europesays.com\/de\/wp-json\/wp\/v2\/posts\/141988","targetHints":{"allow":["GET"]}}],"collection":[{"href":"https:\/\/www.europesays.com\/de\/wp-json\/wp\/v2\/posts"}],"about":[{"href":"https:\/\/www.europesays.com\/de\/wp-json\/wp\/v2\/types\/post"}],"author":[{"embeddable":true,"href":"https:\/\/www.europesays.com\/de\/wp-json\/wp\/v2\/users\/2"}],"replies":[{"embeddable":true,"href":"https:\/\/www.europesays.com\/de\/wp-json\/wp\/v2\/comments?post=141988"}],"version-history":[{"count":0,"href":"https:\/\/www.europesays.com\/de\/wp-json\/wp\/v2\/posts\/141988\/revisions"}],"wp:featuredmedia":[{"embeddable":true,"href":"https:\/\/www.europesays.com\/de\/wp-json\/wp\/v2\/media\/141989"}],"wp:attachment":[{"href":"https:\/\/www.europesays.com\/de\/wp-json\/wp\/v2\/media?parent=141988"}],"wp:term":[{"taxonomy":"category","embeddable":true,"href":"https:\/\/www.europesays.com\/de\/wp-json\/wp\/v2\/categories?post=141988"},{"taxonomy":"post_tag","embeddable":true,"href":"https:\/\/www.europesays.com\/de\/wp-json\/wp\/v2\/tags?post=141988"}],"curies":[{"name":"wp","href":"https:\/\/api.w.org\/{rel}","templated":true}]}}