{"id":142024,"date":"2025-05-26T21:30:19","date_gmt":"2025-05-26T21:30:19","guid":{"rendered":"https:\/\/www.europesays.com\/de\/142024\/"},"modified":"2025-05-26T21:30:19","modified_gmt":"2025-05-26T21:30:19","slug":"duesseldorf-groesste-wasserstoff-tankstelle-europas-eroeffnet","status":"publish","type":"post","link":"https:\/\/www.europesays.com\/de\/142024\/","title":{"rendered":"D\u00fcsseldorf: Gr\u00f6\u00dfte Wasserstoff-Tankstelle Europas er\u00f6ffnet"},"content":{"rendered":"<p class=\"text_ohne_einzug richtext text-em-55 !leading-serif mx-6 desktop:mx-0\">Es war viel von Mut die Rede. Einfach mal machen. Zuversicht. So fragte die gr\u00fcne NRW-Wirtschaftsministerin Mona Neubauer: \u201eWas, wenn wir uns einfach nicht einreden lassen, dass Mut sich nicht lohnt?\u201c In diesem Sinne taten sich die kommunalen Betriebe Stadtwerke und <a href=\"https:\/\/rp-online.de\/thema\/rheinbahn\/\" rel=\"nofollow noopener\" target=\"_blank\">Rheinbahn<\/a> mit dem Berliner Unternehmen H2 Mobility zusammen und errichteten mit Unterst\u00fctzung von Steuergeldern am H\u00f6herweg Europas leistungsst\u00e4rkste Wasserstoff-Tankstelle. \u201eWir wissen sehr gut, was wir tun. Eine \u00e4hnliche Tankstelle, nur kleiner, ist f\u00fcr uns schon Teil unseres Netzes\u201c, sagte H2-Mobility-Gesch\u00e4ftsf\u00fchrer Frank Fronzke bei der Er\u00f6ffnung am Montagvormittag. \u201eDiese Tankstelle ist ein Musterbeispiel einer Zukunftstechnologie, aber so angelegt, wie jede normale Tankstelle. Man f\u00e4hrt ran, tankt \u2013 und f\u00e4hrt wieder weg.\u201c<\/p>\n","protected":false},"excerpt":{"rendered":"Es war viel von Mut die Rede. Einfach mal machen. Zuversicht. So fragte die gr\u00fcne NRW-Wirtschaftsministerin Mona Neubauer:&hellip;\n","protected":false},"author":2,"featured_media":142025,"comment_status":"","ping_status":"","sticky":false,"template":"","format":"standard","meta":{"footnotes":""},"categories":[1831],"tags":[51435,13865,3364,29,3405,8779,42119,30,51427,21356,35157,1209,4102,6397,10934,51434,4106,5702,51433,51432,51430,51429,51431,51428],"class_list":{"0":"post-142024","1":"post","2":"type-post","3":"status-publish","4":"format-standard","5":"has-post-thumbnail","7":"category-duesseldorf","8":"tag-antrieb","9":"tag-busse","10":"tag-de","11":"tag-deutschland","12":"tag-duesseldorf","13":"tag-elektro","14":"tag-elektrolyseur","15":"tag-germany","16":"tag-hoeherweg","17":"tag-mobility","18":"tag-mut","19":"tag-nordrhein-westfalen","20":"tag-rheinbahn","21":"tag-stadtwerke","22":"tag-tankstelle","23":"tag-tankstellennetz","24":"tag-wasser","25":"tag-wasserstoff","26":"tag-wasserstoffantrieb","27":"tag-wasserstoffbusse","28":"tag-wasserstofffahrzeug","29":"tag-wasserstoffflotte","30":"tag-wasserstoffregion","31":"tag-wasserstofftankstelle"},"share_on_mastodon":{"url":"https:\/\/pubeurope.com\/@de\/114576269183590291","error":""},"_links":{"self":[{"href":"https:\/\/www.europesays.com\/de\/wp-json\/wp\/v2\/posts\/142024","targetHints":{"allow":["GET"]}}],"collection":[{"href":"https:\/\/www.europesays.com\/de\/wp-json\/wp\/v2\/posts"}],"about":[{"href":"https:\/\/www.europesays.com\/de\/wp-json\/wp\/v2\/types\/post"}],"author":[{"embeddable":true,"href":"https:\/\/www.europesays.com\/de\/wp-json\/wp\/v2\/users\/2"}],"replies":[{"embeddable":true,"href":"https:\/\/www.europesays.com\/de\/wp-json\/wp\/v2\/comments?post=142024"}],"version-history":[{"count":0,"href":"https:\/\/www.europesays.com\/de\/wp-json\/wp\/v2\/posts\/142024\/revisions"}],"wp:featuredmedia":[{"embeddable":true,"href":"https:\/\/www.europesays.com\/de\/wp-json\/wp\/v2\/media\/142025"}],"wp:attachment":[{"href":"https:\/\/www.europesays.com\/de\/wp-json\/wp\/v2\/media?parent=142024"}],"wp:term":[{"taxonomy":"category","embeddable":true,"href":"https:\/\/www.europesays.com\/de\/wp-json\/wp\/v2\/categories?post=142024"},{"taxonomy":"post_tag","embeddable":true,"href":"https:\/\/www.europesays.com\/de\/wp-json\/wp\/v2\/tags?post=142024"}],"curies":[{"name":"wp","href":"https:\/\/api.w.org\/{rel}","templated":true}]}}