{"id":142063,"date":"2025-05-26T21:52:13","date_gmt":"2025-05-26T21:52:13","guid":{"rendered":"https:\/\/www.europesays.com\/de\/142063\/"},"modified":"2025-05-26T21:52:13","modified_gmt":"2025-05-26T21:52:13","slug":"sie-ueberrascht-ihre-fans-auf-album-party","status":"publish","type":"post","link":"https:\/\/www.europesays.com\/de\/142063\/","title":{"rendered":"Sie \u00fcberrascht ihre Fans auf Album-Party"},"content":{"rendered":"<p>S\u00e4ngerin Lorde<br \/>\nSie \u00fcberrascht ihre Fans auf Album-Party<\/p>\n<p><img class=\"image image-element__image\"   src=\"https:\/\/www.europesays.com\/de\/wp-content\/uploads\/2025\/05\/26--sie-ueberrascht-ihre-fans-auf-album-party---3-2---spoton-article-1099340.jpg\" alt=\"Die neuseel\u00e4ndische S\u00e4ngerin Lorde tauchte in Sydney \u00fcberraschend auf einem Fan-Event auf.\" decoding=\"async\" fetchpriority=\"high\" loading=\"eager\"\/><br \/>\n<a href=\"https:\/\/image.vip.de\/24382874\/t\/1W\/v1\/w2048\/r1.5\/-\/26--sie-ueberrascht-ihre-fans-auf-album-party---3-2---spoton-article-1099340.jpg#imago%2FDepositphotos%20%2F%20Moffly\" class=\"image__magnifier\" aria-label=\"Vergr\u00f6\u00dfern\" rel=\"nofollow noopener\" target=\"_blank\"><\/p>\n<p>\n Die neuseel\u00e4ndische S\u00e4ngerin Lorde tauchte in Sydney \u00fcberraschend auf einem Fan-Event auf. <\/p>\n<p>\u00a9 imago\/Depositphotos \/ Moffly<\/p>\n<p>\nPopstar Lorde mischte sich auf einer Fan-Party in Sydney unters Volk. Damit bescherte sie ihren Fans einen unvergesslichen Abend.\n<\/p>\n<p class=\"text-element u-richtext u-typo u-typo--article-text article__text-element text-element--context-article\"> Popstar Lorde, 28, hat offenbar ein H\u00e4ndchen f\u00fcr medienwirksame Auftritte. Auf einer Lorde-Themenparty in einem Club in Sydney mischte sich die neuseel\u00e4ndische S\u00e4ngerin unter die Fans. In &#8222;Mary&#8217;s Underground&#8220; wurde anl\u00e4sslich Lordes kommenden Albums &#8222;Virgin&#8220;, das am 27. Juni erscheint, ihre musikalische Laufbahn gefeiert.<\/p>\n<p>&#8222;Lorde crashte meine Party!&#8220;<\/p>\n<p class=\"text-element u-richtext u-typo u-typo--article-text article__text-element text-element--context-article\"> Pl\u00f6tzlich tauchte der Popstar dabei offenbar selbst auf. Zahlreiche Aufnahmen in den sozialen Medien zeigen, wie sich die S\u00e4ngerin in den Club schleicht und inmitten ihrer Fans tanzt. Sie posierte f\u00fcr Fotos und stellte sich hinter das DJ-Pult. Dort feierte die 28-J\u00e4hrige zusammen mit DJane Emma Parke. Diese postete auf <a class=\"link--external\" href=\"https:\/\/www.instagram.com\/p\/DKE-fEDPtvy\/?hl=de\" rel=\"nofollow noopener\" target=\"_blank\">Instagram einen Clip<\/a>, auf dem sie und Lorde sich hinter dem DJ-Pult umarmen. &#8222;Lorde crashte meine Party!&#8220;, so Parke zu dem Video. Zu <a class=\"link--external\" href=\"https:\/\/www.instagram.com\/p\/DKGJm43hbyE\/?hl=de&amp;img_index=1\" rel=\"nofollow noopener\" target=\"_blank\">einer Reihe an Bildern<\/a>, die Lorde auf der Party zeigen, schrieb sie: &#8222;Ich kann es immer noch nicht glauben! Ich bin Lorde unglaublich dankbar, dass sie diesen Abend zu einem Ereignis gemacht hat, \u00fcber das wir noch jahrelang sprechen werden.&#8220; Unter dem Post kommentierte Lorde selbst: &#8222;Du bist die Coolste!&#8220;<\/p>\n<p class=\"text-element u-richtext u-typo u-typo--article-text article__text-element text-element--context-article\"> Der Veranstalter hat indes weitere Partys in verschiedenen St\u00e4dten zum Release von Lordes vierten Studioalbum &#8222;Virgin&#8220; angek\u00fcndigt. &#8222;Also letzte Nacht war krass &#8230; weckt mich jemand auf &#8230; lasst es uns nochmal machen (minus unserer K\u00f6nigin)&#8220;, hei\u00dft es auf<a class=\"link--external\" href=\"https:\/\/www.instagram.com\/p\/DKGFggPzoON\/?hl=de\" rel=\"nofollow noopener\" target=\"_blank\"> Instagram<\/a>. Und weiter: &#8222;Lorde wird diesmal zwar nicht dabei sein, aber alles ist m\u00f6glich, denke ich.&#8220;<\/p>\n<p>Fan-Event zur ersten Single sorgte f\u00fcr Aufsehen<\/p>\n<p class=\"text-element u-richtext u-typo u-typo--article-text article__text-element text-element--context-article\"> Schon die erste Singleauskopplung &#8222;What Was That&#8220; bewarb Lorde medienwirksam. Bei einem Fan-Event in New York am 22. April sang sie den Song \u00fcber Lautsprecher erstmals \u00f6ffentlich und tanzte mit Fans und Schaulustigen. Allerdings fanden sich dort so viele Leute ein, dass die Polizei die Menschenmenge aufl\u00f6sen musste. Ein Ausschnitt ihres Auftritts ging auf X viral . Das Musikvideo des Songs enth\u00e4lt Clips von Lorde und ihren Fans bei diesem Pop-up-Auftritt.<\/p>\n<p>\nspot on news\n<\/p>\n<p>  <script async src=\"\/\/www.instagram.com\/embed.js\"><\/script><\/p>\n","protected":false},"excerpt":{"rendered":"S\u00e4ngerin Lorde Sie \u00fcberrascht ihre Fans auf Album-Party Die neuseel\u00e4ndische S\u00e4ngerin Lorde tauchte in Sydney \u00fcberraschend auf einem&hellip;\n","protected":false},"author":2,"featured_media":142064,"comment_status":"","ping_status":"","sticky":false,"template":"","format":"standard","meta":{"footnotes":""},"categories":[1772],"tags":[29,214,30,1779,810,215],"class_list":{"0":"post-142063","1":"post","2":"type-post","3":"status-publish","4":"format-standard","5":"has-post-thumbnail","7":"category-musik","8":"tag-deutschland","9":"tag-entertainment","10":"tag-germany","11":"tag-music","12":"tag-musik","13":"tag-unterhaltung"},"share_on_mastodon":{"url":"https:\/\/pubeurope.com\/@de\/114576356022549083","error":""},"_links":{"self":[{"href":"https:\/\/www.europesays.com\/de\/wp-json\/wp\/v2\/posts\/142063","targetHints":{"allow":["GET"]}}],"collection":[{"href":"https:\/\/www.europesays.com\/de\/wp-json\/wp\/v2\/posts"}],"about":[{"href":"https:\/\/www.europesays.com\/de\/wp-json\/wp\/v2\/types\/post"}],"author":[{"embeddable":true,"href":"https:\/\/www.europesays.com\/de\/wp-json\/wp\/v2\/users\/2"}],"replies":[{"embeddable":true,"href":"https:\/\/www.europesays.com\/de\/wp-json\/wp\/v2\/comments?post=142063"}],"version-history":[{"count":0,"href":"https:\/\/www.europesays.com\/de\/wp-json\/wp\/v2\/posts\/142063\/revisions"}],"wp:featuredmedia":[{"embeddable":true,"href":"https:\/\/www.europesays.com\/de\/wp-json\/wp\/v2\/media\/142064"}],"wp:attachment":[{"href":"https:\/\/www.europesays.com\/de\/wp-json\/wp\/v2\/media?parent=142063"}],"wp:term":[{"taxonomy":"category","embeddable":true,"href":"https:\/\/www.europesays.com\/de\/wp-json\/wp\/v2\/categories?post=142063"},{"taxonomy":"post_tag","embeddable":true,"href":"https:\/\/www.europesays.com\/de\/wp-json\/wp\/v2\/tags?post=142063"}],"curies":[{"name":"wp","href":"https:\/\/api.w.org\/{rel}","templated":true}]}}