{"id":142100,"date":"2025-05-26T22:12:11","date_gmt":"2025-05-26T22:12:11","guid":{"rendered":"https:\/\/www.europesays.com\/de\/142100\/"},"modified":"2025-05-26T22:12:11","modified_gmt":"2025-05-26T22:12:11","slug":"stadt-erhoeht-die-preise-fuer-das-mittagessen-an-den-grundschulen-woerth","status":"publish","type":"post","link":"https:\/\/www.europesays.com\/de\/142100\/","title":{"rendered":"Stadt erh\u00f6ht die Preise f\u00fcr das Mittagessen an den Grundschulen &#8211; W\u00f6rth"},"content":{"rendered":"<p class=\"rhp-dpa-teaser\"><b>Die Preise f\u00fcr das Mittagessen an den Grundschule sollen um 40 Prozent steigen. Die Stadt begr\u00fcndet dies mit Haushaltsvorgaben. Die SPD nennt die Preiserh\u00f6hung unsozial.<\/b><\/p>\n<p> Eltern, deren Kinder im zu Ende gehenden Schuljahr an der W\u00f6rther Dammschule zu Mittag essen, m\u00fcssen 4,45 Euro pro Mahlzeit zahlen. Im kommenden Schuljahr werden es 6,20 Euro sein. <\/p>\n<p class=\"\">Bitte loggen Sie sich ein um den Artikel im Klartext zu sehen.<\/p>\n<p class=\"\">Dsa etsctrhipn ieenr tgerinSegu mu durn 40 zrnteP.o Achu an nde vire eradnen unnuhlrsdecG im edbagtetSti e(rshhoscrDuelbgc Whm&amp;ulo;,rt Tllsluuchea axiisua,mnialM tS. ceSlpohNeu-muk tadShic ndu ruGlsnhudce e)m&amp;hueBlg;cbulr ileegn dei sgestiPnnereueigr ni irdese em&amp;oHluh.; Vazourtsnesug tsi &amp;h;r<\/p>\n","protected":false},"excerpt":{"rendered":"Die Preise f\u00fcr das Mittagessen an den Grundschule sollen um 40 Prozent steigen. Die Stadt begr\u00fcndet dies mit&hellip;\n","protected":false},"author":2,"featured_media":142101,"comment_status":"","ping_status":"","sticky":false,"template":"","format":"standard","meta":{"footnotes":""},"categories":[1844],"tags":[5871,1634,51450,3364,29,1459,30,8903,4060,50647,27216,51449,184,51448,26148],"class_list":{"0":"post-142100","1":"post","2":"type-post","3":"status-publish","4":"format-standard","5":"has-post-thumbnail","7":"category-karlsruhe","8":"tag-grundschule","9":"tag-baden-wuerttemberg","10":"tag-buechelberg","11":"tag-de","12":"tag-deutschland","13":"tag-eltern","14":"tag-germany","15":"tag-karlsruhe","16":"tag-lokal","17":"tag-mario-daum","18":"tag-maximiliansau","19":"tag-schaidt","20":"tag-spd","21":"tag-st-nepomuk-schule","22":"tag-woerth"},"share_on_mastodon":{"url":"https:\/\/pubeurope.com\/@de\/114576434392169873","error":""},"_links":{"self":[{"href":"https:\/\/www.europesays.com\/de\/wp-json\/wp\/v2\/posts\/142100","targetHints":{"allow":["GET"]}}],"collection":[{"href":"https:\/\/www.europesays.com\/de\/wp-json\/wp\/v2\/posts"}],"about":[{"href":"https:\/\/www.europesays.com\/de\/wp-json\/wp\/v2\/types\/post"}],"author":[{"embeddable":true,"href":"https:\/\/www.europesays.com\/de\/wp-json\/wp\/v2\/users\/2"}],"replies":[{"embeddable":true,"href":"https:\/\/www.europesays.com\/de\/wp-json\/wp\/v2\/comments?post=142100"}],"version-history":[{"count":0,"href":"https:\/\/www.europesays.com\/de\/wp-json\/wp\/v2\/posts\/142100\/revisions"}],"wp:featuredmedia":[{"embeddable":true,"href":"https:\/\/www.europesays.com\/de\/wp-json\/wp\/v2\/media\/142101"}],"wp:attachment":[{"href":"https:\/\/www.europesays.com\/de\/wp-json\/wp\/v2\/media?parent=142100"}],"wp:term":[{"taxonomy":"category","embeddable":true,"href":"https:\/\/www.europesays.com\/de\/wp-json\/wp\/v2\/categories?post=142100"},{"taxonomy":"post_tag","embeddable":true,"href":"https:\/\/www.europesays.com\/de\/wp-json\/wp\/v2\/tags?post=142100"}],"curies":[{"name":"wp","href":"https:\/\/api.w.org\/{rel}","templated":true}]}}