{"id":142169,"date":"2025-05-26T22:47:11","date_gmt":"2025-05-26T22:47:11","guid":{"rendered":"https:\/\/www.europesays.com\/de\/142169\/"},"modified":"2025-05-26T22:47:11","modified_gmt":"2025-05-26T22:47:11","slug":"olpketal-theater-in-dortmund-macht-schluss","status":"publish","type":"post","link":"https:\/\/www.europesays.com\/de\/142169\/","title":{"rendered":"Olpketal-Theater in Dortmund macht Schluss"},"content":{"rendered":"<p>Lichter gehen f\u00fcr immer ausOlpketal-Theater in Dortmund macht Schluss<\/p>\n<p>03:32 min<\/p>\n<p>Bruno \u201eG\u00fcnna\u201c Knust<\/p>\n<p>Vom Stadionsprecher zum Theaterdirektor<\/p>\n<p>26. Mai 2025 um 18:55 Uhr<\/p>\n<p class=\"Typography_text-default__wldUd Typography_align-left__koBUM AnnotatedMarkup_paragraph__IUT9l\">Ende einer \u00c4ra im Ruhrgebiet: Das Dortmunder Olpketal-Theater hat seine T\u00fcren jetzt f\u00fcr immer geschlossen. 35 Jahre lang hat Kabarett-Urgestein Bruno \u201eG\u00fcnna\u201d Knust hier seine Programme pr\u00e4sentiert. Zum Abschied am Sonntagabend gab es mitten im letzten Schlussapplaus noch eine \u00dcberraschung.<\/p>\n<p class=\"Typography_text-default__wldUd Typography_align-left__koBUM AnnotatedMarkup_paragraph__IUT9l\">Mitten im Schlussapplaus nach der letzten Vorstellung am Sonntagabend hat der 71j\u00e4hrige pl\u00f6tzlich \u00fcberraschend auch noch einen Pokal gewonnen: Mit seinem langj\u00e4hrigen Kumpel Michael Kohlmann engagiert sich der Kabarettist seit 2011 in der Solidarfonds Stiftung NRW. Die k\u00fcmmert sich in Sachen Ausbildung um benachteiligte Jugendliche. Zum Dank macht ihn Kohlmann dann auch noch zum ersten Gewinner der Solidarfonds Ehrenkrone.<\/p>\n<p>Er\u00f6ffnung im Jahr 1989<\/p>\n<p class=\"Typography_text-default__wldUd Typography_align-left__koBUM AnnotatedMarkup_paragraph__IUT9l\">Mit kurzen Witzen im Stakkato-Tempo hat der damalige Kinderpuppenspieler und Sportjournalist Bruno Knust 1989 sein eigenes Theater im S\u00fcden Dortmunds er\u00f6ffnet. Er ballert bis heute in einem Programm hunderte Pointen ins Publikum, in atemberaubender Geschwindigkeit, quer durch alle Themen des Lebens, auch des eigenen:<br \/>\u201eAls ich Kind war, hatten Eltern im Durchschnitt vier Kinder. Heute hat ein Kind im Durchschnitt vier Eltern. Das hat sich so gedreht. Und die paar Kinder, die du heute noch hast, das sind auch Vollkasko Blagen. Da hast du Rasenm\u00e4her-V\u00e4ter, Hubschrauber-Mamas. Und das Kinderzimmer ist schon zwei Jahre vorher eingerichtet, bevor der Braten angerollt wird. Ich komme aus einer anderen Zeit. Ich war nur ein Betriebsunfall. \u00dcberhaupt nicht gewollt. D\u00fcrfte gar nicht hier stehen. Bin trotzdem hier, weil: Hast du neun Monate nach deinem Vater Geburtstag, wei\u00dft Du, dass deine Mutter kein Geschenk hatte&#8230;\u201d<\/p>\n<p>Theaterleitung an Tochter \u00fcbergeben<\/p>\n<p class=\"Typography_text-default__wldUd Typography_align-left__koBUM AnnotatedMarkup_paragraph__IUT9l\">Bruno Knusts Tochter Nicoletta hat das Theater die letzten Jahre organisatorisch geleitet. Ihr Bruder Fabio machte lange die Technik. Der Vater ist jetzt 71 Jahre alt und alle wissen schon l\u00e4nger: Irgendwann w\u00fcrde er hier trotz des Dauererfolges Schluss machen. Aber Corona sollte nicht das Ende sein, erz\u00e4hlt die junge Frau: \u201eWir haben gesagt: Wir brauchen einen Zeitpunkt, wo wir noch einmal voll hochfahren. Und das ist die Jubil\u00e4umssaison, da geben wir noch mal richtig Vollgas. Das haben wir auch gemacht. Wir haben so viel gespielt und damit k\u00f6nnen wir uns gut verabschieden. Und es ist auch sch\u00f6n, vermisst zu werden.\u201d<\/p>\n<p class=\"Typography_text-default__wldUd Typography_align-left__koBUM AnnotatedMarkup_paragraph__IUT9l\">Er selbst wirkt nicht besonders traurig angesichts des Abschiedes von seinem Theater: \u201eR\u00fcckwirkend kann ich nur sagen: Ich habe viel Gl\u00fcck gehabt, dass ich etwas kann, wo ich andere Leute mit unterhalten konnte und gl\u00fccklich machen konnte. Und dass ich das hier an einer Stelle so lange machen konnte. Das ist besser als arbeiten.\u201d<br \/>Was auch immer es ist, was er da tut &#8211; seine Fans im Pott m\u00fcssen nicht trauern: Bruno Knust wird auf anderen B\u00fchnen damit weitermachen, auch ohne eigenes Theater. Zum Beispiel bei der Weihnachtsmatinee der Solidarfonds-Stiftung: Am dritten Adventsonntag in Witten, zusammen mit den Comedy Schwergewichten Torsten Str\u00e4ter und Markus Krebs.<\/p>\n","protected":false},"excerpt":{"rendered":"Lichter gehen f\u00fcr immer ausOlpketal-Theater in Dortmund macht Schluss 03:32 min Bruno \u201eG\u00fcnna\u201c Knust Vom Stadionsprecher zum Theaterdirektor&hellip;\n","protected":false},"author":2,"featured_media":142170,"comment_status":"","ping_status":"","sticky":false,"template":"","format":"standard","meta":{"footnotes":""},"categories":[1833],"tags":[3364,29,217,30,5827,5828,1209,5830,5829,5825,5826,5824],"class_list":{"0":"post-142169","1":"post","2":"type-post","3":"status-publish","4":"format-standard","5":"has-post-thumbnail","7":"category-dortmund","8":"tag-de","9":"tag-deutschland","10":"tag-dortmund","11":"tag-germany","12":"tag-nachrichten-nrw","13":"tag-news-nrw","14":"tag-nordrhein-westfalen","15":"tag-regionale-nachrichten-nrw","16":"tag-rtl-nachrichten-nrw","17":"tag-rtl-nrw","18":"tag-rtl-regional","19":"tag-rtl-west"},"share_on_mastodon":{"url":"https:\/\/pubeurope.com\/@de\/114576572004632105","error":""},"_links":{"self":[{"href":"https:\/\/www.europesays.com\/de\/wp-json\/wp\/v2\/posts\/142169","targetHints":{"allow":["GET"]}}],"collection":[{"href":"https:\/\/www.europesays.com\/de\/wp-json\/wp\/v2\/posts"}],"about":[{"href":"https:\/\/www.europesays.com\/de\/wp-json\/wp\/v2\/types\/post"}],"author":[{"embeddable":true,"href":"https:\/\/www.europesays.com\/de\/wp-json\/wp\/v2\/users\/2"}],"replies":[{"embeddable":true,"href":"https:\/\/www.europesays.com\/de\/wp-json\/wp\/v2\/comments?post=142169"}],"version-history":[{"count":0,"href":"https:\/\/www.europesays.com\/de\/wp-json\/wp\/v2\/posts\/142169\/revisions"}],"wp:featuredmedia":[{"embeddable":true,"href":"https:\/\/www.europesays.com\/de\/wp-json\/wp\/v2\/media\/142170"}],"wp:attachment":[{"href":"https:\/\/www.europesays.com\/de\/wp-json\/wp\/v2\/media?parent=142169"}],"wp:term":[{"taxonomy":"category","embeddable":true,"href":"https:\/\/www.europesays.com\/de\/wp-json\/wp\/v2\/categories?post=142169"},{"taxonomy":"post_tag","embeddable":true,"href":"https:\/\/www.europesays.com\/de\/wp-json\/wp\/v2\/tags?post=142169"}],"curies":[{"name":"wp","href":"https:\/\/api.w.org\/{rel}","templated":true}]}}