{"id":142326,"date":"2025-05-27T00:15:12","date_gmt":"2025-05-27T00:15:12","guid":{"rendered":"https:\/\/www.europesays.com\/de\/142326\/"},"modified":"2025-05-27T00:15:12","modified_gmt":"2025-05-27T00:15:12","slug":"polizei-schiesst-auf-mann-mit-beil-in-nidderau","status":"publish","type":"post","link":"https:\/\/www.europesays.com\/de\/142326\/","title":{"rendered":"Polizei schie\u00dft auf Mann mit Beil in Nidderau"},"content":{"rendered":"<p>Bei Frankfurt <\/p>\n<p>Polizisten schie\u00dfen auf Mann mit Beil<\/p>\n<p>27.05.2025 &#8211; 01:24 UhrLesedauer: 1 Min.<\/p>\n<p><a href=\"#focus-0\" class=\"transition-colors duration-200 focus-within:text-magenta block text-current relative\" data-sctrack=\"FocusGalleryImage.Reference\"><img fetchpriority=\"high\" data-testid=\"Opener.Image\" style=\"--lqipURL:url('https:\/\/images.t-online.de\/2025\/05\/VGnmiUcpo0bD\/0x107:2048x1152\/fit-in\/150x0\/filters:blur(25)\/ein-polizist-steht-an-einem-tatort-durch-den-schusswaffengebrauch-wurde-ein-mensch-verletzt.jpg')\"   loading=\"eager\" src=\"https:\/\/www.europesays.com\/de\/wp-content\/uploads\/2025\/05\/ein-polizist-steht-an-einem-tatort-durch-den-schusswaffengebrauch-wurde-ein-mensch-verletzt.jpg\" alt=\"Ein Polizist steht an einem Tatort: Durch den Schusswaffengebrauch wurde ein Mensch verletzt.\" title=\"Ein Polizist steht an einem Tatort: Durch den Schusswaffengebrauch wurde ein Mensch verletzt.\" width=\"2048\" height=\"1152\" class=\"bg-[url:var(--lqipURL)] bg-cover bg-center flex w-full max-w-full h-full\" decoding=\"async\"\/><img style=\"--width:32;--height:32\" loading=\"lazy\" src=\"https:\/\/www.europesays.com\/de\/wp-content\/uploads\/2025\/04\/1745049674_75_zoom-in.f7dae02f.svg.svg+xml\" alt=\"Vergr\u00f6\u00dfern des Bildes\" title=\"Vergr\u00f6\u00dfern des Bildes\" class=\"&#10;        block&#10;        h-[calc(var(--height)_\/_16_*_1rem)]&#10;        w-[calc(var(--width)_\/_16_*_1rem)]&#10;        max-w-none&#10;        absolute bottom-8 right-8 rounded-4 bg-snow p-8\" decoding=\"async\"\/><\/a><\/p>\n<p>Ein Polizist steht an einem Tatort: Durch den Schusswaffengebrauch wurde ein Mensch verletzt. (Quelle:  5VISION.NEWS)<\/p>\n<p class=\"font-bold text-18 leading-17\">Dramatische Szenen in Nidderau bei Frankfurt: Ein Mann attackiert mit einem Beil eine T\u00fcr und entfacht ein Feuer. Die Polizei muss schlie\u00dflich zur Waffe greifen.<\/p>\n<p class=\"text-18 leading-17\">Ein Polizeieinsatz in Nidderau bei Frankfurt ist am Montagabend eskaliert: Beamte schossen auf einen 63-j\u00e4hrigen Mann, der mit einem Beil eine T\u00fcr attackiert und Holz angez\u00fcndet hatte.<\/p>\n<p class=\"text-18 leading-17\">Wie die Polizei in einem Bericht an die Presse schreibt, gingen gegen 22.20 Uhr am Montagabend mehrere Notrufe ein. Zeugen meldeten, dass ein Unbekannter auf der M\u00fchlstra\u00dfe in Nidderau mit einem Beil gegen eine T\u00fcr schlage. Zus\u00e4tzlich habe der Mann Holz im Bereich des Hauses angez\u00fcndet.<\/p>\n<p class=\"text-18 leading-17\">Bereits wenige Minuten nach der Alarmierung trafen die ersten Streifenwagen am Einsatzort ein. Nach aktuellem Ermittlungsstand sprachen die Beamten den 63-J\u00e4hrigen mehrfach an und forderten ihn auf, das Beil niederzulegen. Der Mann soll jedoch nicht auf die Aufforderungen reagiert haben.<\/p>\n<p class=\"text-18 leading-17\">Daraufhin kam es zum Schusswaffengebrauch durch die Polizei. Der 63-J\u00e4hrige wurde dabei verletzt und zur medizinischen Behandlung in ein Krankenhaus gebracht. \u00dcber seinen aktuellen Gesundheitszustand liegen keine weiteren Informationen vor.<\/p>\n<p class=\"text-18 leading-17\">Die Hintergr\u00fcnde der Tat sind noch unklar. Was den Mann zu seinem Verhalten bewogen hat, ist nun Gegenstand der eingeleiteten Ermittlungen. Auf der M\u00fchlstra\u00dfe f\u00fchren Spurensicherungsexperten umfangreiche Untersuchungen durch.<\/p>\n<p class=\"text-18 leading-17\">Aufgrund des brennenden Holzes war neben der Polizei auch die \u00f6rtliche Feuerwehr im Einsatz. Die Ermittlungen zu dem Vorfall dauern weiter an.<\/p>\n","protected":false},"excerpt":{"rendered":"Bei Frankfurt Polizisten schie\u00dfen auf Mann mit Beil 27.05.2025 &#8211; 01:24 UhrLesedauer: 1 Min. Ein Polizist steht an&hellip;\n","protected":false},"author":2,"featured_media":142327,"comment_status":"","ping_status":"","sticky":false,"template":"","format":"standard","meta":{"footnotes":""},"categories":[1829],"tags":[722,3176,29,2050,2051,30,2052,51505,121,51506,218],"class_list":{"0":"post-142326","1":"post","2":"type-post","3":"status-publish","4":"format-standard","5":"has-post-thumbnail","7":"category-frankfurt-am-main","8":"tag-722","9":"tag-3176","10":"tag-deutschland","11":"tag-frankfurt","12":"tag-frankfurt-am-main","13":"tag-germany","14":"tag-hessen","15":"tag-nidderau","16":"tag-polizei","17":"tag-schusswaffengebrauch","18":"tag-tatort"},"share_on_mastodon":{"url":"https:\/\/pubeurope.com\/@de\/114576918208808511","error":""},"_links":{"self":[{"href":"https:\/\/www.europesays.com\/de\/wp-json\/wp\/v2\/posts\/142326","targetHints":{"allow":["GET"]}}],"collection":[{"href":"https:\/\/www.europesays.com\/de\/wp-json\/wp\/v2\/posts"}],"about":[{"href":"https:\/\/www.europesays.com\/de\/wp-json\/wp\/v2\/types\/post"}],"author":[{"embeddable":true,"href":"https:\/\/www.europesays.com\/de\/wp-json\/wp\/v2\/users\/2"}],"replies":[{"embeddable":true,"href":"https:\/\/www.europesays.com\/de\/wp-json\/wp\/v2\/comments?post=142326"}],"version-history":[{"count":0,"href":"https:\/\/www.europesays.com\/de\/wp-json\/wp\/v2\/posts\/142326\/revisions"}],"wp:featuredmedia":[{"embeddable":true,"href":"https:\/\/www.europesays.com\/de\/wp-json\/wp\/v2\/media\/142327"}],"wp:attachment":[{"href":"https:\/\/www.europesays.com\/de\/wp-json\/wp\/v2\/media?parent=142326"}],"wp:term":[{"taxonomy":"category","embeddable":true,"href":"https:\/\/www.europesays.com\/de\/wp-json\/wp\/v2\/categories?post=142326"},{"taxonomy":"post_tag","embeddable":true,"href":"https:\/\/www.europesays.com\/de\/wp-json\/wp\/v2\/tags?post=142326"}],"curies":[{"name":"wp","href":"https:\/\/api.w.org\/{rel}","templated":true}]}}