{"id":142395,"date":"2025-05-27T00:50:14","date_gmt":"2025-05-27T00:50:14","guid":{"rendered":"https:\/\/www.europesays.com\/de\/142395\/"},"modified":"2025-05-27T00:50:14","modified_gmt":"2025-05-27T00:50:14","slug":"a-liga-historischer-erfolg-der-spvgg-igstadt","status":"publish","type":"post","link":"https:\/\/www.europesays.com\/de\/142395\/","title":{"rendered":"A-Liga: Historischer Erfolg der Spvgg. Igstadt"},"content":{"rendered":"<p>   A-Liga: Historischer Erfolg der Spvgg. Igstadt &#8211; FuPa                                               <\/p>\n<p>FuPa ben\u00f6tigt JavaScript, um richtig zu funktionieren.<\/p>\n<p> Browser nicht unterst\u00fctzt <\/p>\n<p>  Du verwendest einen veralteten Browser, wodurch die Funktionalit\u00e4t von FuPa eingeschr\u00e4nkt ist und es zu unerwarteten Fehlern kommen kann. Damit du FuPa vollumf\u00e4nglich nutzen kannst und wir dir eine bessere Nutzungserfahrung und mehr Sicherheit auf unserer Anwendung bieten k\u00f6nnen, nutze bitte einen aktuellen Browser.      <img loading=\"lazy\" decoding=\"async\" src=\"https:\/\/www.europesays.com\/de\/wp-content\/uploads\/2025\/05\/vgzm.2780411-3105007.gif\" height=\"1\" width=\"1\" class=\"sc-1wcyr0h-16 hojaCI\"\/>Du wirst automatisch weitergeleitet&#8230;<img fetchpriority=\"high\" decoding=\"async\" loading=\"eager\" src=\"https:\/\/www.europesays.com\/de\/wp-content\/uploads\/2025\/05\/1748307012_104_960x640.jpeg\" alt=\"Jubelstimmung in Igstadt. Beide Teams steigen auf.\" title=\"Jubelstimmung in Igstadt. Beide Teams steigen auf.\" width=\"960\" height=\"640\" class=\"sc-wadapo-3 klmthQ mui-style-2vfs2l\"\/>Jubelstimmung in Igstadt. Beide Teams steigen auf. \u2013 Foto: Privat<a data-google-interstitial=\"false\" target=\"_blank\" href=\"http:\/\/www.meine-vrm.de\/\" rel=\"noopener\"><img decoding=\"async\" loading=\"eager\" src=\"https:\/\/www.europesays.com\/de\/wp-content\/uploads\/2025\/04\/1744935805_14_image.svg.svg+xml\" alt=\"\" title=\"\" width=\"400\" height=\"80\" class=\"sc-wadapo-3 ftUxsc\"\/><\/a><a data-google-interstitial=\"false\" target=\"_blank\" href=\"https:\/\/www.meine-vrm.de\/\" rel=\"noopener\"><img decoding=\"async\" loading=\"eager\" src=\"https:\/\/www.europesays.com\/de\/wp-content\/uploads\/2025\/04\/1744935806_967_image.svg.svg+xml\" alt=\"\" title=\"\" width=\"400\" height=\"80\" class=\"sc-wadapo-3 ftUxsc\"\/><\/a>Erste und Zweite aufgestiegen +++ Maroc macht direkten Wiederaufstieg klar<\/p>\n<p id=\"63712\">Wiesbaden (knit). Im Spitzenfeld der A-Liga Wiesbaden feierten der FC Naurod II, der FC Maroc und die Spvgg. Igstadt zum Rundenfinale Siege. Igstadt und Maroc durften bereits am Donnerstag feiern. Durch den Sieg der Biebricher KOL-Reserve in Nordenstadt, die Niederlage der Nauroder Kreisoberliga-Formation bei Kastel 06 und der damit verbundenen Relegationsqualifikation der 02er standen Maroc und Igstadt nach dem TuS Medenbach vorzeitig als Aufsteiger zwei und drei fest.<\/p>\n<p>Dieser Text wird euch kostenlos zur Verf\u00fcgung gestellt vom Wiesbadener Kurier.<\/p>\n<p id=\"63712\">\u201eWir hatten gerade in den letzten Wochen viele Verletzte und sind sehr froh, dass es jetzt geschafft ist. Wir sind eine tolle Gemeinschaft und wollen diesen Weg gemeinsam weitergehen\u201c, freut sich Maroc-Trainer Yahya El Fachtali Sabbat \u00fcber die R\u00fcckkehr in die Kreisoberliga. In Igstadt wurde beim Saisonabschluss gegen Sonnenberg II (2:0) der Doppelaufstieg gefeiert, hat doch auch die Zweite den Sprung in die C-Liga geschafft. \u201eDas war eine historische Saison f\u00fcr die Spielvereinigung Igstadt und der H\u00f6hepunkt einer \u00fcberragenden Entwicklung in den letzten Jahren. Wir freuen uns auf das Abenteuer Kreisoberliga\u201c, war der Vorsitzende Joerg Benecke euphorisiert. Im Keller kamen Hellas und Freudenberg trotz schwacher Saison mit einem blauen Auge davon und d\u00fcrfen sich \u00fcber den Klassenerhalt freuen. \u201eErleichterung trifft es eher als Freude\u201c, fasste Freudenbergs Felix Paulsen die Stimmungslage zusammen. \u201eWir sind in den Planungen und hoffen auf eine stabile A-Liga-Runde n\u00e4chste Saison\u201c, so Paulsen.<\/p>\n<p> So., 25.05.2025, 12:45 Uhr So., 25.05.2025, 15:00 Uhr So., 25.05.2025, 13:15 Uhr So., 25.05.2025, 12:00 UhrSo., 25.05.2025, 15:00 Uhr So., 25.05.2025, 15:00 UhrSo., 25.05.2025, 15:00 Uhr     <\/p>\n<p>Aufrufe: 026.5.2025, 21:46 Uhr<\/p>\n","protected":false},"excerpt":{"rendered":"A-Liga: Historischer Erfolg der Spvgg. Igstadt &#8211; FuPa FuPa ben\u00f6tigt JavaScript, um richtig zu funktionieren. Browser nicht unterst\u00fctzt&hellip;\n","protected":false},"author":2,"featured_media":142396,"comment_status":"","ping_status":"","sticky":false,"template":"","format":"standard","meta":{"footnotes":""},"categories":[1847],"tags":[51534,3364,29,51536,548,663,3934,19948,51533,51530,51531,30,13,2052,51529,14,15,51532,51539,12,51537,40838,40837,35580,51538,19955,41938,51535,4544],"class_list":{"0":"post-142395","1":"post","2":"type-post","3":"status-publish","4":"format-standard","5":"has-post-thumbnail","7":"category-wiesbaden","8":"tag-1-fc-naurod","9":"tag-de","10":"tag-deutschland","11":"tag-djk-schwarz-weiss-wiesbaden","12":"tag-eu","13":"tag-europa","14":"tag-europe","15":"tag-fc-bierstadt","16":"tag-fc-freudenberg","17":"tag-fc-maroc-wiesbaden","18":"tag-fsv-hellas-schierstein","19":"tag-germany","20":"tag-headlines","21":"tag-hessen","22":"tag-kreisliga-a-wiesbaden","23":"tag-nachrichten","24":"tag-news","25":"tag-sc-meso-nassau-wiesbaden","26":"tag-sc-polonia-wiesbaden-2018","27":"tag-schlagzeilen","28":"tag-spvgg-igstadt","29":"tag-spvgg-sonnenberg","30":"tag-sv-frauenstein","31":"tag-sv-niedernhausen","32":"tag-sv-schierstein-13","33":"tag-tuerkischer-sv-wiesbaden","34":"tag-tus-dotzheim","35":"tag-tus-medenbach","36":"tag-wiesbaden"},"share_on_mastodon":{"url":"https:\/\/pubeurope.com\/@de\/114577055829663465","error":""},"_links":{"self":[{"href":"https:\/\/www.europesays.com\/de\/wp-json\/wp\/v2\/posts\/142395","targetHints":{"allow":["GET"]}}],"collection":[{"href":"https:\/\/www.europesays.com\/de\/wp-json\/wp\/v2\/posts"}],"about":[{"href":"https:\/\/www.europesays.com\/de\/wp-json\/wp\/v2\/types\/post"}],"author":[{"embeddable":true,"href":"https:\/\/www.europesays.com\/de\/wp-json\/wp\/v2\/users\/2"}],"replies":[{"embeddable":true,"href":"https:\/\/www.europesays.com\/de\/wp-json\/wp\/v2\/comments?post=142395"}],"version-history":[{"count":0,"href":"https:\/\/www.europesays.com\/de\/wp-json\/wp\/v2\/posts\/142395\/revisions"}],"wp:featuredmedia":[{"embeddable":true,"href":"https:\/\/www.europesays.com\/de\/wp-json\/wp\/v2\/media\/142396"}],"wp:attachment":[{"href":"https:\/\/www.europesays.com\/de\/wp-json\/wp\/v2\/media?parent=142395"}],"wp:term":[{"taxonomy":"category","embeddable":true,"href":"https:\/\/www.europesays.com\/de\/wp-json\/wp\/v2\/categories?post=142395"},{"taxonomy":"post_tag","embeddable":true,"href":"https:\/\/www.europesays.com\/de\/wp-json\/wp\/v2\/tags?post=142395"}],"curies":[{"name":"wp","href":"https:\/\/api.w.org\/{rel}","templated":true}]}}