{"id":142420,"date":"2025-05-27T01:05:15","date_gmt":"2025-05-27T01:05:15","guid":{"rendered":"https:\/\/www.europesays.com\/de\/142420\/"},"modified":"2025-05-27T01:05:15","modified_gmt":"2025-05-27T01:05:15","slug":"5-jahre-seit-dem-polizeimord-an-george-floyd","status":"publish","type":"post","link":"https:\/\/www.europesays.com\/de\/142420\/","title":{"rendered":"5 Jahre seit dem Polizeimord an George Floyd"},"content":{"rendered":"<p><img decoding=\"async\" class=\"db relative center\" loading=\"lazy\" src=\"https:\/\/www.europesays.com\/de\/wp-content\/uploads\/2025\/05\/128c239d-8cfb-458a-a71c-b904dfe05777\" style=\"max-height:100%\"\/>Eine Frau im \u201eSay Their Names\u201c Friedhof in Minneapolis an George Floyds Gedenkst\u00e4tte am 25. Mai 2025, den f\u00fcnften Jahrestag seiner Ermordung [AP Photo\/Abbie Parr]<\/p>\n<p>Am 25. Mai 2020 wurde der 46-j\u00e4hrige George Floyd, ein afroamerikanischer Familienvater, von Polizeibeamten in Minneapolis ermordet, die ihn zu Boden dr\u00fcckten und \u00fcber neun Minuten lang auf seinem Hals knieten, w\u00e4hrend entsetzte Zuschauer sie anflehten, aufzuh\u00f6ren. Handy-Aufnahmen des Mordes l\u00f6sten eine Welle der Emp\u00f6rung und Proteste in den Vereinigten Staaten und weltweit aus.<\/p>\n<p>Auf den Aufnahmen schrie Floyd nach seiner Mutter, flehte, dass er sterben w\u00fcrde, und sagte den Beamten mehr als 20 Mal: \u201eIch kann nicht atmen\u201c. Derek Chauvin, ein 19-j\u00e4hriger Veteran der Polizei und der rangh\u00f6chste Beamte am Tatort, reagierte auf Floyds verzweifeltes Flehen, indem er sein Knie an dessen Hals hielt und den Sterbenden verspottete: \u201eH\u00f6r auf zu reden, h\u00f6r auf zu schreien, es braucht verdammt viel Sauerstoff zum Reden.\u201c<\/p>\n<p>Floyds Tod durch die H\u00e4nde \u2013 und Knie \u2013 der Polizei l\u00f6ste in der Arbeiterklasse und der Jugend eine gewaltige Welle sozialer Wut aus. In den Vereinigten Staaten nahmen sch\u00e4tzungsweise 26 Millionen Menschen aller Hautfarben an den Protesten gegen Polizeigewalt teil.<\/p>\n<p>Die Proteste gingen weit \u00fcber die Gro\u00dfst\u00e4dte hinaus und umfassten tausende Demonstrationen in allen Bundesstaaten des Landes. Zwischen dem 24. Mai und dem 22. August 2020 verzeichnete das Armed Conflict Location &amp; Event Data Project (ACLED) allein in den USA mehr als 7.750 Proteste. Demonstrationen gegen Polizeigewalt fanden auf allen bewohnten Kontinenten und in \u00fcber 60 L\u00e4ndern statt, was den globalen und klassenspezifischen Charakter der polizeilichen Repression unterstreicht. <\/p>\n<p>Floyds Ermordung war der unmittelbare Ausl\u00f6ser f\u00fcr die Massenproteste, doch ihr Ausma\u00df und ihre Dauer spiegeln tiefer liegende soziale Ursachen wider. Jahrzehntelange unkontrollierte Polizeigewalt, zunehmende Ungleichheit und die Gleichg\u00fcltigkeit der Regierung gegen\u00fcber der steigenden Zahl der Todesopfer von Covid-19 hatten ein Pulverfass geschaffen.<\/p>\n<p>Die Reaktion der herrschenden Klasse der USA auf die Massenproteste nahm zwei komplement\u00e4re Formen an: gewaltsame Unterdr\u00fcckung und die F\u00f6rderung einer auf \u201eRace\u201c orientierten Identit\u00e4tspolitik, die darauf abzielte, die Bewegung zu spalten und zum Entgleisen zu bringen.<\/p>\n<p>Unter der ersten Trump-Regierung wurde die Polizei im ganzen Land eingesetzt, um die Demonstrationen mit Unterst\u00fctzung sowohl der demokratischen als auch der republikanischen Bundesstaats- und Lokalregierungen zu zerschlagen. Im Sommer 2020 wurden mehr als 10.000 Menschen wegen ihrer Teilnahme an den \u00fcberwiegend friedlichen Protesten verhaftet. Tausende weitere wurden verletzt, als die Polizei militarisierte Einheiten, Tr\u00e4nengas, Gummigeschosse und andere brutale Taktiken gegen unbewaffnete Demonstranten einsetzte.<\/p>\n<p>In Minnesota verh\u00e4ngte der demokratische B\u00fcrgermeister Jacob Frey eine Ausgangssperre in Minneapolis, w\u00e4hrend der demokratische Gouverneur Tim Walz die Nationalgarde gegen die Demonstranten einsetzte. Letztlich verh\u00e4ngten mehr als 30 Bundesstaaten Ausgangssperren, und mehrere aktivierten Einheiten der Nationalgarde in einer koordinierten Aktion, um die Proteste zu unterdr\u00fccken.<\/p>\n<p><a class=\"db avenir f6 lh-title pa1 br2 tc mw6 mw-75rem-m bg-black-05 mt3 center\" href=\"https:\/\/www.wsws.org\/de\/special\/pages\/international-mayday-online-rally-2025.html?utm_campaign=imd2025&amp;utm_term=article-banner-de\" target=\"_blank\" rel=\"noopener\"><img decoding=\"async\" class=\"dn db-m\" src=\"https:\/\/www.europesays.com\/de\/wp-content\/uploads\/2025\/05\/1748307910_509_7202b309-0152-4e1f-b3a5-9a2ca134b7e0\"\/><img decoding=\"async\" class=\"db dn-m\" src=\"https:\/\/www.europesays.com\/de\/wp-content\/uploads\/2025\/05\/1748307911_470_ce02ee3a-cbae-4ad7-99c8-95cceb4f6e23\"\/><\/a><\/p>\n<p>Aus Angst, dass die Massenbewegung der Kontrolle der Polizei, des Milit\u00e4rs und des politischen Establishments entgleiten k\u00f6nnte, versuchte die Trump-Regierung, einen <a href=\"https:\/\/www.wsws.org\/de\/articles\/2020\/06\/03\/pers-j03.html\" target=\"_blank\" rel=\"noopener\">Staatsstreich<\/a> zu orchestrieren. In einer Ansprache im Rosengarten des Wei\u00dfen Hauses am 1. Juni drohte Trump mit der Anwendung des Aufstandsgesetzes und k\u00fcndigte die Entsendung von \u201eabertausenden schwer bewaffneten Soldaten, Milit\u00e4rs und Ordnungskr\u00e4ften\u201c an, um die Proteste zu unterdr\u00fccken.<\/p>\n<p>Politisch gesehen spielten jedoch die Demokratische Partei und die ihr angeschlossenen Organisationen \u2013 darunter die Democratic Socialists of America \u2013 eine zentrale Rolle dabei, die Massenproteste zum Entgleisen zu bringen, indem sie Identit\u00e4tspolitik f\u00f6rderten, um die Bewegung in harmlose und im Wesentlichen reaktion\u00e4re Bahnen zu lenken.<\/p>\n<p>Dies war der H\u00f6hepunkt des 1619-Projekts, das von der New York Times \u2013 einem Organ der Demokratischen Partei \u2013 im September des Vorjahres ver\u00f6ffentlicht wurde. Ihr rassistisches Narrativ, das die amerikanische Geschichte als einen Kampf zwischen \u201eWei\u00df\u201c und \u201eSchwarz\u201c und nicht als Klassenkampf darstellte, wurde in der Praxis angewandt, um jegliche Klassengrundlage f\u00fcr Polizeimorde zu leugnen und sie stattdessen zu einer blo\u00dfen weiteren Manifestation von \u201esystemischem Rassismus\u201c und \u201ewei\u00dfer Vorherrschaft\u201c zu erkl\u00e4ren.<\/p>\n<p>\u201eBlack Lives Matter\u201c wurde von der Demokratischen Partei, den amerikanischen Unternehmen und den Medien \u00fcbernommen und mit hunderten Millionen Dollar \u00fcberschwemmt.<\/p>\n<p>Die Kampagne zielte darauf ab, die Tatsache zu vertuschen, dass die Mehrheit der von der Polizei get\u00f6teten Menschen in allen L\u00e4ndern zur Arbeiterklasse geh\u00f6rt, arm ist oder unter einer psychischen Krise leidet. W\u00e4hrend rassistische und faschistische Einstellungen in den Polizeibeh\u00f6rden \u2013 und von der herrschenden Klasse in den USA insgesamt \u2013 kultiviert und gef\u00f6rdert werden, fungiert die Polizei als Instrument der Klassenherrschaft. Der kapitalistische Staat verleiht ihr au\u00dferordentliche Befugnisse, um ungestraft zu t\u00f6ten, um das Privateigentum und die Herrschaft der Finanzoligarchie zu verteidigen.<\/p>\n<p>In einem Versuch, die Massenbewegung gegen Polizeigewalt zu sabotieren, nahm die von der Demokratischen Partei gef\u00fchrte identit\u00e4tspolitische <a href=\"https:\/\/www.wsws.org\/de\/articles\/2020\/06\/26\/pers-j26.html\" target=\"_blank\" rel=\"noopener\">Kampagne<\/a> die Amerikanische Revolution und den B\u00fcrgerkrieg ins Visier und forderte, dass im Rahmen eines \u201eRacial Reckoning\u201c Statuen von Thomas Jefferson, George Washington und sogar Abraham Lincoln, dem gro\u00dfen Emanzipator, abgerissen werden.<\/p>\n<p>Der Widerstand gegen Polizeigewalt und Ungleichheit wurde dann in die Pr\u00e4sidentschaftskampagne von Joe Biden und seiner Kandidatin Kamala Harris \u2013 ehemalige Staatsanw\u00e4ltin und Polizeifreundin \u2013 kanalisiert, deren Kandidatur von den Medien und den Funktion\u00e4ren der Demokratischen Partei aufgrund ihrer Herkunft und ihres Geschlechts als \u201ehistorisch\u201c gefeiert wurde.<\/p>\n<p>Nach Trumps gescheitertem faschistischen Putschversuch am 6. Januar 2021 kam Biden als Chef einer von Militarismus und Krieg beherrschten Regierung an die Macht. Die Polizeigewalt hat unterdessen stetig zugenommen.<\/p>\n<p>Floyd war einer von mehr als 1.160 Menschen, die im Jahr 2020 in den Vereinigten Staaten von der Polizei get\u00f6tet wurden. Diese Zahl stieg in den folgenden vier Jahren kontinuierlich an. Im Jahr 2024, dem letzten Jahr der Biden-Regierung, t\u00f6tete die Polizei mindestens 1.226 Menschen \u2013 ein Anstieg um fast 6 Prozent \u2013, wie aus Zahlen hervorgeht, die von Mapping Police Violence zusammengestellt wurden.<\/p>\n<p><a class=\"db avenir f6 lh-title pa1 br2 tc mw6 mw7-l bg-black-05 mt3 center\" href=\"https:\/\/www.wsws.org\/de\/special\/pages\/freebogdan.html\" target=\"_blank\" rel=\"noopener\"><img decoding=\"async\" class=\"dn db-m\" src=\"https:\/\/www.europesays.com\/de\/wp-content\/uploads\/2025\/04\/1744237449_988_7e4eabbf-72c5-4c32-bbe7-fbf358c98be8\"\/><img decoding=\"async\" class=\"db dn-m\" src=\"https:\/\/www.europesays.com\/de\/wp-content\/uploads\/2025\/04\/1744237449_962_0fbce9ab-d2c4-417c-a910-46ad612cfce5\"\/><\/a><\/p>\n<p>Unter Pr\u00e4sident Joe Biden stieg der Reichtum der US-Milliard\u00e4re sprunghaft an, w\u00e4hrend mehr als 300 Millionen Dollar in die Polizeibeh\u00f6rden geflossen sind. Alberne Versprechungen einer \u201eReform\u201c und \u201eRechenschaftspflicht\u201c der Polizei wurden schnell aufgegeben und stattdessen militarisierte \u201e<a href=\"https:\/\/www.wsws.org\/en\/articles\/2025\/05\/14\/nkth-m14.html\" target=\"_blank\" rel=\"noopener\">Polizeist\u00e4dte<\/a>\u201c gegen den Widerstand der Bewohner errichtet.<\/p>\n<p>Nach den Anschl\u00e4gen vom 7. Oktober und den Massenprotesten gegen Israels von den USA unterst\u00fctzten V\u00f6lkermord wurden dieselben Polizeikr\u00e4fte gegen friedliche Demonstranten eingesetzt, die ein Ende des Gemetzels forderten. Biden und die Demokraten schlossen sich ihren republikanischen Kollegen an und diffamierten jeden Widerstand gegen den Massenmord als \u201eAntisemitismus\u201c.<\/p>\n<p>Der Charakter der Biden-Regierung schuf die Voraussetzungen f\u00fcr Trumps R\u00fcckkehr. W\u00e4hrend sie einen historischen Transfer von Reichtum an die herrschende Elite und die Ausweitung des Krieges im Ausland beaufsichtigten, f\u00f6rderten die Demokraten die reaktion\u00e4re Politik von Hautfarbe und Geschlecht, um die Arbeiterklasse zu spalten. Dies bot einen fruchtbaren Boden f\u00fcr Trumps reaktion\u00e4re Demagogie.<\/p>\n<p>Nun, da Trump wieder im Wei\u00dfen Haus sitzt, hat er deutlich gemacht, dass seine Regierung von, durch und f\u00fcr die Oligarchie beabsichtigt, selbst die mickrigsten Ermittlungen des Justizministeriums und Reformen der Polizeibeh\u00f6rden zu demontieren. Gleichzeitig plant sie, die Befugnisse der Einwanderungs-Gestapo massiv auszuweiten, um Massendeportationen durchzuf\u00fchren \u2013 nicht nur von Einwanderern und Studierenden, sondern auch von US-B\u00fcrgern, die sich der Politik des Regimes widersetzen.<\/p>\n<p>Mit der Errichtung einer politischen Diktatur will Trump in seiner zweiten Amtszeit vollenden, was er im Sommer 2020 begonnen hat.<\/p>\n<p>F\u00fcnf Jahre nach dem Polizeimord an George Floyd lautet die zentrale Lehre aus dieser Erfahrung, dass die Demokratische Partei und ihre Satelliten die massenhafte Opposition zum Entgleisen brachte und sich dies als politisch t\u00f6dlich erwiesen hat. Was als Massenprotest begann, wurde in die Sackgasse der Identit\u00e4tspolitik umgelenkt und bot eine politische \u00d6ffnung f\u00fcr die R\u00fcckkehr von Trump und der extremen Rechten.<\/p>\n<p>Die Ereignisse des letzten halben Jahrzehnts haben best\u00e4tigt, dass der Kampf gegen Polizeigewalt untrennbar mit dem Kampf gegen Diktatur, den kapitalistischen Staat und die Finanzoligarchie, die Amerika beherrscht, verbunden ist.<\/p>\n<p>Der Kampf gegen Polizeigewalt muss als Teil des breiteren Kampfes der Arbeiterklasse f\u00fcr die Verteidigung demokratischer Rechte, gegen Faschismus und Krieg und f\u00fcr den Umbau der Gesellschaft auf sozialistischer Grundlage gef\u00fchrt werden. Dies erfordert den Aufbau einer revolution\u00e4ren F\u00fchrung. Wir rufen alle Arbeiter und Jugendlichen, die mit dieser Perspektive \u00fcbereinstimmen, auf, der Socialist Equality Party beizutreten und diesen Kampf aufzunehmen.<\/p>\n","protected":false},"excerpt":{"rendered":"Eine Frau im \u201eSay Their Names\u201c Friedhof in Minneapolis an George Floyds Gedenkst\u00e4tte am 25. Mai 2025, den&hellip;\n","protected":false},"author":2,"featured_media":142421,"comment_status":"","ping_status":"","sticky":false,"template":"","format":"standard","meta":{"footnotes":""},"categories":[3977],"tags":[331,332,50403,13,51541,28086,14,15,25441,51542,12,4017,4018,4016,64,4019,4020],"class_list":{"0":"post-142420","1":"post","2":"type-post","3":"status-publish","4":"format-standard","5":"has-post-thumbnail","7":"category-usa","8":"tag-aktuelle-nachrichten","9":"tag-aktuelle-news","10":"tag-george-floyd","11":"tag-headlines","12":"tag-identitaetspolitik","13":"tag-kapitalismus","14":"tag-nachrichten","15":"tag-news","16":"tag-polizeigewalt","17":"tag-polizeimorde","18":"tag-schlagzeilen","19":"tag-united-states","20":"tag-united-states-of-america","21":"tag-us","22":"tag-usa","23":"tag-vereinigte-staaten","24":"tag-vereinigte-staaten-von-amerika"},"share_on_mastodon":{"url":"https:\/\/pubeurope.com\/@de\/114577114809464478","error":""},"_links":{"self":[{"href":"https:\/\/www.europesays.com\/de\/wp-json\/wp\/v2\/posts\/142420","targetHints":{"allow":["GET"]}}],"collection":[{"href":"https:\/\/www.europesays.com\/de\/wp-json\/wp\/v2\/posts"}],"about":[{"href":"https:\/\/www.europesays.com\/de\/wp-json\/wp\/v2\/types\/post"}],"author":[{"embeddable":true,"href":"https:\/\/www.europesays.com\/de\/wp-json\/wp\/v2\/users\/2"}],"replies":[{"embeddable":true,"href":"https:\/\/www.europesays.com\/de\/wp-json\/wp\/v2\/comments?post=142420"}],"version-history":[{"count":0,"href":"https:\/\/www.europesays.com\/de\/wp-json\/wp\/v2\/posts\/142420\/revisions"}],"wp:featuredmedia":[{"embeddable":true,"href":"https:\/\/www.europesays.com\/de\/wp-json\/wp\/v2\/media\/142421"}],"wp:attachment":[{"href":"https:\/\/www.europesays.com\/de\/wp-json\/wp\/v2\/media?parent=142420"}],"wp:term":[{"taxonomy":"category","embeddable":true,"href":"https:\/\/www.europesays.com\/de\/wp-json\/wp\/v2\/categories?post=142420"},{"taxonomy":"post_tag","embeddable":true,"href":"https:\/\/www.europesays.com\/de\/wp-json\/wp\/v2\/tags?post=142420"}],"curies":[{"name":"wp","href":"https:\/\/api.w.org\/{rel}","templated":true}]}}