{"id":142439,"date":"2025-05-27T01:16:14","date_gmt":"2025-05-27T01:16:14","guid":{"rendered":"https:\/\/www.europesays.com\/de\/142439\/"},"modified":"2025-05-27T01:16:14","modified_gmt":"2025-05-27T01:16:14","slug":"mitarbeiter-von-st-raphael-berichten","status":"publish","type":"post","link":"https:\/\/www.europesays.com\/de\/142439\/","title":{"rendered":"Mitarbeiter von St. Raphael berichten"},"content":{"rendered":"<p class=\"text_ohne_einzug richtext text-em-55 !leading-serif mx-6 desktop:mx-0\">Wenn Christiane Thomas erz\u00e4hlt, was ihre Arbeit ausmacht, h\u00f6rt man bei ihr keine falsche Sentimentalit\u00e4t. \u201eNat\u00fcrlich kommen die Menschen letztlich zum Sterben zu uns\u201c, sagt sie. \u201eAber zun\u00e4chst geht es darum, die verbleibende Zeit zu leben und vielleicht auch noch ein wenig zu genie\u00dfen\u201c. Seit zehn Jahren arbeitet die 57-J\u00e4hrige im Malteser Hospizzentrum St. Raphael. Als stellvertretende Pflegedienstleitung begleitet sie Menschen, f\u00fcr die medizinisch nichts mehr zu tun ist \u2013 au\u00dfer lindern, begleiten, da sein.<\/p>\n","protected":false},"excerpt":{"rendered":"Wenn Christiane Thomas erz\u00e4hlt, was ihre Arbeit ausmacht, h\u00f6rt man bei ihr keine falsche Sentimentalit\u00e4t. \u201eNat\u00fcrlich kommen die&hellip;\n","protected":false},"author":2,"featured_media":142440,"comment_status":"","ping_status":"","sticky":false,"template":"","format":"standard","meta":{"footnotes":""},"categories":[1838],"tags":[18412,39429,3364,29,3715,30,24081,51559,51561,27621,51564,51563,51560,2916,1209,18574,21142,51562,51558,4051,3247],"class_list":{"0":"post-142439","1":"post","2":"type-post","3":"status-publish","4":"format-standard","5":"has-post-thumbnail","7":"category-duisburg","8":"tag-bereich","9":"tag-christiane","10":"tag-de","11":"tag-deutschland","12":"tag-duisburg","13":"tag-germany","14":"tag-hospiz","15":"tag-hospizarbeit","16":"tag-hospizbereich","17":"tag-hospizbewegung","18":"tag-hospizdienst","19":"tag-hospizteam","20":"tag-hospizzentrum","21":"tag-malteser","22":"tag-nordrhein-westfalen","23":"tag-raphael","24":"tag-sterben","25":"tag-straphael","26":"tag-suler","27":"tag-team","28":"tag-thomas"},"share_on_mastodon":{"url":"https:\/\/pubeurope.com\/@de\/114577157983808670","error":""},"_links":{"self":[{"href":"https:\/\/www.europesays.com\/de\/wp-json\/wp\/v2\/posts\/142439","targetHints":{"allow":["GET"]}}],"collection":[{"href":"https:\/\/www.europesays.com\/de\/wp-json\/wp\/v2\/posts"}],"about":[{"href":"https:\/\/www.europesays.com\/de\/wp-json\/wp\/v2\/types\/post"}],"author":[{"embeddable":true,"href":"https:\/\/www.europesays.com\/de\/wp-json\/wp\/v2\/users\/2"}],"replies":[{"embeddable":true,"href":"https:\/\/www.europesays.com\/de\/wp-json\/wp\/v2\/comments?post=142439"}],"version-history":[{"count":0,"href":"https:\/\/www.europesays.com\/de\/wp-json\/wp\/v2\/posts\/142439\/revisions"}],"wp:featuredmedia":[{"embeddable":true,"href":"https:\/\/www.europesays.com\/de\/wp-json\/wp\/v2\/media\/142440"}],"wp:attachment":[{"href":"https:\/\/www.europesays.com\/de\/wp-json\/wp\/v2\/media?parent=142439"}],"wp:term":[{"taxonomy":"category","embeddable":true,"href":"https:\/\/www.europesays.com\/de\/wp-json\/wp\/v2\/categories?post=142439"},{"taxonomy":"post_tag","embeddable":true,"href":"https:\/\/www.europesays.com\/de\/wp-json\/wp\/v2\/tags?post=142439"}],"curies":[{"name":"wp","href":"https:\/\/api.w.org\/{rel}","templated":true}]}}