{"id":142460,"date":"2025-05-27T01:28:04","date_gmt":"2025-05-27T01:28:04","guid":{"rendered":"https:\/\/www.europesays.com\/de\/142460\/"},"modified":"2025-05-27T01:28:04","modified_gmt":"2025-05-27T01:28:04","slug":"vodafone-wird-hauptsponsor-von-borussia-dortmund","status":"publish","type":"post","link":"https:\/\/www.europesays.com\/de\/142460\/","title":{"rendered":"Vodafone wird Hauptsponsor von Borussia Dortmund"},"content":{"rendered":"<p class=\"text_ohne_einzug richtext text-em-55 !leading-serif mx-6 desktop:mx-0\"><a href=\"https:\/\/rp-online.de\/thema\/vodafone\/\" target=\"_blank\" rel=\"noopener\">Vodafone<\/a> Deutschland wird ab der n\u00e4chsten Saison  Hauptsponsor von Borussia <a href=\"https:\/\/rp-online.de\/thema\/dortmund\/\" target=\"_blank\" rel=\"noopener\">Dortmund<\/a>. Das gaben der D\u00fcsseldorfer Telekommunikationskonzern und der Dortmunder Erstligaclub am Montag bekannt. Der Vertrag solle mindestens f\u00fcnf Jahre dauern, so die Vertragspartner. Dabei macht Vodafone ein wichtiges Zugest\u00e4ndnis: Der normalerweise rote Schriftzug wird auf den gelben BVB-Trikots in schwarz geschrieben. Marcel de Groot, Chef von Vodafone Deutschland seit Fr\u00fchjahr 2024, sagt : \u201eWir sind stolz, Teil der BVB-Familie zu werden. Uns verbindet der Wille, jeden Tag besser zu sein als gestern \u2013 auf dem Platz wie im Netz.\u201c Er erg\u00e4nzt, die Partnerschaft sei \u201enicht nur ein Sponsoring\u201c. Sie sei \u201eein Statement f\u00fcr Wachstum und das Zusammengehen zweier Marken mit internationaler Strahlkraft\u201c.<\/p>\n","protected":false},"excerpt":{"rendered":"Vodafone Deutschland wird ab der n\u00e4chsten Saison Hauptsponsor von Borussia Dortmund. Das gaben der D\u00fcsseldorfer Telekommunikationskonzern und der&hellip;\n","protected":false},"author":2,"featured_media":142461,"comment_status":"","ping_status":"","sticky":false,"template":"","format":"standard","meta":{"footnotes":""},"categories":[1833],"tags":[9835,403,3364,365,29,217,30,51569,1209,3678,5272,49867,13089,38308,286,51570,18098],"class_list":{"0":"post-142460","1":"post","2":"type-post","3":"status-publish","4":"format-standard","5":"has-post-thumbnail","7":"category-dortmund","8":"tag-borussia","9":"tag-bvb","10":"tag-de","11":"tag-deal","12":"tag-deutschland","13":"tag-dortmund","14":"tag-germany","15":"tag-hauptsponsor","16":"tag-nordrhein-westfalen","17":"tag-partner","18":"tag-partnerschaft","19":"tag-sponsor","20":"tag-sponsoring","21":"tag-trikots","22":"tag-vertrag","23":"tag-vertragspartner","24":"tag-vodafone"},"share_on_mastodon":{"url":"https:\/\/pubeurope.com\/@de\/114577205082889998","error":""},"_links":{"self":[{"href":"https:\/\/www.europesays.com\/de\/wp-json\/wp\/v2\/posts\/142460","targetHints":{"allow":["GET"]}}],"collection":[{"href":"https:\/\/www.europesays.com\/de\/wp-json\/wp\/v2\/posts"}],"about":[{"href":"https:\/\/www.europesays.com\/de\/wp-json\/wp\/v2\/types\/post"}],"author":[{"embeddable":true,"href":"https:\/\/www.europesays.com\/de\/wp-json\/wp\/v2\/users\/2"}],"replies":[{"embeddable":true,"href":"https:\/\/www.europesays.com\/de\/wp-json\/wp\/v2\/comments?post=142460"}],"version-history":[{"count":0,"href":"https:\/\/www.europesays.com\/de\/wp-json\/wp\/v2\/posts\/142460\/revisions"}],"wp:featuredmedia":[{"embeddable":true,"href":"https:\/\/www.europesays.com\/de\/wp-json\/wp\/v2\/media\/142461"}],"wp:attachment":[{"href":"https:\/\/www.europesays.com\/de\/wp-json\/wp\/v2\/media?parent=142460"}],"wp:term":[{"taxonomy":"category","embeddable":true,"href":"https:\/\/www.europesays.com\/de\/wp-json\/wp\/v2\/categories?post=142460"},{"taxonomy":"post_tag","embeddable":true,"href":"https:\/\/www.europesays.com\/de\/wp-json\/wp\/v2\/tags?post=142460"}],"curies":[{"name":"wp","href":"https:\/\/api.w.org\/{rel}","templated":true}]}}