{"id":142531,"date":"2025-05-27T02:10:12","date_gmt":"2025-05-27T02:10:12","guid":{"rendered":"https:\/\/www.europesays.com\/de\/142531\/"},"modified":"2025-05-27T02:10:12","modified_gmt":"2025-05-27T02:10:12","slug":"animationsfilm-das-kostbarste-aller-gueter-im-caligari","status":"publish","type":"post","link":"https:\/\/www.europesays.com\/de\/142531\/","title":{"rendered":"Animationsfilm \u201eDas kostbarste aller G\u00fcter\u201c im Caligari"},"content":{"rendered":"<p>\t\t\t\t\t\t\t<img decoding=\"async\" id=\"metis-img-pixel\" src=\"https:\/\/www.europesays.com\/de\/wp-content\/uploads\/2025\/05\/70e5bd4edb044258a1771ce83a84d39d.gif\"\/><br \/>\nEin Baby im Schnee, ein Akt der Rettung, ein ber\u00fchrender Film: \u201eDas kostbarste aller G\u00fcter\u201c l\u00e4uft im Caligari, begleitet von Ausstellung und Gespr\u00e4ch.<\/p>\n<p>Ein verschneiter Wald, ein Baby im Schnee, ein vorbeiratternder Zug in Richtung Auschwitz \u2013 mit solchen Szenen entfaltet <strong>Das kostbarste aller G\u00fcter <\/strong>eine Geschichte, die lange nachhallt. Der franz\u00f6sische <strong>Regisseur Michel Hazanavicius<\/strong>, bekannt durch seinen Oscar-pr\u00e4mierten Film\u00a0<strong>The Artist<\/strong>, greift ein Jugendbuch von Jean-Claude Grumberg auf und verwandelt es in einen eindrucksvollen Animationsfilm, der visuell wie emotional ber\u00fchrt.<\/p>\n<blockquote class=\"eventblock\"><p>\n<strong>Caligari Filmb\u00fchne, kurz gefasst<\/strong><\/p>\n<p><strong>Filmvorf\u00fchrung <\/strong>\u2013 Das kostbarste aller G\u00fcter<br \/>\n<strong>Wann:<\/strong> Mittwoch, 28. Mai 2025, 17:30 Uhr<br \/>\n<strong>Wo: <\/strong>Caligari Filmb\u00fchne, Marktplatz 9, Wiesbaden<br \/>\n<strong>Eintritt:<\/strong> 9,00 Euro, erm\u00e4\u00dfig 8,00 Euro<br \/>\n<strong>\u00d6PNV<\/strong> Bspw. Buslinie 4 zum Dern\u2019ischen Gel\u00e4nde und von dort 4 Minuten zu Fu\u00df <\/p>\n<\/blockquote>\n<p>Der Film l\u00e4uft am Mittwoch, 28. Mai, um 17.30 Uhr in der Caligari Filmb\u00fchne. Die Vorf\u00fchrung bildet einen H\u00f6hepunkt im Rahmenprogramm zur Ausstellung <strong><a href=\"https:\/\/wiesbaden-lebt.de\/ausstellung-im-kunsthaus-ich-werde-nicht-schweigen\" rel=\"nofollow noopener\" target=\"_blank\">Ich werde nicht schweigen! Gezeichnete Erinnerung im Comic<\/a><\/strong>, die noch bis zum 13. Juli im Kunsthaus Wiesbaden zu sehen ist.<\/p>\n<p><strong>Grafische Erinnerung, die unter die Haut geht<\/strong><\/p>\n<p>Zur Filmvorf\u00fchrung wird <strong>Jakob Hoffmann<\/strong>, Kurator der Ausstellung, im Kino zu Gast sein. Er bringt einen tieferen Blick auf die k\u00fcnstlerische Aufarbeitung des Holocaust mit. Die Schau im Kunsthaus versammelt Arbeiten der renommierten Illustratoren <strong>Hanna Brinkmann<\/strong>, <strong>Tobi Dahmen<\/strong>, <strong>Nora Krug<\/strong> und <strong>Birgit Weyhe<\/strong> \u2013 sie alle erkunden mit grafischer Pr\u00e4zision und erz\u00e4hlerischem Feingef\u00fchl, wie Erinnerung im Bild zum Leben erwacht.<\/p>\n<p>Zu sehen sind neben Originalzeichnungen auch Skizzen, Recherchen und pers\u00f6nliche Gespr\u00e4che mit den Beteiligten. Die Ausstellung zeigt, wie Comics nicht nur unterhalten, sondern historische Verantwortung \u00fcbernehmen \u2013 leise, eindr\u00fccklich, unvergesslich.<\/p>\n<p><strong>Ein Kind, ein Schicksal, ein Funke Menschlichkei<\/strong>t<\/p>\n<p><strong>Die Handlung des Films f\u00fchrt zur\u00fcck ins Polen des Jahres 1943<\/strong>. Ein Paar, selbst kaum \u00fcberlebensf\u00e4hig, nimmt ein namenloses Baby auf, das jemand aus einem Deportationszug geworfen hat. Eine mutige Tat, die nicht nur ihr Leben, sondern auch das ihrer Mitmenschen ver\u00e4ndern wird. <strong>Das kostbarste aller G\u00fcter<\/strong> entfaltet sich als Gleichnis \u00fcber die stille Gr\u00f6\u00dfe einfacher Menschen \u2013 <strong>eine Hommage an Zivilcourage und das Mitgef\u00fchl<\/strong>, das in dunklen Zeiten aufleuchtet.<\/p>\n<p>Die Deutsche Film- und Medienbewertung zeichnete den Film mit dem Pr\u00e4dikat \u201ebesonders wertvoll\u201c aus \u2013 ein Urteil, das sich nach der Vorstellung kaum jemandem erschlie\u00dfen muss.<\/p>\n<p>Trailer: Das kostbarste aller G\u00fcter<\/p>\n","protected":false},"excerpt":{"rendered":"Ein Baby im Schnee, ein Akt der Rettung, ein ber\u00fchrender Film: \u201eDas kostbarste aller G\u00fcter\u201c l\u00e4uft im Caligari,&hellip;\n","protected":false},"author":2,"featured_media":142532,"comment_status":"","ping_status":"","sticky":false,"template":"","format":"standard","meta":{"footnotes":""},"categories":[1847],"tags":[51581,3364,29,548,663,3934,30,13,2052,95,525,14,15,12,4544],"class_list":{"0":"post-142531","1":"post","2":"type-post","3":"status-publish","4":"format-standard","5":"has-post-thumbnail","7":"category-wiesbaden","8":"tag-caligari-filmbuehne","9":"tag-de","10":"tag-deutschland","11":"tag-eu","12":"tag-europa","13":"tag-europe","14":"tag-germany","15":"tag-headlines","16":"tag-hessen","17":"tag-kino","18":"tag-mitte","19":"tag-nachrichten","20":"tag-news","21":"tag-schlagzeilen","22":"tag-wiesbaden"},"share_on_mastodon":{"url":"https:\/\/pubeurope.com\/@de\/114577370301922208","error":""},"_links":{"self":[{"href":"https:\/\/www.europesays.com\/de\/wp-json\/wp\/v2\/posts\/142531","targetHints":{"allow":["GET"]}}],"collection":[{"href":"https:\/\/www.europesays.com\/de\/wp-json\/wp\/v2\/posts"}],"about":[{"href":"https:\/\/www.europesays.com\/de\/wp-json\/wp\/v2\/types\/post"}],"author":[{"embeddable":true,"href":"https:\/\/www.europesays.com\/de\/wp-json\/wp\/v2\/users\/2"}],"replies":[{"embeddable":true,"href":"https:\/\/www.europesays.com\/de\/wp-json\/wp\/v2\/comments?post=142531"}],"version-history":[{"count":0,"href":"https:\/\/www.europesays.com\/de\/wp-json\/wp\/v2\/posts\/142531\/revisions"}],"wp:featuredmedia":[{"embeddable":true,"href":"https:\/\/www.europesays.com\/de\/wp-json\/wp\/v2\/media\/142532"}],"wp:attachment":[{"href":"https:\/\/www.europesays.com\/de\/wp-json\/wp\/v2\/media?parent=142531"}],"wp:term":[{"taxonomy":"category","embeddable":true,"href":"https:\/\/www.europesays.com\/de\/wp-json\/wp\/v2\/categories?post=142531"},{"taxonomy":"post_tag","embeddable":true,"href":"https:\/\/www.europesays.com\/de\/wp-json\/wp\/v2\/tags?post=142531"}],"curies":[{"name":"wp","href":"https:\/\/api.w.org\/{rel}","templated":true}]}}