{"id":142538,"date":"2025-05-27T02:14:16","date_gmt":"2025-05-27T02:14:16","guid":{"rendered":"https:\/\/www.europesays.com\/de\/142538\/"},"modified":"2025-05-27T02:14:16","modified_gmt":"2025-05-27T02:14:16","slug":"baden-wuerttemberg-kritik-und-demo-kita-geschwister-rabatt-in-karlsruhe-koennte-wegfallen","status":"publish","type":"post","link":"https:\/\/www.europesays.com\/de\/142538\/","title":{"rendered":"Baden-W\u00fcrttemberg: Kritik und Demo: Kita-Geschwister-Rabatt in Karlsruhe k\u00f6nnte wegfallen"},"content":{"rendered":"<p class=\"metatextline\">Stand: 26.05.2025 15:14 Uhr<\/p>\n<p class=\"textabsatz columns twelve  m-ten  m-offset-one l-eight l-offset-two\">\n        <strong>Die Stadt Karlsruhe denkt dar\u00fcber nach, Geschwister-Rabatt in Kitas zu streichen. Die Entscheidung im Gemeinderat wurde vertagt, Eltern wollen trotzdem demonstrieren.<\/strong>\n    <\/p>\n<p class=\"textabsatz m-ten m-offset-one l-eight l-offset-two columns twelve\">\nEs k\u00f6nnte bald finanziell knapper f\u00fcr viele Familien mit mehreren Kindern in Karlsruhe werden: Der Geschwister-Rabatt f\u00fcr Kita-Kinder steht auf der Kippe. Das sorgt f\u00fcr Unmut bei vielen Karlsruher Eltern.<\/p>\n<p>    Kita-Zuschuss: Geschwister konnten in Karlsruhe bisher sparen<\/p>\n<p class=\"textabsatz m-ten m-offset-one l-eight l-offset-two columns twelve\">\nDen Geschwister-Rabatt gibt es in Karlsruhe seit 1998. Wenn Geschwisterkinder dieselbe Kita besuchen, m\u00fcssen Eltern trotzdem nur f\u00fcr ein Kind zahlen. Den Zuschuss bekommen alle Familien, unabh\u00e4ngig von ihrem Einkommen. <a href=\"https:\/\/www.swr.de\/swraktuell\/baden-wuerttemberg\/karlsruhe\/karlsruhe-legt-haushaltsplanung-vor-100.html\" title=\"Bei der Stadt Karlsruhe stehen allerdings weiterhin Sparma\u00dfnahmen auf dem Programm.\" class=\"textlink--extern\" target=\"_blank\" rel=\"noopener nofollow\">Bei der Stadt Karlsruhe stehen allerdings weiterhin Sparma\u00dfnahmen auf dem Programm.<\/a> Eine M\u00f6glichkeit k\u00f6nnte laut Gemeinderat sein, den Geschwister-Rabatt zu streichen.<\/p>\n<blockquote class=\"zitat\">\n<p>\n                    Man schmei\u00dft das Geld zum Fenster raus und jetzt streicht man bei den Familien, die mehr als ein Kind haben, Geld ein. Dabei hie\u00df es ja eigentlich, dass man den Kitabeitrag komplett abschaffen will, wie in der Pfalz.<br \/>\n<strong>Jan Z\u00f6ller, Vater zweiter Kinder und Mitglied des Aktion Vorschulkind e.V.<\/strong><\/p>\n<\/blockquote>\n<p>    Demo in Karlsruhe: Unmut zieht Eltern auf die Stra\u00dfe<\/p>\n<p class=\"textabsatz m-ten m-offset-one l-eight l-offset-two columns twelve\">\nDen Geschwister-Rabatt zu streichen w\u00e4re &#8222;ein absoluter Schlag ins Gesicht&#8220;, so ein betroffener Vater. Familien mit mehr als einem Kind m\u00fcssten mit Mehrkosten von 400 Euro im Monat rechnen. Am Dienstag, den 27. Mai, wollen rund 500 Eltern und Kinder in der Karlsruher Innenstadt gegen die Streichung des Rabatts demonstrieren. Zur Demo aufgerufen hatte der Verein Aktion Vorschulkind mit dem Gesamtelternbeirat der Karlsruher Kindertageseinrichtungen (GKK). Au\u00dferdem gibt es eine Petition des Beirats mit bereits \u00fcber 7.000 Unterschriften.<\/p>\n<p class=\"textabsatz m-ten m-offset-one l-eight l-offset-two columns twelve\">\nDer GKK warnt vor den Folgen fu\u0308r Familien mit mehreren Kindern. Er spricht aber auch von nachgelagerten Konsequenzen fu\u0308r die Stadt Karlsruhe.<\/p>\n<blockquote class=\"zitat\">\n<p>\n                    Wir wollen ein deutliches Zeichen setzen &#8211; gegen pauschale Einsparungen und fu\u0308r Chancengleichheit. Familien sind keine Sparposten, sondern die Grundlage unserer Zukunft.<br \/>\n<strong>Gesamtelternbeirat der Karlsruher Kindertageseinrichtungen (GKK) <\/strong><\/p>\n<\/blockquote>\n<p>    Karlsruher Gemeinderat vertagt Entscheidung<\/p>\n<p class=\"textabsatz m-ten m-offset-one l-eight l-offset-two columns twelve\">\nEigentlich war die Abstimmung \u00fcber die Vorlage zur Streichung des Geschwister-Rabatts im Karlsruher Gemeinderat ebenfalls f\u00fcr den Dienstag geplant. Eine Woche zuvor wurde der Punkt jedoch von der Tagesordnung gestrichen. Einigkeit schien es dort bisher ohnehin nicht zu geben. Unter anderem die Gr\u00fcnen als gr\u00f6\u00dfte Fraktion im Gemeinderat hatten sich gegen die Streichung ausgesprochen. Auch die SPD bezeichnet die Streichung der Geschwisterkindregelung in einem Statement als h\u00f6chst problematisch. Au\u00dferdem wollte die Partei beantragen, die Beratung zur Geschwisterkindregelung erst dann zu verhandeln, wenn alle anderen Sparvorschl\u00e4ge zur Aufhebung der Haushaltssperre vorliegen.<\/p>\n<p>    Mehr zum Thema Sparma\u00dfnahmen der Stadt Karlsruhe<\/p>\n<p>    Mehr zum Thema Kita in Karlsruhe<\/p>\n<p>                                        <a class=\"backlink__link\" href=\"https:\/\/www.swr.de\/swraktuell\/baden-wuerttemberg\/karlsruhe\/kita-sparmassnahme-geschwister-rabatt-kritik-demo-100.html\" rel=\"nofollow noopener\" target=\"_blank\"><\/p>\n<p>                                                <img decoding=\"async\" src=\"https:\/\/www.europesays.com\/de\/wp-content\/uploads\/2025\/04\/lra-swr-logo-100.svg.svg+xml\" alt=\"S\u00fcdwestrundfunk\"\/><\/p>\n<p>                                        <\/a><\/p>\n","protected":false},"excerpt":{"rendered":"Stand: 26.05.2025 15:14 Uhr Die Stadt Karlsruhe denkt dar\u00fcber nach, Geschwister-Rabatt in Kitas zu streichen. Die Entscheidung im&hellip;\n","protected":false},"author":2,"featured_media":142539,"comment_status":"","ping_status":"","sticky":false,"template":"","format":"standard","meta":{"footnotes":""},"categories":[1844],"tags":[1634,3364,29,30,8903,1755],"class_list":{"0":"post-142538","1":"post","2":"type-post","3":"status-publish","4":"format-standard","5":"has-post-thumbnail","7":"category-karlsruhe","8":"tag-baden-wuerttemberg","9":"tag-de","10":"tag-deutschland","11":"tag-germany","12":"tag-karlsruhe","13":"tag-swr"},"share_on_mastodon":{"url":"https:\/\/pubeurope.com\/@de\/114577386023154617","error":""},"_links":{"self":[{"href":"https:\/\/www.europesays.com\/de\/wp-json\/wp\/v2\/posts\/142538","targetHints":{"allow":["GET"]}}],"collection":[{"href":"https:\/\/www.europesays.com\/de\/wp-json\/wp\/v2\/posts"}],"about":[{"href":"https:\/\/www.europesays.com\/de\/wp-json\/wp\/v2\/types\/post"}],"author":[{"embeddable":true,"href":"https:\/\/www.europesays.com\/de\/wp-json\/wp\/v2\/users\/2"}],"replies":[{"embeddable":true,"href":"https:\/\/www.europesays.com\/de\/wp-json\/wp\/v2\/comments?post=142538"}],"version-history":[{"count":0,"href":"https:\/\/www.europesays.com\/de\/wp-json\/wp\/v2\/posts\/142538\/revisions"}],"wp:featuredmedia":[{"embeddable":true,"href":"https:\/\/www.europesays.com\/de\/wp-json\/wp\/v2\/media\/142539"}],"wp:attachment":[{"href":"https:\/\/www.europesays.com\/de\/wp-json\/wp\/v2\/media?parent=142538"}],"wp:term":[{"taxonomy":"category","embeddable":true,"href":"https:\/\/www.europesays.com\/de\/wp-json\/wp\/v2\/categories?post=142538"},{"taxonomy":"post_tag","embeddable":true,"href":"https:\/\/www.europesays.com\/de\/wp-json\/wp\/v2\/tags?post=142538"}],"curies":[{"name":"wp","href":"https:\/\/api.w.org\/{rel}","templated":true}]}}