{"id":142705,"date":"2025-05-27T03:49:09","date_gmt":"2025-05-27T03:49:09","guid":{"rendered":"https:\/\/www.europesays.com\/de\/142705\/"},"modified":"2025-05-27T03:49:09","modified_gmt":"2025-05-27T03:49:09","slug":"pressestimme-handelsblatt-zu-trump-europa-marketscreener-schweiz","status":"publish","type":"post","link":"https:\/\/www.europesays.com\/de\/142705\/","title":{"rendered":"Pressestimme: &#8218;Handelsblatt&#8216; zu Trump\/Europa | MarketScreener Schweiz"},"content":{"rendered":"<p>\n    D\u00dcSSELDORF (dpa-AFX) &#8211; &#8222;Handelsblatt&#8220; zu Trump\/Europa:<\/p>\n<p>    &#8222;Europas St\u00e4rke liegt nicht in sozialen Netzwerken, sondern in Maschinennetzen. Wer versteht, wie ein Roboterarm schwei\u00dft oder wie eine Turbine vibriert, kann mithilfe von KI nicht nur Nutzer analysieren, sondern auch reale Prozesse optimieren. Das ist kein Datengesch\u00e4ft, sondern das n\u00e4chste industrielle Gesch\u00e4ftsmodell. In Europas Fabrikhallen schlummert ein Schatz, der bislang kaum gehoben wurde: industrielle Daten. Maschinen, Produktionsstra\u00dfen und Lieferketten erzeugen in Echtzeit einzigartige Datenstr\u00f6me. Keine andere Region der Welt hat Zugang zu einer derart tiefen industriellen Realit\u00e4t. W\u00e4hrend Unternehmen wie Meta oder Google mit Nutzerprofilen arbeiten, verf\u00fcgen SAP, VW, Siemens oder die Telekom \u00fcber reale Prozessdaten. Sie kennen Temperaturverl\u00e4ufe, Energieverbrauch, Taktzeiten und Fehlerkurven. Genau daraus entsteht der Stoff, aus dem die n\u00e4chste KI-Welle gemacht ist.&#8220;\/DP\/jha<\/p>\n","protected":false},"excerpt":{"rendered":"D\u00dcSSELDORF (dpa-AFX) &#8211; &#8222;Handelsblatt&#8220; zu Trump\/Europa: &#8222;Europas St\u00e4rke liegt nicht in sozialen Netzwerken, sondern in Maschinennetzen. Wer versteht,&hellip;\n","protected":false},"author":2,"featured_media":57136,"comment_status":"","ping_status":"","sticky":false,"template":"","format":"standard","meta":{"footnotes":""},"categories":[3933],"tags":[331,332,665,548,663,158,3934,3935,13,14,15,12],"class_list":{"0":"post-142705","1":"post","2":"type-post","3":"status-publish","4":"format-standard","5":"has-post-thumbnail","7":"category-eu","8":"tag-aktuelle-nachrichten","9":"tag-aktuelle-news","10":"tag-boerse","11":"tag-eu","12":"tag-europa","13":"tag-europaeische-union","14":"tag-europe","15":"tag-european-union","16":"tag-headlines","17":"tag-nachrichten","18":"tag-news","19":"tag-schlagzeilen"},"share_on_mastodon":{"url":"","error":""},"_links":{"self":[{"href":"https:\/\/www.europesays.com\/de\/wp-json\/wp\/v2\/posts\/142705","targetHints":{"allow":["GET"]}}],"collection":[{"href":"https:\/\/www.europesays.com\/de\/wp-json\/wp\/v2\/posts"}],"about":[{"href":"https:\/\/www.europesays.com\/de\/wp-json\/wp\/v2\/types\/post"}],"author":[{"embeddable":true,"href":"https:\/\/www.europesays.com\/de\/wp-json\/wp\/v2\/users\/2"}],"replies":[{"embeddable":true,"href":"https:\/\/www.europesays.com\/de\/wp-json\/wp\/v2\/comments?post=142705"}],"version-history":[{"count":0,"href":"https:\/\/www.europesays.com\/de\/wp-json\/wp\/v2\/posts\/142705\/revisions"}],"wp:featuredmedia":[{"embeddable":true,"href":"https:\/\/www.europesays.com\/de\/wp-json\/wp\/v2\/media\/57136"}],"wp:attachment":[{"href":"https:\/\/www.europesays.com\/de\/wp-json\/wp\/v2\/media?parent=142705"}],"wp:term":[{"taxonomy":"category","embeddable":true,"href":"https:\/\/www.europesays.com\/de\/wp-json\/wp\/v2\/categories?post=142705"},{"taxonomy":"post_tag","embeddable":true,"href":"https:\/\/www.europesays.com\/de\/wp-json\/wp\/v2\/tags?post=142705"}],"curies":[{"name":"wp","href":"https:\/\/api.w.org\/{rel}","templated":true}]}}