{"id":142911,"date":"2025-05-27T05:48:12","date_gmt":"2025-05-27T05:48:12","guid":{"rendered":"https:\/\/www.europesays.com\/de\/142911\/"},"modified":"2025-05-27T05:48:12","modified_gmt":"2025-05-27T05:48:12","slug":"wie-die-streetart-von-angst-yok-berlin-mit-seinen-widerspruechen-konfrontiert","status":"publish","type":"post","link":"https:\/\/www.europesays.com\/de\/142911\/","title":{"rendered":"Wie die Streetart von ANGST YOK Berlin mit seinen Widerspr\u00fcchen konfrontiert"},"content":{"rendered":"<p class=\"tspBWlm tspBWln\">Im morgendlichen Trott, auf dem Weg zur U-Bahn, f\u00e4llt es pl\u00f6tzlich ins Auge: Ein Plakat prangt \u00fcber drei Schaufenstern an einem leerstehenden Haus am U-Bahnhof Kochstra\u00dfe. \u201eGUTE FAKTEN W\u00dcRGEN B\u00d6SE ZUNGEN\u201c steht in roten Lettern auf wei\u00dfem Untergrund. <\/p>\n<p class=\"tspBWlm\">Ein Pl\u00e4doyer f\u00fcr Rationalit\u00e4t und Argumente. Wer polarisieren will, dem ist die Wahrheit oft egal. Kurz bleibt man stehen, denkt nach. Und geht weiter \u2013 irritiert, wach, vielleicht mit einem Grinsen.<\/p>\n<p> Aus dem Trott rei\u00dfen <\/p>\n<p class=\"tspBWlm\">Genau das ist die Intention von ANGST YOK. Die anonyme Gruppe, bestehend aus acht Mitgliedern, arbeitet nicht f\u00fcr Galerien, sondern gegen Gleichg\u00fcltigkeit. \u201eNiemand sollte glauben, mit Kunst die Welt ver\u00e4ndern zu k\u00f6nnen\u201c, sagen sie, \u201eaber wenn jemand wegen unserer Plakate stehenbleibt, lacht oder schluckt, dann funktioniert\u2018s.\u201c <\/p>\n<p class=\"tspBWlm\">Die Arbeiten lassen sich verorten zwischen Street-Art, Satire und <a href=\"https:\/\/www.tagesspiegel.de\/berlin\/adbusting-aktion-an-berliner-bahnhofen-aktivisten-kritisieren-polizeigewalt-mit-uberklebten-plakaten-11942690.html?icid=in-text-link_13709788\" class=\"link link--internal\" data-gtm-class=\"article-text-link\" data-gtm-val=\"internal\" target=\"_blank\" rel=\"noopener\">Adbusting, einer Aktionsform, bei der Werbung im \u00f6ffentlichen Raum verfremdet wird<\/a>, oft zu Ungunsten der eigentlichen Absender. <\/p>\n<p class=\"tspQck\">Empfohlener redaktioneller Inhalt<\/p>\n<p> An dieser Stelle finden Sie einen von unseren Redakteuren ausgew\u00e4hlten, externen Inhalt, der den Artikel f\u00fcr Sie mit zus\u00e4tzlichen Informationen anreichert. Sie k\u00f6nnen sich hier den externen Inhalt mit einem Klick anzeigen lassen oder wieder ausblenden. <\/p>\n<p> Externen Inhalt anzeigen <\/p>\n<p class=\"tspQcq\"> Ich bin damit einverstanden, dass mir der externe Inhalt angezeigt wird. Damit k\u00f6nnen personenbezogene Daten an Drittplattformen \u00fcbermittelt werden.  Mehr Informationen dazu erhalten Sie in den Datenschutz-Einstellungen. Diese finden Sie ganz unten auf unserer Seite im Footer, sodass Sie Ihre Einstellungen jederzeit verwalten oder widerrufen k\u00f6nnen. <\/p>\n<p><img decoding=\"async\" src=\"https:\/\/www.europesays.com\/de\/wp-content\/uploads\/2025\/05\/angst-yok.jpeg\"   alt=\"\" aria-labelledby=\"caption-13739989\" width=\"440\" height=\"330\" loading=\"lazy\" class=\"tspAWhm\"\/> Angst Yok bei der Arbeit, die Buchstaben werden per Hand gezichnet. <\/p>\n<p class=\"tspACfq\"> \u00a9 Janina Wagner <\/p>\n<p class=\"tspBWlm\">Die Gruppe selbst beschreibt ihr Tun als Kunst im \u00f6ffentlichen Raum. Lieber m\u00f6chten sie viele Menschen im Alltag \u00fcberraschen und zum Innehalten bewegen, als nur einen ohnehin kunstinteressierten Kreis in einem Ausstellungsraum zu erreichen. Statt auf verkopfte Thesen und einer \u201eWas will uns das sagen?\u201c-Attit\u00fcde setzen sie auf gr\u00f6\u00dftm\u00f6gliche Reduktion und Sichtbarkeit. Und kapern daf\u00fcr Plakatfl\u00e4chen, die eigentlich f\u00fcr viel Geld vermarktet werden sollen.<\/p>\n<p> Kein D\u00f6ner f\u00fcr Ausl\u00e4nderfeinde <\/p>\n<p class=\"tspBWlm\">Ihr Plakat mit dem Schriftzug \u201eALLES DEUTSCHLAND\u201c h\u00e4ngt an Bushaltestellen und Hausfassaden in Brandenburg. Mit dem Bild von Halloumi und D\u00f6nerfleisch im Brot ist das Plakat Zeugnis einer Gesellschaft, in der sich kultureller Austausch auch in kulinarische Vielfalt widerspiegelt. Wo rechte Diskurse Leitkultur fordern, reicht ANGST YOK ein belegtes Fladenbrot, um zu zeigen, wie einseitig diese Denke ist. Man muss ihnen zustimmen: Wer D\u00f6ner isst, und Diversit\u00e4t verachtet, verdient weder das eine noch das andere.<\/p>\n<p><img decoding=\"async\" src=\"https:\/\/www.europesays.com\/de\/wp-content\/uploads\/2025\/05\/plakat-von-angst-yok.jpeg\" alt=\"\" aria-labelledby=\"caption-13740073\" loading=\"lazy\" class=\"tspAWhm\"\/> Eine Botschaft f\u00fcr Brandenburger. <\/p>\n<p class=\"tspACfq\"> \u00a9 Angst Yok <\/p>\n<p class=\"tspBWlm\">Ihre Ideen ziehen die Gruppenmitglieder aus ihren Notizbucheintr\u00e4gen oder aus Selbstgespr\u00e4chen, erz\u00e4hlen sie. \u201eManchmal ist ein Satz zu lang, dann wird er heruntergebrochen\u201c. Die Worte werden in den Ma\u00dfen des zuvor ausgemessenen Installationsorts mittels eines Projektors auf Papierbahnen \u00fcbertragen und per Hand nachgezeichnet. Geklebt wird tags\u00fcber an leerstehenden oder ungenutzten Orten im \u00f6ffentlichen Raum. <\/p>\n<p><img decoding=\"async\" src=\"https:\/\/www.europesays.com\/de\/wp-content\/uploads\/2025\/05\/1748324891_273_plakat-von-angst-yok.jpeg\" alt=\"\" aria-labelledby=\"caption-13740070\" loading=\"lazy\" class=\"tspAWhm\"\/> Plakat von Angst Yok in der Kochstra\u00dfe. <\/p>\n<p class=\"tspACfq\"> \u00a9 Angst Yok <\/p>\n<p> Auch die Form z\u00e4hlt <\/p>\n<p class=\"tspBWlm\">Die gew\u00e4hlte Typografie ist nicht nur gestalterisches Mittel, sie ist Teil der Aussage. Etwa in einer ihrer provokantesten Aktionen: Kurz vor der Bundestagswahl \u00fcberklebten sie ein AfD-Plakat auf der Frankfurter Allee mit dem Schriftzug \u201ePROPAGANDA IST HEUTE ANDERS\u201c. Die verwendete Frakturschrift \u201eTannenberg\u201c wurde im Nationalsozialismus f\u00fcr Beh\u00f6rdendokumente und \u00c4hnliches genutzt. Unter der Schrift ist eine Maske abgebildet, anstelle der Augen sieht man Patronenh\u00fclsen. <\/p>\n<p class=\"tspBWlm\">Damit bringen sie <a href=\"https:\/\/www.tagesspiegel.de\/politik\/was-die-rechten-in-ostdeutschland-so-erfolgreich-macht-4658068.html?icid=in-text-link_13709788\" class=\"link link--internal\" data-gtm-class=\"article-text-link\" data-gtm-val=\"internal\" target=\"_blank\" rel=\"noopener\">Medieninszenierung, Desinformation und rechte Rhetorik der AfD<\/a> in Bezug zum Nationalsozialismus. Beim Plakatieren wurden die Street-Art-K\u00fcnstler aus den benachbarten H\u00e4usern mit Eiern beworfen, eine Stra\u00dfe weiter warteten zwei Passanten, um ihnen aus Dankbarkeit die Hand zu geben. \u201eDer Kontrast war seltsam\u201c, sagen sie. \u201eAber diese Ambivalenz ist gewollt und beschreibt Berlin besser als jede Sozialstudie\u201c. <\/p>\n<p> Humorlose Kunst \u2013 nein danke <\/p>\n<p class=\"tspBWlm\">ANGST YOK legen den Finger in die Wunde \u2013 und manchmal den ganzen Arm. \u201eKunst, vor allem der mit akademischem Hintergrund, fehlt es an Humor\u201c, konstatieren sie. \u201eViele Menschen scheuen davor zur\u00fcck, kulturelle Fehltritte zu begehen. Aus Angst, jemandem auf die F\u00fc\u00dfe zu treten oder daf\u00fcr ge\u00e4chtet zu werden\u201c. <\/p>\n<p class=\"tspBWlm\">Ihr Humor kann aber auch schnell in beklemmende Ernsthaftigkeit umschlagen, wie bei ihrer Aktion an einem historischen Hinweisschild zur deutschen Teilung an der A111. Aus \u201e1945\u20131990\u201c wird durch eine \u00dcberklebung \u201enach wie vor\u201c. <a href=\"https:\/\/www.tagesspiegel.de\/berlin\/teilung-manifestiert-sich-nicht-immer-in-beton-sie-ist-oft-in-den-kopfen-6856495.html?icid=in-text-link_13709788\" class=\"link link--internal\" data-gtm-class=\"article-text-link\" data-gtm-val=\"internal\" target=\"_blank\" rel=\"noopener\">Die ostdeutsche Erfahrung  \u2013  ein bis heute andauernder Zustand<\/a>.<\/p>\n<p><img decoding=\"async\" src=\"https:\/\/www.europesays.com\/de\/wp-content\/uploads\/2025\/05\/plakat-deutsche-teilung-von-angst-yok.jpeg\" alt=\"\" aria-labelledby=\"caption-13740097\" loading=\"lazy\" class=\"tspAWhm\"\/> Kurz mal der Realit\u00e4t angepasst: Plakat von Angst Yok an der A111. <\/p>\n<p class=\"tspACfq\"> \u00a9 Clemens D\u00f6rr <\/p>\n<p class=\"tspBWlm\">Diese Themen braucht die Gruppe nicht lange zu suchen, sie dr\u00e4ngen sich ihnen im Alltag auf. \u201eWer vorher ein Thema festlegt und sich dann k\u00fcnstlerisch damit besch\u00e4ftigt, war zu lange auf der Kunsthochschule und ist zu wenig U8 oder durch Brandenburg gefahren\u201c. <\/p>\n<p class=\"tspBWlm\">Ihre Kunst will st\u00f6ren. Oder \u2013 wie sie es formulieren \u2013 \u201eeinen fetten Haufen auf den Tisch der kulturellen Samthandschuhe und des gut gemeinten Sicherheitsabstands kacken\u201c.&#13;<\/p>\n<p> Mehr zum Thema bei Tagesspiegel Plus: <a href=\"https:\/\/www.tagesspiegel.de\/berlin\/die-neuen-rechtsextremisten-in-berlin-sie-sind-jung-gewaltaffin-vernetzt--und-radikalisiert-im-turbogang-13688788.html?icid=topic-list_13709788___\" data-gtm-class=\"article-mzt-link\" class=\"tspB7mj\" target=\"_blank\" rel=\"noopener\">Die neuen Rechtsextremisten in Berlin Sie sind jung, gewaltaffin, vernetzt \u2013 und im Internet turbo-radikalisiert <\/a><a href=\"https:\/\/www.tagesspiegel.de\/kultur\/nawalny-war-mein-politischer-vater-warum-russlands-street-art-star-ins-exil-gehen-musste-12623474.html?icid=topic-list_13709788___\" data-gtm-class=\"article-mzt-link\" class=\"tspB7mj\" target=\"_blank\" rel=\"noopener\">\u201eNawalny war mein politischer Vater\u201c Warum Russlands Street-Art-Star ins Exil gehen musste <\/a><a href=\"https:\/\/www.tagesspiegel.de\/politik\/vorwurfe-des-verfassungsschutzes-gegen-die-afd-1108-seiten-einer-partei-wie-wir-sie-leider-kennen-13704640.html?icid=topic-list_13709788___\" data-gtm-class=\"article-mzt-link\" class=\"tspB7mj\" target=\"_blank\" rel=\"noopener\">Vorw\u00fcrfe des Verfassungsschutzes gegen AfD 1108 Seiten einer Partei, wie wir sie leider kennen <\/a><\/p>\n<p class=\"tspBWlm\">Weltverbesserer wollen sie nicht sein. Sie glauben nicht an die revolution\u00e4re Kraft der Kunst. Aber sie glauben an das Stolpern im Alltag, das kurze Innehalten und Gr\u00fcbeln an der Bushaltestelle oder auf dem Weg zur Arbeit. F\u00fcrs Wegschauen ist es dann schon zu sp\u00e4t.&#13;<\/p>\n","protected":false},"excerpt":{"rendered":"Im morgendlichen Trott, auf dem Weg zur U-Bahn, f\u00e4llt es pl\u00f6tzlich ins Auge: Ein Plakat prangt \u00fcber drei&hellip;\n","protected":false},"author":2,"featured_media":142912,"comment_status":"","ping_status":"","sticky":false,"template":"","format":"standard","meta":{"footnotes":""},"categories":[1825],"tags":[186,296,1890,424,531,29,527,30,27668,57,3573],"class_list":{"0":"post-142911","1":"post","2":"type-post","3":"status-publish","4":"format-standard","5":"has-post-thumbnail","7":"category-berlin","8":"tag-afd","9":"tag-berlin","10":"tag-brandenburg","11":"tag-bundestagswahl","12":"tag-charlottenburg-wilmersdorf","13":"tag-deutschland","14":"tag-friedrichshain-kreuzberg","15":"tag-germany","16":"tag-kunst-in-berlin","17":"tag-nationalsozialismus","18":"tag-reinickendorf"},"share_on_mastodon":{"url":"https:\/\/pubeurope.com\/@de\/114578227612456007","error":""},"_links":{"self":[{"href":"https:\/\/www.europesays.com\/de\/wp-json\/wp\/v2\/posts\/142911","targetHints":{"allow":["GET"]}}],"collection":[{"href":"https:\/\/www.europesays.com\/de\/wp-json\/wp\/v2\/posts"}],"about":[{"href":"https:\/\/www.europesays.com\/de\/wp-json\/wp\/v2\/types\/post"}],"author":[{"embeddable":true,"href":"https:\/\/www.europesays.com\/de\/wp-json\/wp\/v2\/users\/2"}],"replies":[{"embeddable":true,"href":"https:\/\/www.europesays.com\/de\/wp-json\/wp\/v2\/comments?post=142911"}],"version-history":[{"count":0,"href":"https:\/\/www.europesays.com\/de\/wp-json\/wp\/v2\/posts\/142911\/revisions"}],"wp:featuredmedia":[{"embeddable":true,"href":"https:\/\/www.europesays.com\/de\/wp-json\/wp\/v2\/media\/142912"}],"wp:attachment":[{"href":"https:\/\/www.europesays.com\/de\/wp-json\/wp\/v2\/media?parent=142911"}],"wp:term":[{"taxonomy":"category","embeddable":true,"href":"https:\/\/www.europesays.com\/de\/wp-json\/wp\/v2\/categories?post=142911"},{"taxonomy":"post_tag","embeddable":true,"href":"https:\/\/www.europesays.com\/de\/wp-json\/wp\/v2\/tags?post=142911"}],"curies":[{"name":"wp","href":"https:\/\/api.w.org\/{rel}","templated":true}]}}