{"id":142921,"date":"2025-05-27T05:54:14","date_gmt":"2025-05-27T05:54:14","guid":{"rendered":"https:\/\/www.europesays.com\/de\/142921\/"},"modified":"2025-05-27T05:54:14","modified_gmt":"2025-05-27T05:54:14","slug":"erftstadt-autoren-stellen-buch-zum-50-des-rhein-erft-kreises-vor","status":"publish","type":"post","link":"https:\/\/www.europesays.com\/de\/142921\/","title":{"rendered":"Erftstadt: Autoren stellen Buch zum 50. des Rhein-Erft-Kreises vor"},"content":{"rendered":"<p class=\"dm-paragraph my-8 dm-article-content-width\" index=\"0\" should-collapse-on-mobile=\"true\" has-padding=\"\" data-v-586984a4=\"\">In einem halben Jahrhundert kann eine ganze Menge passieren. Besondere Ereignisse geschehen, und au\u00dfergew\u00f6hnliche Pers\u00f6nlichkeiten tauchen auf. Das alles in ein Buch zu packen, ist herausfordernd, wie das Ehepaar Gabriele und Bernd Rupprecht herausgefunden hat.<\/p>\n<p class=\"dm-paragraph my-8 dm-article-content-width\" index=\"1\" should-collapse-on-mobile=\"true\" has-padding=\"\" data-v-586984a4=\"\">Zum 50-j\u00e4hrigen Bestehen des Rhein-Erft-Kreises haben die beiden Journalisten das Jubil\u00e4umsbuch \u201eRhein.Erft.Kreis \u2013 Heimatgef\u00fchl seit 1975\u201c geschrieben, das sie jetzt gemeinsam mit Landrat Frank Rock in der Gymnicher M\u00fchle vorgestellt haben. \u201eDas Buch ist immer l\u00e4nger geworden\u201c, sagt Bernd Rupprecht. Am Ende umfasst das Werk 240 Seiten. Mehr als ein Jahr haben die beiden Autoren daran gearbeitet.<\/p>\n<blockquote class=\"dm-blockquote__quote-text\" data-v-3a231a3f=\"\"><p>Wir sind sehr schnell auf herausragende Ereignisse gesto\u00dfen<\/p><\/blockquote>\n<p>Autor Bernd Rupprecht<\/p>\n<p class=\"dm-paragraph my-8 dm-article-content-width\" index=\"3\" should-collapse-on-mobile=\"true\" has-padding=\"\" data-v-586984a4=\"\">Die Arbeit an dem Buch war jedoch f\u00fcr beide Verfasser eine gro\u00dfe Freude. \u201eWir sind sehr schnell auf herausragende Ereignisse gesto\u00dfen\u201c, sagt <a href=\"https:\/\/www.ksta.de\/rhein-erft-kreis-stabwechsel-in-lokalredaktion-offiziell-vollzogen-139443\" rel=\"nofollow noopener\" target=\"_blank\">Bernd Rupprecht<\/a>, ehemaliger Leiter der Redaktion Rhein-Erft dieser Zeitung. Von der Entstehung des Kreises 1975 haben sie sich die Entwicklung bis heute in allen Facetten genau angeschaut. Viele Interviews mit Zeitzeugen bringen dazu Lebendigkeit ins Buch. \u201eWir sind bei den meisten auf offene T\u00fcren gesto\u00dfen\u201c, sagt Gabriele Rupprecht.<\/p>\n<p>Flutkatastrophe: Autoren sprachen mit Betroffenen und Rettungskr\u00e4ften<\/p>\n<p class=\"dm-paragraph my-8 dm-article-content-width\" index=\"5\" should-collapse-on-mobile=\"true\" has-padding=\"\" data-v-586984a4=\"\">Neben den besonderen Pers\u00f6nlichkeiten und wirtschaftlichen Erfolgen der Region haben sie auch auf die tragischen Aspekte der Geschichte geschaut. \u00dcber die gro\u00dfe <a href=\"https:\/\/www.ksta.de\/region\/rhein-erft\/erftstadt\/erftstadt-wie-man-zu-hause-fuer-katastrophen-vorsorgt-1010183\" rel=\"nofollow noopener\" target=\"_blank\">Flutkatastrophe<\/a> haben die Autoren mit Betroffenen und Rettungskr\u00e4ften gesprochen. Auch auf die Geschichte der 300 Stolpersteine, die an die Opfer des Nationalsozialismus im Kreisgebiet erinnern, wird geschaut.<\/p>\n<p class=\"dm-paragraph my-8 dm-article-content-width\" index=\"6\" should-collapse-on-mobile=\"true\" has-padding=\"\" data-v-586984a4=\"\">Veranschaulicht wird alles durch viele Bilder. Ein besonderes Interview gab es mit dem ersten Landrat des Rhein-Erft-Kreises, <a href=\"https:\/\/www.ksta.de\/region\/rhein-erft\/pulheim\/pulheim-trauer-um-cdu-politiker-bernhard-worms-94-jaehrig-gestorben-926377\" rel=\"nofollow noopener\" target=\"_blank\">Bernhard Worms<\/a>, der im vergangenen Dezember im Alter von 94 Jahren gestorben ist. Au\u00dferdem kommen k\u00f6lsche Musikgr\u00f6\u00dfen wie Henning Krautmacher und Sven Welter zu Wort, die im Kreis leben.<\/p>\n<blockquote class=\"dm-blockquote__quote-text\" data-v-3a231a3f=\"\"><p>Das ist ein Buch, das man gerne zur Hand nimmt und das auch mal l\u00e4nger auf dem Tisch liegen bleibt<\/p><\/blockquote>\n<p>Verleger Claus Bachem<\/p>\n<p class=\"dm-paragraph my-8 dm-article-content-width\" index=\"8\" should-collapse-on-mobile=\"true\" has-padding=\"\" data-v-586984a4=\"\">Zudem wird auf die Sportgr\u00f6\u00dfen des Kreises wie die Fu\u00dfballprofis Lukas Podolski, Weltmeister von 2014, aus Bergheim, Florian Wirtz aus Pulheim-Brauweiler und die Rennfahrer Michael und Ralf Schumacher aus Kerpen geschaut.<\/p>\n<p class=\"dm-paragraph my-8 dm-article-content-width\" index=\"9\" should-collapse-on-mobile=\"true\" has-padding=\"\" data-v-586984a4=\"\">Das Buch erscheint im Bachem-Verlag, der vom Erfolg des Werkes fest \u00fcberzeugt ist. Das sagen nicht nur Gesch\u00e4ftsf\u00fchrer Claus Bachem und Lektorin Kerstin Goldbach, sondern das zeigt auch die gro\u00dfe Auflage von mehr als 3000 St\u00fcck. \u201eDas ist ein Buch, das man gerne zur Hand nimmt und das auch mal l\u00e4nger auf dem Tisch liegen bleibt\u201c, sagt Claus Bachem. Dass es einfach nur im Regal verstaubt, glaubt er nicht. Den Austausch zwischen Verlag und Autoren loben beide Seiten.<\/p>\n<p><a href=\"https:\/\/www.ksta.de\/region\/rhein-erft\/erftstadt\/erftstadt-interview-zum-gymnicher-ritt-gut-aufgestellt-1029697\" class=\"dm-imagefeat__imagecontainer dm-imagefeat relative\" data-v-d81621e6=\"\" rel=\"nofollow noopener\" target=\"_blank\"><img decoding=\"async\" width=\"4000\" height=\"2714\" alt=\"Zu sehen sind Reiter mit einer Flagge.\" loading=\"lazy\" onerror=\"this.setAttribute('data-error', 1)\" class=\"dm-imagefeat__image w-full aspect-square sm:aspect-auto aspect-video\" style=\"aspect-ratio:1;\" data-nuxt-pic=\"\" src=\"https:\/\/www.europesays.com\/de\/wp-content\/uploads\/2025\/05\/0903ff39-7e99-4d2b-ab28-07ab471d33d7.jpeg\"  \/><\/a><\/p>\n<p class=\"dm-paragraph my-8 dm-article-content-width\" index=\"11\" should-collapse-on-mobile=\"true\" has-padding=\"\" data-v-586984a4=\"\">Auch Landrat Frank Rock ist vom Buch \u00fcberzeugt. Au\u00dferdem ist er froh, dass es mit Gabriele und Bernd Rupprecht ein Autorenpaar gibt, das fest im Rhein-Erft-Kreis verankert ist. Die Gymnicher M\u00fchle habe man ganz bewusst zur Vorstellung des Jubil\u00e4umswerkes gew\u00e4hlt.\u201eDer Ort hier zeigt Historie, aber mit dem Zentrum f\u00fcr nachhaltige Energie auch den Blick nach vorne\u201c, sagt Rock. Das ist f\u00fcr ihn bezeichnend f\u00fcr den gesamten Rhein-Erft-Kreis.<\/p>\n<p>Das Buch<\/p>\n<p class=\"dm-paragraph my-8 dm-article-content-width\" index=\"14\" should-collapse-on-mobile=\"true\" has-padding=\"\" data-v-586984a4=\"\"><b>\u201eRhein.Erft.Kreis \u2013 Heimatgef\u00fchl seit 1975\u201c<\/b> von Gabriele und Bernd Rupprecht ist f\u00fcr 29,95 Euro im Handel erh\u00e4ltlich.<\/p>\n","protected":false},"excerpt":{"rendered":"In einem halben Jahrhundert kann eine ganze Menge passieren. Besondere Ereignisse geschehen, und au\u00dfergew\u00f6hnliche Pers\u00f6nlichkeiten tauchen auf. Das&hellip;\n","protected":false},"author":2,"featured_media":142922,"comment_status":"","ping_status":"","sticky":false,"template":"","format":"standard","meta":{"footnotes":""},"categories":[1774],"tags":[1784,1785,29,214,30,215],"class_list":{"0":"post-142921","1":"post","2":"type-post","3":"status-publish","4":"format-standard","5":"has-post-thumbnail","7":"category-buecher","8":"tag-books","9":"tag-buecher","10":"tag-deutschland","11":"tag-entertainment","12":"tag-germany","13":"tag-unterhaltung"},"share_on_mastodon":{"url":"https:\/\/pubeurope.com\/@de\/114578251059194670","error":""},"_links":{"self":[{"href":"https:\/\/www.europesays.com\/de\/wp-json\/wp\/v2\/posts\/142921","targetHints":{"allow":["GET"]}}],"collection":[{"href":"https:\/\/www.europesays.com\/de\/wp-json\/wp\/v2\/posts"}],"about":[{"href":"https:\/\/www.europesays.com\/de\/wp-json\/wp\/v2\/types\/post"}],"author":[{"embeddable":true,"href":"https:\/\/www.europesays.com\/de\/wp-json\/wp\/v2\/users\/2"}],"replies":[{"embeddable":true,"href":"https:\/\/www.europesays.com\/de\/wp-json\/wp\/v2\/comments?post=142921"}],"version-history":[{"count":0,"href":"https:\/\/www.europesays.com\/de\/wp-json\/wp\/v2\/posts\/142921\/revisions"}],"wp:featuredmedia":[{"embeddable":true,"href":"https:\/\/www.europesays.com\/de\/wp-json\/wp\/v2\/media\/142922"}],"wp:attachment":[{"href":"https:\/\/www.europesays.com\/de\/wp-json\/wp\/v2\/media?parent=142921"}],"wp:term":[{"taxonomy":"category","embeddable":true,"href":"https:\/\/www.europesays.com\/de\/wp-json\/wp\/v2\/categories?post=142921"},{"taxonomy":"post_tag","embeddable":true,"href":"https:\/\/www.europesays.com\/de\/wp-json\/wp\/v2\/tags?post=142921"}],"curies":[{"name":"wp","href":"https:\/\/api.w.org\/{rel}","templated":true}]}}