{"id":142988,"date":"2025-05-27T06:30:12","date_gmt":"2025-05-27T06:30:12","guid":{"rendered":"https:\/\/www.europesays.com\/de\/142988\/"},"modified":"2025-05-27T06:30:12","modified_gmt":"2025-05-27T06:30:12","slug":"nordex-erhaelt-auftraege-ueber-65-mw-in-frankreich","status":"publish","type":"post","link":"https:\/\/www.europesays.com\/de\/142988\/","title":{"rendered":"Nordex erh\u00e4lt Auftr\u00e4ge \u00fcber 65 MW in Frankreich"},"content":{"rendered":"<p>\n  DOW JONES&#8211;Nordex hat sich in Frankreich zwei Auftr\u00e4ge \u00fcber die Lieferung und Errichtung von Windenergieanlagen f\u00fcr zwei separate Windparks gesichert. Wie der im MDAX und TecDAX notierte Windkraftanlagenhersteller mitteilte, beinhalten die Vertr\u00e4ge die Lieferung von sechs Turbinen mit einer installierten Gesamtleistung von 64,7 MW sowie mehrj\u00e4hrige Service- und Wartungsleistungen. Die Auslieferung und Errichtung der Turbinen f\u00fcr die Windparks in den franz\u00f6sischen D\u00e9partements Morbihan und Aisneare soll Mitte 2026 beginnen. <\/p>\n<p>  Kontakt zum Autor: unternehmen.de@dowjones.com <\/p>\n<p>  DJG\/brb\/mgo <\/p>\n<p>  (END) Dow Jones Newswires<\/p>\n<p>  May 27, 2025 01:38 ET (05:38 GMT)<\/p>\n","protected":false},"excerpt":{"rendered":"DOW JONES&#8211;Nordex hat sich in Frankreich zwei Auftr\u00e4ge \u00fcber die Lieferung und Errichtung von Windenergieanlagen f\u00fcr zwei separate&hellip;\n","protected":false},"author":2,"featured_media":15564,"comment_status":"","ping_status":"","sticky":false,"template":"","format":"standard","meta":{"footnotes":""},"categories":[3974],"tags":[331,332,665,548,663,3934,3980,156,13,14,15,12],"class_list":{"0":"post-142988","1":"post","2":"type-post","3":"status-publish","4":"format-standard","5":"has-post-thumbnail","7":"category-frankreich","8":"tag-aktuelle-nachrichten","9":"tag-aktuelle-news","10":"tag-boerse","11":"tag-eu","12":"tag-europa","13":"tag-europe","14":"tag-france","15":"tag-frankreich","16":"tag-headlines","17":"tag-nachrichten","18":"tag-news","19":"tag-schlagzeilen"},"share_on_mastodon":{"url":"https:\/\/pubeurope.com\/@de\/114578393010237615","error":""},"_links":{"self":[{"href":"https:\/\/www.europesays.com\/de\/wp-json\/wp\/v2\/posts\/142988","targetHints":{"allow":["GET"]}}],"collection":[{"href":"https:\/\/www.europesays.com\/de\/wp-json\/wp\/v2\/posts"}],"about":[{"href":"https:\/\/www.europesays.com\/de\/wp-json\/wp\/v2\/types\/post"}],"author":[{"embeddable":true,"href":"https:\/\/www.europesays.com\/de\/wp-json\/wp\/v2\/users\/2"}],"replies":[{"embeddable":true,"href":"https:\/\/www.europesays.com\/de\/wp-json\/wp\/v2\/comments?post=142988"}],"version-history":[{"count":0,"href":"https:\/\/www.europesays.com\/de\/wp-json\/wp\/v2\/posts\/142988\/revisions"}],"wp:featuredmedia":[{"embeddable":true,"href":"https:\/\/www.europesays.com\/de\/wp-json\/wp\/v2\/media\/15564"}],"wp:attachment":[{"href":"https:\/\/www.europesays.com\/de\/wp-json\/wp\/v2\/media?parent=142988"}],"wp:term":[{"taxonomy":"category","embeddable":true,"href":"https:\/\/www.europesays.com\/de\/wp-json\/wp\/v2\/categories?post=142988"},{"taxonomy":"post_tag","embeddable":true,"href":"https:\/\/www.europesays.com\/de\/wp-json\/wp\/v2\/tags?post=142988"}],"curies":[{"name":"wp","href":"https:\/\/api.w.org\/{rel}","templated":true}]}}