{"id":143009,"date":"2025-05-27T06:42:12","date_gmt":"2025-05-27T06:42:12","guid":{"rendered":"https:\/\/www.europesays.com\/de\/143009\/"},"modified":"2025-05-27T06:42:12","modified_gmt":"2025-05-27T06:42:12","slug":"brueckentag-eingeschraenkte-erreichbarkeiten-der-regionsverwaltung","status":"publish","type":"post","link":"https:\/\/www.europesays.com\/de\/143009\/","title":{"rendered":"Br\u00fcckentag: Eingeschr\u00e4nkte Erreichbarkeiten der Regionsverwaltung"},"content":{"rendered":"<p>\t\t\t\t\t<img width=\"600\" height=\"393\" src=\"https:\/\/www.europesays.com\/de\/wp-content\/uploads\/2025\/05\/Regionshaus.jpg\" class=\"attachment-full size-full wp-post-image\" alt=\"Br\u00fcckentag: Eingeschr\u00e4nkte Erreichbarkeiten der Regionsverwaltung\" decoding=\"async\" fetchpriority=\"high\"  \/><\/p>\n<p>Service am 29. Mai nur eingeschr\u00e4nkt &#8211; Foto: JPH<\/p>\n<p>Einige Dienste der Region Hannover sind am Freitag, 29. Mai, nicht wie an \u00fcblichen Werktagen erreichbar. So bleiben die Beratungsstellen f\u00fcr Eltern, Kinder und Jugendliche der Region an den Standorten Neustadt, Burgdorf und Ronnenberg am Br\u00fcckentag geschlossen. Das gilt auch f\u00fcr valeo, der Beratungsstelle bei sexualisierter Gewalt an Kindern und Jugendlichen in Hannover.<\/p>\n<p>Auch die Gedenkst\u00e4tte Ahlem bleibt an Himmelfahrt und am Br\u00fcckentag f\u00fcr Besucher ganzt\u00e4gig geschlossen. Am Sonntag, 1. Juni, \u00f6ffnet der Erinnerungsort an der Heisterbergallee 10 wieder regul\u00e4r seine T\u00fcren von 11 bis 17 Uhr f\u00fcr Publikum<\/p>\n<p>Das Service Center hat am Br\u00fcckentag nur f\u00fcr die Kunden ge\u00f6ffnet, die f\u00fcr diesen Tag einen Termin gebucht haben. Das Serviceb\u00fcro Bauen ist an diesem Tag ausschlie\u00dflich telefonisch und per E-Mail erreichbar.<\/p>\n<p>Anzeige<br \/><a href=\"https:\/\/www.sehnde-news.de\/region_hannover\/brueckentag-eingeschraenkte-erreichbarkeiten-der-regionsverwaltung\/mailto:anzeigen@sehnde-news.de?subject=Anzeigen-Anfrage\" target=\"_blank\" rel=\"noopener\"><img decoding=\"async\" src=\"https:\/\/www.europesays.com\/de\/wp-content\/uploads\/2025\/04\/Eigenwerbung_grau768x200.png\" alt=\"Werben Sie bei Sehnde-News\"\/><\/a><\/p>\n","protected":false},"excerpt":{"rendered":"Service am 29. Mai nur eingeschr\u00e4nkt &#8211; Foto: JPH Einige Dienste der Region Hannover sind am Freitag, 29.&hellip;\n","protected":false},"author":2,"featured_media":143010,"comment_status":"","ping_status":"","sticky":false,"template":"","format":"standard","meta":{"footnotes":""},"categories":[1836],"tags":[3364,29,30,46,1411,7305,17075],"class_list":{"0":"post-143009","1":"post","2":"type-post","3":"status-publish","4":"format-standard","5":"has-post-thumbnail","7":"category-hannover","8":"tag-de","9":"tag-deutschland","10":"tag-germany","11":"tag-hannover","12":"tag-niedersachsen","13":"tag-region-hannover","14":"tag-verwaltung"},"share_on_mastodon":{"url":"https:\/\/pubeurope.com\/@de\/114578439925015605","error":""},"_links":{"self":[{"href":"https:\/\/www.europesays.com\/de\/wp-json\/wp\/v2\/posts\/143009","targetHints":{"allow":["GET"]}}],"collection":[{"href":"https:\/\/www.europesays.com\/de\/wp-json\/wp\/v2\/posts"}],"about":[{"href":"https:\/\/www.europesays.com\/de\/wp-json\/wp\/v2\/types\/post"}],"author":[{"embeddable":true,"href":"https:\/\/www.europesays.com\/de\/wp-json\/wp\/v2\/users\/2"}],"replies":[{"embeddable":true,"href":"https:\/\/www.europesays.com\/de\/wp-json\/wp\/v2\/comments?post=143009"}],"version-history":[{"count":0,"href":"https:\/\/www.europesays.com\/de\/wp-json\/wp\/v2\/posts\/143009\/revisions"}],"wp:featuredmedia":[{"embeddable":true,"href":"https:\/\/www.europesays.com\/de\/wp-json\/wp\/v2\/media\/143010"}],"wp:attachment":[{"href":"https:\/\/www.europesays.com\/de\/wp-json\/wp\/v2\/media?parent=143009"}],"wp:term":[{"taxonomy":"category","embeddable":true,"href":"https:\/\/www.europesays.com\/de\/wp-json\/wp\/v2\/categories?post=143009"},{"taxonomy":"post_tag","embeddable":true,"href":"https:\/\/www.europesays.com\/de\/wp-json\/wp\/v2\/tags?post=143009"}],"curies":[{"name":"wp","href":"https:\/\/api.w.org\/{rel}","templated":true}]}}